{"id":2196,"date":"2009-06-01T11:35:56","date_gmt":"2009-06-01T15:35:56","guid":{"rendered":"http:\/\/www.redenoticia.com.br\/noticia\/?p=2196"},"modified":"2009-06-01T21:49:11","modified_gmt":"2009-06-02T01:49:11","slug":"parentes-serao-os-primeiros-a-ter-acesso-a-nomes-de-passageiros-de-aviao-desaparecido","status":"publish","type":"post","link":"https:\/\/migracao.redenoticia.com.br\/noticia\/2009\/parentes-serao-os-primeiros-a-ter-acesso-a-nomes-de-passageiros-de-aviao-desaparecido\/2196","title":{"rendered":"Parentes ser\u00e3o os primeiros a ter acesso a nomes de passageiros de avi\u00e3o desaparecido"},"content":{"rendered":"<p class=\"MsoNormal\"><strong><\/strong><span style=\"font-size: 10pt; font-family: Arial;\">A lista de passageiros do Airbus A330 que desapareceu a cerca de 560 quil\u00f4metros da costa brasileira quando seguia em dire\u00e7\u00e3o a Paris s\u00f3 dever\u00e1 ser divulgada pela companhia Air France depois que os parentes forem comunicados e a nacionalidade dos 216 passageiros for checada com a Pol\u00edcia Federal brasileira. N\u00e3o h\u00e1 previs\u00e3o do hor\u00e1rio em que a imprensa ter\u00e1 acesso aos nomes.<\/p>\n<p>Um gabinete de crise das autoridades brasileiras e da companhia a\u00e9rea foi montado no Aeroporto Internacional Antonio Carlos Jobim. No Aeroporto Charles De Gaulle, em Paris, tamb\u00e9m foi instalado um gabinete. A Air France est\u00e1 acomodando parentes dos passageiros em um hotel no Rio, onde eles v\u00e3o receber assist\u00eancia.<\/p>\n<p>O avi\u00e3o fazia o voo AF 447 e desapareceu dos radares na madrugada de hoje (1\u00ba). O \u00faltimo contato com o controle a\u00e9reo brasileiro foi feito por volta das 22h30 de ontem (31), hor\u00e1rio de Bras\u00edlia. A aeronave deveria ter pousado em Paris por volta das 6h de hoje (1\u00ba), hor\u00e1rio de Bras\u00edlia.<\/p>\n<p>Os telefones divulgados pela Ag\u00eancia Nacional de Avia\u00e7\u00e3o Civil (Anac) para que os parentes dos passageiros possam buscar informa\u00e7\u00f5es \u00e9 (61) 3366 9303 e (61) 3366 9307. Os n\u00fameros fornecidos pela Air France s\u00e3o 0800 881 2020, no Brasil, e 00 XX 33 1 5702 1055, em Paris.<\/span><\/p>\n<p class=\"MsoNormal\" style=\"margin-bottom: 12pt;\"><span style=\"font-size: 10pt; font-family: Arial;\">Mariana Jungmann<br \/>\n<em>Rep\u00f3rter da Ag\u00eancia Brasil<\/em> <\/span><\/p>\n","protected":false},"excerpt":{"rendered":"<p>A lista de passageiros do Airbus A330 que desapareceu a cerca de 560 quil\u00f4metros da costa brasileira quando seguia em dire\u00e7\u00e3o a Paris s\u00f3 dever\u00e1 ser divulgada pela companhia Air France depois que os parentes forem comunicados e a nacionalidade dos 216 passageiros for checada com a Pol\u00edcia Federal brasileira. N\u00e3o h\u00e1 previs\u00e3o do hor\u00e1rio [&hellip;]<\/p>\n","protected":false},"author":3,"featured_media":0,"comment_status":"open","ping_status":"open","sticky":false,"template":"","format":"standard","meta":{"tdm_status":"","tdm_grid_status":"","footnotes":""},"categories":[22],"tags":[],"class_list":{"0":"post-2196","1":"post","2":"type-post","3":"status-publish","4":"format-standard","6":"category-brasil"},"_links":{"self":[{"href":"https:\/\/migracao.redenoticia.com.br\/noticia\/wp-json\/wp\/v2\/posts\/2196","targetHints":{"allow":["GET"]}}],"collection":[{"href":"https:\/\/migracao.redenoticia.com.br\/noticia\/wp-json\/wp\/v2\/posts"}],"about":[{"href":"https:\/\/migracao.redenoticia.com.br\/noticia\/wp-json\/wp\/v2\/types\/post"}],"author":[{"embeddable":true,"href":"https:\/\/migracao.redenoticia.com.br\/noticia\/wp-json\/wp\/v2\/users\/3"}],"replies":[{"embeddable":true,"href":"https:\/\/migracao.redenoticia.com.br\/noticia\/wp-json\/wp\/v2\/comments?post=2196"}],"version-history":[{"count":0,"href":"https:\/\/migracao.redenoticia.com.br\/noticia\/wp-json\/wp\/v2\/posts\/2196\/revisions"}],"wp:attachment":[{"href":"https:\/\/migracao.redenoticia.com.br\/noticia\/wp-json\/wp\/v2\/media?parent=2196"}],"wp:term":[{"taxonomy":"category","embeddable":true,"href":"https:\/\/migracao.redenoticia.com.br\/noticia\/wp-json\/wp\/v2\/categories?post=2196"},{"taxonomy":"post_tag","embeddable":true,"href":"https:\/\/migracao.redenoticia.com.br\/noticia\/wp-json\/wp\/v2\/tags?post=2196"}],"curies":[{"name":"wp","href":"https:\/\/api.w.org\/{rel}","templated":true}]}}