{"id":2197,"date":"2009-06-01T11:49:24","date_gmt":"2009-06-01T15:49:24","guid":{"rendered":"http:\/\/www.redenoticia.com.br\/noticia\/?p=2197"},"modified":"2009-06-01T11:49:24","modified_gmt":"2009-06-01T15:49:24","slug":"sessao-da-camara-de-ji-parana-comeca-a-discutir-ldo","status":"publish","type":"post","link":"https:\/\/migracao.redenoticia.com.br\/noticia\/2009\/sessao-da-camara-de-ji-parana-comeca-a-discutir-ldo\/2197","title":{"rendered":"Sess\u00e3o da camara de Ji-Paran\u00e1 come\u00e7a a discutir LDO"},"content":{"rendered":"<p>Nesta ter\u00e7a (02) os vereadores come\u00e7am a analisar a Lei de Diretrizes do Or\u00e7amento de 2010.<\/p>\n<p>Outra quest\u00e3o que entrar\u00e1 na pauta em primeira vota\u00e7\u00e3o diz respeito aos pneus inserv\u00edveis. Os pneus abandonados, al\u00e9m de provocarem s\u00e9rio problema ambiental, especialmente  quando queimados ao ar livre, com emiss\u00f5es t\u00f3xicas, s\u00e3o dep\u00f3sitos de mosquitos  que causam doen\u00e7as como a dengue.<\/p>\n<p>A libera\u00e7\u00e3o de R$ 4.000,00 para o campeonato Impacto de Katate, suspensa por falta de documentos na \u00faltima sess\u00e3o,\u00a0 ainda n\u00e3o entrou na pauta mas deve ser votada com urgencia, uma vez que o campeonato ser\u00e1 no pr\u00f3ximo final de semana.<\/p>\n","protected":false},"excerpt":{"rendered":"<p>Nesta ter\u00e7a (02) os vereadores come\u00e7am a analisar a Lei de Diretrizes do Or\u00e7amento de 2010. Outra quest\u00e3o que entrar\u00e1 na pauta em primeira vota\u00e7\u00e3o diz respeito aos pneus inserv\u00edveis. Os pneus abandonados, al\u00e9m de provocarem s\u00e9rio problema ambiental, especialmente quando queimados ao ar livre, com emiss\u00f5es t\u00f3xicas, s\u00e3o dep\u00f3sitos de mosquitos que causam doen\u00e7as [&hellip;]<\/p>\n","protected":false},"author":3,"featured_media":0,"comment_status":"open","ping_status":"open","sticky":false,"template":"","format":"standard","meta":{"tdm_status":"","tdm_grid_status":"","footnotes":""},"categories":[22],"tags":[],"class_list":{"0":"post-2197","1":"post","2":"type-post","3":"status-publish","4":"format-standard","6":"category-brasil"},"_links":{"self":[{"href":"https:\/\/migracao.redenoticia.com.br\/noticia\/wp-json\/wp\/v2\/posts\/2197","targetHints":{"allow":["GET"]}}],"collection":[{"href":"https:\/\/migracao.redenoticia.com.br\/noticia\/wp-json\/wp\/v2\/posts"}],"about":[{"href":"https:\/\/migracao.redenoticia.com.br\/noticia\/wp-json\/wp\/v2\/types\/post"}],"author":[{"embeddable":true,"href":"https:\/\/migracao.redenoticia.com.br\/noticia\/wp-json\/wp\/v2\/users\/3"}],"replies":[{"embeddable":true,"href":"https:\/\/migracao.redenoticia.com.br\/noticia\/wp-json\/wp\/v2\/comments?post=2197"}],"version-history":[{"count":0,"href":"https:\/\/migracao.redenoticia.com.br\/noticia\/wp-json\/wp\/v2\/posts\/2197\/revisions"}],"wp:attachment":[{"href":"https:\/\/migracao.redenoticia.com.br\/noticia\/wp-json\/wp\/v2\/media?parent=2197"}],"wp:term":[{"taxonomy":"category","embeddable":true,"href":"https:\/\/migracao.redenoticia.com.br\/noticia\/wp-json\/wp\/v2\/categories?post=2197"},{"taxonomy":"post_tag","embeddable":true,"href":"https:\/\/migracao.redenoticia.com.br\/noticia\/wp-json\/wp\/v2\/tags?post=2197"}],"curies":[{"name":"wp","href":"https:\/\/api.w.org\/{rel}","templated":true}]}}