{"id":219879,"date":"2022-05-12T15:58:22","date_gmt":"2022-05-12T18:58:22","guid":{"rendered":"https:\/\/www.redenoticia.com.br\/noticia\/?p=219879"},"modified":"2022-05-12T15:58:22","modified_gmt":"2022-05-12T18:58:22","slug":"resumo-pantanal-13-05-o-velho-do-rio-chama-jove-de-neto","status":"publish","type":"post","link":"https:\/\/migracao.redenoticia.com.br\/noticia\/2022\/resumo-pantanal-13-05-o-velho-do-rio-chama-jove-de-neto\/219879","title":{"rendered":"Resumo \u201cPantanal\u201d 13\/05: O Velho do Rio chama Jove de neto"},"content":{"rendered":"<p><img loading=\"lazy\" decoding=\"async\" class=\"aligncenter size-full wp-image-217356\" src=\"https:\/\/migracao.redenoticia.com.br\/noticia\/imagens\/pantanal_rei_do_gado_2022.jpg\" alt=\"\" width=\"1280\" height=\"720\" srcset=\"https:\/\/migracao.redenoticia.com.br\/noticia\/imagens\/pantanal_rei_do_gado_2022.jpg 1280w, https:\/\/migracao.redenoticia.com.br\/noticia\/imagens\/pantanal_rei_do_gado_2022-250x140.jpg 250w, https:\/\/migracao.redenoticia.com.br\/noticia\/imagens\/pantanal_rei_do_gado_2022-400x225.jpg 400w, https:\/\/migracao.redenoticia.com.br\/noticia\/imagens\/pantanal_rei_do_gado_2022-768x432.jpg 768w, https:\/\/migracao.redenoticia.com.br\/noticia\/imagens\/pantanal_rei_do_gado_2022-150x84.jpg 150w\" sizes=\"auto, (max-width: 1280px) 100vw, 1280px\" \/><\/p>\n<p><strong><em>Resumo da novela \u201cPantanal\u201d<\/em><\/strong> em 13\/05: no cap\u00edtulo 041(*) da novela, Trindade diz a Jos\u00e9 Le\u00f4ncio que o Velho do Rio poder ser Joventino. Jos\u00e9 Le\u00f4ncio conta para Tib\u00e9rio a hist\u00f3ria que viveu com Generosa. O Velho do Rio observa Jos\u00e9 Le\u00f4ncio. Trindade alerta Levi sobre Tib\u00e9rio. Nayara posta uma mensagem sincera em seu perfil, que repercute na rede social.<\/p>\n<p>Os funcion\u00e1rios de Mariana reclamam do sal\u00e1rio. Juma avisa a Jove que ele est\u00e1 livre para ir embora. Fil\u00f3 diz a Jos\u00e9 Le\u00f4ncio que o fazendeiro deveria agradecer por ter dois filhos que n\u00e3o brigam por heran\u00e7a. O Velho do Rio chama Jove de neto. Jove deixa Juma, Jos\u00e9 Le\u00f4ncio, Muda e Tib\u00e9rio estupefatos ao aparecer galopando sobre um cavalo.<\/p>\n<p>(*) edi\u00e7\u00e3o das novelas do SBT, \u201cPantanal\u201d, sujeito a altera\u00e7\u00e3o de data e conte\u00fado.<\/p>\n<p>Sinopse \u201cPantanal\u201d: O tronco central acompanha o velho Joventino (Irandhir Santos) e seu filho, Jos\u00e9 Le\u00f4ncio (Renato G\u00f3es\/Marcos Palmeira). Confiando no conceito de que &#8220;a natureza pode mais que o homem&#8221;, Joventino acaba se tornando o maior pe\u00e3o do Pantanal e ficou famoso por trazer os bois selvagens, os ditos marru\u00e1s, no feiti\u00e7o. Por\u00e9m, foi logo ap\u00f3s essa compreens\u00e3o que Joventino desapareceu, sem deixar rastros, e abandonou o filho.<\/p>\n","protected":false},"excerpt":{"rendered":"<p>Resumo da novela \u201cPantanal\u201d em 13\/05: no cap\u00edtulo 041(*) da novela, Trindade diz a Jos\u00e9 Le\u00f4ncio que o Velho do Rio poder ser Joventino. Jos\u00e9 Le\u00f4ncio conta para Tib\u00e9rio a hist\u00f3ria que viveu com Generosa. O Velho do Rio observa Jos\u00e9 Le\u00f4ncio. Trindade alerta Levi sobre Tib\u00e9rio. Nayara posta uma mensagem sincera em seu perfil, [&hellip;]<\/p>\n","protected":false},"author":4,"featured_media":217355,"comment_status":"closed","ping_status":"closed","sticky":false,"template":"","format":"standard","meta":{"tdm_status":"","tdm_grid_status":"","footnotes":""},"categories":[379,2260,375,2025,343],"tags":[441],"class_list":{"0":"post-219879","1":"post","2":"type-post","3":"status-publish","4":"format-standard","5":"has-post-thumbnail","7":"category-novelas","8":"category-pantanal","9":"category-rede-globo","10":"category-resumo","11":"category-televisao","12":"tag-resumo-do-dia"},"_links":{"self":[{"href":"https:\/\/migracao.redenoticia.com.br\/noticia\/wp-json\/wp\/v2\/posts\/219879","targetHints":{"allow":["GET"]}}],"collection":[{"href":"https:\/\/migracao.redenoticia.com.br\/noticia\/wp-json\/wp\/v2\/posts"}],"about":[{"href":"https:\/\/migracao.redenoticia.com.br\/noticia\/wp-json\/wp\/v2\/types\/post"}],"author":[{"embeddable":true,"href":"https:\/\/migracao.redenoticia.com.br\/noticia\/wp-json\/wp\/v2\/users\/4"}],"replies":[{"embeddable":true,"href":"https:\/\/migracao.redenoticia.com.br\/noticia\/wp-json\/wp\/v2\/comments?post=219879"}],"version-history":[{"count":0,"href":"https:\/\/migracao.redenoticia.com.br\/noticia\/wp-json\/wp\/v2\/posts\/219879\/revisions"}],"wp:featuredmedia":[{"embeddable":true,"href":"https:\/\/migracao.redenoticia.com.br\/noticia\/wp-json\/wp\/v2\/media\/217355"}],"wp:attachment":[{"href":"https:\/\/migracao.redenoticia.com.br\/noticia\/wp-json\/wp\/v2\/media?parent=219879"}],"wp:term":[{"taxonomy":"category","embeddable":true,"href":"https:\/\/migracao.redenoticia.com.br\/noticia\/wp-json\/wp\/v2\/categories?post=219879"},{"taxonomy":"post_tag","embeddable":true,"href":"https:\/\/migracao.redenoticia.com.br\/noticia\/wp-json\/wp\/v2\/tags?post=219879"}],"curies":[{"name":"wp","href":"https:\/\/api.w.org\/{rel}","templated":true}]}}