{"id":220002,"date":"2022-05-16T15:07:31","date_gmt":"2022-05-16T18:07:31","guid":{"rendered":"https:\/\/www.redenoticia.com.br\/noticia\/?p=220002"},"modified":"2022-05-16T15:07:31","modified_gmt":"2022-05-16T18:07:31","slug":"resumo-poliana-moca-17-05-otto-descobre-que-poliana-e-joao-se-beijaram","status":"publish","type":"post","link":"https:\/\/migracao.redenoticia.com.br\/noticia\/2022\/resumo-poliana-moca-17-05-otto-descobre-que-poliana-e-joao-se-beijaram\/220002","title":{"rendered":"Resumo \u201cPoliana Mo\u00e7a\u201d 17\/05: Otto descobre que Poliana e Jo\u00e3o se beijaram"},"content":{"rendered":"<p><img loading=\"lazy\" decoding=\"async\" class=\"aligncenter size-full wp-image-217353\" src=\"https:\/\/migracao.redenoticia.com.br\/noticia\/imagens\/poliana_moca_elenco.jpg\" alt=\"\" width=\"1280\" height=\"720\" srcset=\"https:\/\/migracao.redenoticia.com.br\/noticia\/imagens\/poliana_moca_elenco.jpg 1280w, https:\/\/migracao.redenoticia.com.br\/noticia\/imagens\/poliana_moca_elenco-250x140.jpg 250w, https:\/\/migracao.redenoticia.com.br\/noticia\/imagens\/poliana_moca_elenco-400x225.jpg 400w, https:\/\/migracao.redenoticia.com.br\/noticia\/imagens\/poliana_moca_elenco-768x432.jpg 768w, https:\/\/migracao.redenoticia.com.br\/noticia\/imagens\/poliana_moca_elenco-150x84.jpg 150w\" sizes=\"auto, (max-width: 1280px) 100vw, 1280px\" \/><\/p>\n<p><strong><em>Resumo da novela \u201cPoliana Mo\u00e7a\u201d<\/em><\/strong> em 17\/05: no cap\u00edtulo 042(*) da novela, T\u00e2nia janta com Otto e Poliana; ela conta uma hist\u00f3ria surpreendente e triste sobre seu marido e sua filha. Poliana revela para Otto que beijou Jo\u00e3o. Marcelo e Lu\u00edsa compartilham com Gl\u00f3ria sobre o progresso com o m\u00e9dico em rela\u00e7\u00e3o a fertiliza\u00e7\u00e3o in vitro.<\/p>\n<p>Marcelo conversa com Luigi e fala para retirar a cena do beijo, pois vai contra o posicionamento da escola. Pedro sofre bullying e Lorena v\u00ea a cena. Brena e Raquel v\u00e3o para a entrevista de emprego. Mario aconselha Pedro sobre viol\u00eancia que est\u00e1 recebendo. Violeta e Waldisney continuam tentando consertar a pe\u00e7a \u201cgrilo\u201d;<\/p>\n<p>Violeta sai do esconderijo em busca de material para o circuito do \u201cgrilo\u201d. \u00c9ric grava cena com Poliana, em que deveria morder o pesco\u00e7o da garota; Jo\u00e3o fica incomodado com o take. Otto conta para Marcelo sobre o beijo de Poliana e fica surpreso que at\u00e9 o irm\u00e3o j\u00e1 sabia.<\/p>\n<p>(*) edi\u00e7\u00e3o das novelas do SBT, \u201cPoliana Mo\u00e7a\u201d, sujeito a altera\u00e7\u00e3o de data e conte\u00fado.<\/p>\n<p>Sinopse \u201cPoliana Mo\u00e7a\u201d: Poliana (Sophia Valverde), agora com 15 anos, precisa enfrentar os dilemas t\u00edpicos da adolesc\u00eancia, como os dramas escolares, os planos para o futuro e a descoberta do amor entre o ex-valent\u00e3o Eric (Lucas Burgatti) e seu melhor amigo Jo\u00e3o (Igor Jansen), encontrando em Helena (Lu\u00edsa Bresser) uma rival no cora\u00e7\u00e3o dos dois.<\/p>\n","protected":false},"excerpt":{"rendered":"<p>Resumo da novela \u201cPoliana Mo\u00e7a\u201d em 17\/05: no cap\u00edtulo 042(*) da novela, T\u00e2nia janta com Otto e Poliana; ela conta uma hist\u00f3ria surpreendente e triste sobre seu marido e sua filha. Poliana revela para Otto que beijou Jo\u00e3o. Marcelo e Lu\u00edsa compartilham com Gl\u00f3ria sobre o progresso com o m\u00e9dico em rela\u00e7\u00e3o a fertiliza\u00e7\u00e3o in [&hellip;]<\/p>\n","protected":false},"author":4,"featured_media":217354,"comment_status":"closed","ping_status":"closed","sticky":false,"template":"","format":"standard","meta":{"tdm_status":"","tdm_grid_status":"","footnotes":""},"categories":[379,2259,2025,372,343],"tags":[441],"class_list":{"0":"post-220002","1":"post","2":"type-post","3":"status-publish","4":"format-standard","5":"has-post-thumbnail","7":"category-novelas","8":"category-poliana-moca","9":"category-resumo","10":"category-sbt","11":"category-televisao","12":"tag-resumo-do-dia"},"_links":{"self":[{"href":"https:\/\/migracao.redenoticia.com.br\/noticia\/wp-json\/wp\/v2\/posts\/220002","targetHints":{"allow":["GET"]}}],"collection":[{"href":"https:\/\/migracao.redenoticia.com.br\/noticia\/wp-json\/wp\/v2\/posts"}],"about":[{"href":"https:\/\/migracao.redenoticia.com.br\/noticia\/wp-json\/wp\/v2\/types\/post"}],"author":[{"embeddable":true,"href":"https:\/\/migracao.redenoticia.com.br\/noticia\/wp-json\/wp\/v2\/users\/4"}],"replies":[{"embeddable":true,"href":"https:\/\/migracao.redenoticia.com.br\/noticia\/wp-json\/wp\/v2\/comments?post=220002"}],"version-history":[{"count":0,"href":"https:\/\/migracao.redenoticia.com.br\/noticia\/wp-json\/wp\/v2\/posts\/220002\/revisions"}],"wp:featuredmedia":[{"embeddable":true,"href":"https:\/\/migracao.redenoticia.com.br\/noticia\/wp-json\/wp\/v2\/media\/217354"}],"wp:attachment":[{"href":"https:\/\/migracao.redenoticia.com.br\/noticia\/wp-json\/wp\/v2\/media?parent=220002"}],"wp:term":[{"taxonomy":"category","embeddable":true,"href":"https:\/\/migracao.redenoticia.com.br\/noticia\/wp-json\/wp\/v2\/categories?post=220002"},{"taxonomy":"post_tag","embeddable":true,"href":"https:\/\/migracao.redenoticia.com.br\/noticia\/wp-json\/wp\/v2\/tags?post=220002"}],"curies":[{"name":"wp","href":"https:\/\/api.w.org\/{rel}","templated":true}]}}