{"id":220010,"date":"2022-05-16T15:20:41","date_gmt":"2022-05-16T18:20:41","guid":{"rendered":"https:\/\/www.redenoticia.com.br\/noticia\/?p=220010"},"modified":"2022-05-16T15:20:41","modified_gmt":"2022-05-16T18:20:41","slug":"resumo-a-favorita-17-05-irene-aconselha-lara-a-ouvir-flora","status":"publish","type":"post","link":"https:\/\/migracao.redenoticia.com.br\/noticia\/2022\/resumo-a-favorita-17-05-irene-aconselha-lara-a-ouvir-flora\/220010","title":{"rendered":"Resumo &#8220;A Favorita&#8221; 17\/05: Irene aconselha Lara a ouvir Flora"},"content":{"rendered":"<p> <img loading=\"lazy\" decoding=\"async\" src=\"https:\/\/migracao.redenoticia.com.br\/noticia\/imagens\/afavorita2.jpg\" alt=\"\" width=\"1280\" height=\"720\" class=\"aligncenter size-full wp-image-219854\" srcset=\"https:\/\/migracao.redenoticia.com.br\/noticia\/imagens\/afavorita2.jpg 1280w, https:\/\/migracao.redenoticia.com.br\/noticia\/imagens\/afavorita2-250x140.jpg 250w, https:\/\/migracao.redenoticia.com.br\/noticia\/imagens\/afavorita2-400x225.jpg 400w, https:\/\/migracao.redenoticia.com.br\/noticia\/imagens\/afavorita2-768x432.jpg 768w, https:\/\/migracao.redenoticia.com.br\/noticia\/imagens\/afavorita2-150x84.jpg 150w\" sizes=\"auto, (max-width: 1280px) 100vw, 1280px\" \/><\/p>\n<p><em><strong>Resumo da novela &#8220;A Favorita&#8221;<\/strong><\/em> em 17\/05: no cap\u00edtulo 002(*) da novela, Z\u00e9 Bob se oferece para ajudar Flora. Donatela oferece dinheiro para Flora deixar a cidade. Flora n\u00e3o aceita e diz que vai procurar Lara. Donatela garante que Lara n\u00e3o ir\u00e1 ouvi-la. Irene aconselha Lara a ouvir o que Flora tem a dizer. Lara garante que n\u00e3o quer saber nem como \u00e9 o rosto da m\u00e3e. Donatela d\u00e1 uma TV de plasma para Pedro. Pedro diz que Donatela \u00e9 sua filha de cora\u00e7\u00e3o.<\/p>\n<p>Gon\u00e7alo garante que vai impedir Flora de se aproximar de Lara. Dodi conversa com Gon\u00e7alo sobre um novo neg\u00f3cio. Cassiano apresenta Lara a Copola. Pereira contrata Dinor\u00e1 para atrapalhar a vida de Flora. Dinor\u00e1 vira colega de quarto de Flora. Iolanda n\u00e3o gosta quando Copola convida Lara para suas bodas de ouro. Cilene expulsa Halley de casa. Dinor\u00e1 rouba o dinheiro de Flora. Flora pede a Irene que a ajude a se encontrar com Lara e investigue Dodi. Al\u00edcia \u00e9 solta.<\/p>\n<p>Z\u00e9 Bob paquera Rita e fica sem gra\u00e7a quando ela diz que eles se conhecem. Augusto C\u00e9sar cai de uma \u00e1rvore. Shiva L\u00eanin chama Elias. Os dois discutem. Elias sugere que eles fa\u00e7am um exame de DNA, mas Augusto prefere respeitar o desejo de Rosana. Diva, em sua cela, v\u00ea uma foto dela no passado com Elias, Augusto e Shiva, ainda beb\u00ea. Halley, com a ajuda de Manu, d\u00e1 um jeito para n\u00e3o pagar o hotel.<\/p>\n<p>Gurgel faz planos para a campanha de Diduzinho. Irene segue Dodi. Lara visita Pedro. Pedro diz que Flora n\u00e3o perguntou por Lara. Flora descobre que foi roubada. Salete manda-a embora. Rita diz \u00e0 m\u00e3e que encontrou Z\u00e9 Bob, o pai de Camila. Irene v\u00ea um homem entregando um envelope para Dodi em uma lanchonete. Z\u00e9 Bob v\u00ea Flora sentada no meio fio, chorando, e se oferece para ajud\u00e1-la.<\/p>\n<p>(*) edi\u00e7\u00e3o das novelas da Globo, &#8220;A Favorita&#8221;, sujeito a altera\u00e7\u00e3o de data e conte\u00fado.<\/p>\n<p>Sinopse &#8220;A Favorita&#8221;: Donatela perdeu seus pais num acidente de carro e foi adotada pela fam\u00edlia de Flora, assim, as duas cresceram como irm\u00e3s. Elas sempre tiveram talento para o canto e chegaram a formar uma dupla sertaneja: Fa\u00edsca e Espoleta. As cantoras fizeram sucesso mas sua carreira foi interrompida depois que conheceram os amigos Marcelo e Dodi. Donatela casou-se com Marcelo e Flora com Dodi, mas o casamento da primeira foi conturbado. O primeiro filho do casal desapareceu com seis meses de idade, e al\u00e9m disso, Flora teve um caso com o marido da melhor amiga, j\u00e1 separada de Dodi e dessa rela\u00e7\u00e3o nasceu Lara, o que a distanciou ainda mais de sua irm\u00e3 de cria\u00e7\u00e3o.<\/p>\n<p>No pior momento de disc\u00f3rdia entre as duas, Marcelo \u00e9 assassinado, e a culpa recai sobre Flora, que foi pega com a arma do crime, sendo sentenciada a dezoito anos de reclus\u00e3o, separando-se assim de sua filha, que \u00e9 adotada e criada por Donatela. Ao sair da pris\u00e3o, Flora quer provar sua inoc\u00eancia, com a ideia de que a verdadeira culpada foi sua ex-amiga. Donatela, por sua vez, faz de tudo para que Lara n\u00e3o se aproxime de sua m\u00e3e biol\u00f3gica, e a menina se torna o alvo da disputa entre as duas.<\/p>\n","protected":false},"excerpt":{"rendered":"<p>Resumo da novela &#8220;A Favorita&#8221; em 17\/05: no cap\u00edtulo 002(*) da novela, Z\u00e9 Bob se oferece para ajudar Flora. Donatela oferece dinheiro para Flora deixar a cidade. Flora n\u00e3o aceita e diz que vai procurar Lara. Donatela garante que Lara n\u00e3o ir\u00e1 ouvi-la. Irene aconselha Lara a ouvir o que Flora tem a dizer. Lara [&hellip;]<\/p>\n","protected":false},"author":4,"featured_media":219850,"comment_status":"closed","ping_status":"closed","sticky":false,"template":"","format":"standard","meta":{"tdm_status":"","tdm_grid_status":"","footnotes":""},"categories":[2278,379,375,2025,343],"tags":[441],"class_list":{"0":"post-220010","1":"post","2":"type-post","3":"status-publish","4":"format-standard","5":"has-post-thumbnail","7":"category-a-favorita","8":"category-novelas","9":"category-rede-globo","10":"category-resumo","11":"category-televisao","12":"tag-resumo-do-dia"},"_links":{"self":[{"href":"https:\/\/migracao.redenoticia.com.br\/noticia\/wp-json\/wp\/v2\/posts\/220010","targetHints":{"allow":["GET"]}}],"collection":[{"href":"https:\/\/migracao.redenoticia.com.br\/noticia\/wp-json\/wp\/v2\/posts"}],"about":[{"href":"https:\/\/migracao.redenoticia.com.br\/noticia\/wp-json\/wp\/v2\/types\/post"}],"author":[{"embeddable":true,"href":"https:\/\/migracao.redenoticia.com.br\/noticia\/wp-json\/wp\/v2\/users\/4"}],"replies":[{"embeddable":true,"href":"https:\/\/migracao.redenoticia.com.br\/noticia\/wp-json\/wp\/v2\/comments?post=220010"}],"version-history":[{"count":0,"href":"https:\/\/migracao.redenoticia.com.br\/noticia\/wp-json\/wp\/v2\/posts\/220010\/revisions"}],"wp:featuredmedia":[{"embeddable":true,"href":"https:\/\/migracao.redenoticia.com.br\/noticia\/wp-json\/wp\/v2\/media\/219850"}],"wp:attachment":[{"href":"https:\/\/migracao.redenoticia.com.br\/noticia\/wp-json\/wp\/v2\/media?parent=220010"}],"wp:term":[{"taxonomy":"category","embeddable":true,"href":"https:\/\/migracao.redenoticia.com.br\/noticia\/wp-json\/wp\/v2\/categories?post=220010"},{"taxonomy":"post_tag","embeddable":true,"href":"https:\/\/migracao.redenoticia.com.br\/noticia\/wp-json\/wp\/v2\/tags?post=220010"}],"curies":[{"name":"wp","href":"https:\/\/api.w.org\/{rel}","templated":true}]}}