{"id":220103,"date":"2022-05-18T16:24:00","date_gmt":"2022-05-18T19:24:00","guid":{"rendered":"https:\/\/www.redenoticia.com.br\/noticia\/?p=220103"},"modified":"2022-05-18T16:24:00","modified_gmt":"2022-05-18T19:24:00","slug":"resumo-pantanal-19-05-juma-descobre-que-alcides-e-da-terra-de-seus-pais","status":"publish","type":"post","link":"https:\/\/migracao.redenoticia.com.br\/noticia\/2022\/resumo-pantanal-19-05-juma-descobre-que-alcides-e-da-terra-de-seus-pais\/220103","title":{"rendered":"Resumo \u201cPantanal\u201d 19\/05:  Juma descobre que Alcides \u00e9 da terra de seus pais"},"content":{"rendered":"<p><img loading=\"lazy\" decoding=\"async\" class=\"aligncenter size-full wp-image-217356\" src=\"https:\/\/migracao.redenoticia.com.br\/noticia\/imagens\/pantanal_rei_do_gado_2022.jpg\" alt=\"\" width=\"1280\" height=\"720\" srcset=\"https:\/\/migracao.redenoticia.com.br\/noticia\/imagens\/pantanal_rei_do_gado_2022.jpg 1280w, https:\/\/migracao.redenoticia.com.br\/noticia\/imagens\/pantanal_rei_do_gado_2022-250x140.jpg 250w, https:\/\/migracao.redenoticia.com.br\/noticia\/imagens\/pantanal_rei_do_gado_2022-400x225.jpg 400w, https:\/\/migracao.redenoticia.com.br\/noticia\/imagens\/pantanal_rei_do_gado_2022-768x432.jpg 768w, https:\/\/migracao.redenoticia.com.br\/noticia\/imagens\/pantanal_rei_do_gado_2022-150x84.jpg 150w\" sizes=\"auto, (max-width: 1280px) 100vw, 1280px\" \/><\/p>\n<p><strong><em>Resumo da novela \u201cPantanal\u201d<\/em><\/strong> em 19\/05: no cap\u00edtulo 046(*) da novela, Maria Bruaca n\u00e3o revela a Ten\u00f3rio o motivo do seu choro. Jos\u00e9 Le\u00f4ncio leva Irma \u00e0 tapera de Juma para conversar com Jove. Fil\u00f3 se ressente ao ver Jos\u00e9 Le\u00f4ncio com Irma. Dona Jacutinga se surpreende com o estado de Jos\u00e9 Lucas.<\/p>\n<p>Jos\u00e9 Le\u00f4ncio confessa a Irma que errou ao escolher Madeleine. Ten\u00f3rio estranha o comportamento de Maria Bruaca, e Guta comemora. Juma diz a Jove que tem medo de que ele v\u00e1 embora. Trindade se encanta com Irma. Dona Jacutinga incentiva Jos\u00e9 Lucas a seguir em frente. Juma fica abismada quando Alcides lhe diz que \u00e9 da terra dos pais dela. <\/p>\n<p>(*) edi\u00e7\u00e3o das novelas da Globo, \u201cPantanal\u201d, sujeito a altera\u00e7\u00e3o de data e conte\u00fado.<\/p>\n<p>Sinopse \u201cPantanal\u201d: O tronco central acompanha o velho Joventino (Irandhir Santos) e seu filho, Jos\u00e9 Le\u00f4ncio (Renato G\u00f3es\/Marcos Palmeira). Confiando no conceito de que &#8220;a natureza pode mais que o homem&#8221;, Joventino acaba se tornando o maior pe\u00e3o do Pantanal e ficou famoso por trazer os bois selvagens, os ditos marru\u00e1s, no feiti\u00e7o. Por\u00e9m, foi logo ap\u00f3s essa compreens\u00e3o que Joventino desapareceu, sem deixar rastros, e abandonou o filho.<\/p>\n","protected":false},"excerpt":{"rendered":"<p>Resumo da novela \u201cPantanal\u201d em 19\/05: no cap\u00edtulo 046(*) da novela, Maria Bruaca n\u00e3o revela a Ten\u00f3rio o motivo do seu choro. Jos\u00e9 Le\u00f4ncio leva Irma \u00e0 tapera de Juma para conversar com Jove. Fil\u00f3 se ressente ao ver Jos\u00e9 Le\u00f4ncio com Irma. Dona Jacutinga se surpreende com o estado de Jos\u00e9 Lucas. Jos\u00e9 Le\u00f4ncio [&hellip;]<\/p>\n","protected":false},"author":4,"featured_media":217355,"comment_status":"closed","ping_status":"closed","sticky":false,"template":"","format":"standard","meta":{"tdm_status":"","tdm_grid_status":"","footnotes":""},"categories":[379,2260,375,2025,343],"tags":[441],"class_list":{"0":"post-220103","1":"post","2":"type-post","3":"status-publish","4":"format-standard","5":"has-post-thumbnail","7":"category-novelas","8":"category-pantanal","9":"category-rede-globo","10":"category-resumo","11":"category-televisao","12":"tag-resumo-do-dia"},"_links":{"self":[{"href":"https:\/\/migracao.redenoticia.com.br\/noticia\/wp-json\/wp\/v2\/posts\/220103","targetHints":{"allow":["GET"]}}],"collection":[{"href":"https:\/\/migracao.redenoticia.com.br\/noticia\/wp-json\/wp\/v2\/posts"}],"about":[{"href":"https:\/\/migracao.redenoticia.com.br\/noticia\/wp-json\/wp\/v2\/types\/post"}],"author":[{"embeddable":true,"href":"https:\/\/migracao.redenoticia.com.br\/noticia\/wp-json\/wp\/v2\/users\/4"}],"replies":[{"embeddable":true,"href":"https:\/\/migracao.redenoticia.com.br\/noticia\/wp-json\/wp\/v2\/comments?post=220103"}],"version-history":[{"count":0,"href":"https:\/\/migracao.redenoticia.com.br\/noticia\/wp-json\/wp\/v2\/posts\/220103\/revisions"}],"wp:featuredmedia":[{"embeddable":true,"href":"https:\/\/migracao.redenoticia.com.br\/noticia\/wp-json\/wp\/v2\/media\/217355"}],"wp:attachment":[{"href":"https:\/\/migracao.redenoticia.com.br\/noticia\/wp-json\/wp\/v2\/media?parent=220103"}],"wp:term":[{"taxonomy":"category","embeddable":true,"href":"https:\/\/migracao.redenoticia.com.br\/noticia\/wp-json\/wp\/v2\/categories?post=220103"},{"taxonomy":"post_tag","embeddable":true,"href":"https:\/\/migracao.redenoticia.com.br\/noticia\/wp-json\/wp\/v2\/tags?post=220103"}],"curies":[{"name":"wp","href":"https:\/\/api.w.org\/{rel}","templated":true}]}}