{"id":220251,"date":"2022-05-23T11:06:35","date_gmt":"2022-05-23T14:06:35","guid":{"rendered":"https:\/\/www.redenoticia.com.br\/noticia\/?p=220251"},"modified":"2022-05-23T11:06:35","modified_gmt":"2022-05-23T14:06:35","slug":"resumo-a-favorita-24-05-flora-ve-lara","status":"publish","type":"post","link":"https:\/\/migracao.redenoticia.com.br\/noticia\/2022\/resumo-a-favorita-24-05-flora-ve-lara\/220251","title":{"rendered":"Resumo &#8220;A Favorita&#8221; 24\/05: Flora v\u00ea Lara"},"content":{"rendered":"<p><img loading=\"lazy\" decoding=\"async\" src=\"https:\/\/migracao.redenoticia.com.br\/noticia\/imagens\/afavorita2.jpg\" alt=\"\" width=\"1280\" height=\"720\" class=\"aligncenter size-full wp-image-219854\" srcset=\"https:\/\/migracao.redenoticia.com.br\/noticia\/imagens\/afavorita2.jpg 1280w, https:\/\/migracao.redenoticia.com.br\/noticia\/imagens\/afavorita2-250x140.jpg 250w, https:\/\/migracao.redenoticia.com.br\/noticia\/imagens\/afavorita2-400x225.jpg 400w, https:\/\/migracao.redenoticia.com.br\/noticia\/imagens\/afavorita2-768x432.jpg 768w, https:\/\/migracao.redenoticia.com.br\/noticia\/imagens\/afavorita2-150x84.jpg 150w\" sizes=\"auto, (max-width: 1280px) 100vw, 1280px\" \/><\/p>\n<p><em><strong>Resumo da novela &#8220;A Favorita&#8221;<\/strong><\/em> em 24\/05: no cap\u00edtulo 007(*) da novela, Flora conta a Irene que Donatela era sua vizinha na inf\u00e2ncia e que foi adotada por Pedro, quando seus pais morreram. As duas formaram a dupla Fa\u00edsca e Espoleta e em um show conheceram Marcelo e Dodi. Flora conta que o plano de Donatela e Dodi era que ela se casasse com Marcelo e ele, com Flora, apenas para disfar\u00e7ar, embora continuassem juntos. Irene desconfia da vers\u00e3o de Flora.<\/p>\n<p>Flora implora que Irene deixe que ela veja Lara. Donatela diz que Z\u00e9 Bob deve-lhe desculpas, mas ele se recusa. Alicia chama Z\u00e9 Bob para dan\u00e7ar. Didu discute com Dodi. Z\u00e9 Bob defende Didu. Flora entra na casa escondida no carro de Irene. Donatela exibe um v\u00eddeo com v\u00e1rias imagens de Lara. As duas se abra\u00e7am. Flora observa tudo. Manu finge acabar tudo com Halley, que \u00e9 consolado por Orlandinho. Flora manda Irene investigar a documenta\u00e7\u00e3o da empresa que Dodi est\u00e1 insistindo para Gon\u00e7alo comprar.<\/p>\n<p>Irene diz a Flora que Lara n\u00e3o sabe como \u00e9 o rosto da m\u00e3e. Lara conta para Cassiano que a m\u00e3e n\u00e3o quer v\u00ea-la. Orlandinho convida Halley para ficar em sua casa, j\u00e1 que vai viajar. Alicia se vinga de Gurgel por n\u00e3o ter defendido Didu. Diva se emociona ao ver Shiva. Augusto n\u00e3o reconhece Diva. Augusto d\u00e1 o depoimento aos outros uf\u00f3logos sobre a abdu\u00e7\u00e3o da mulher que ama. Diva chora. Flora se emprega em uma lanchonete. Z\u00e9 Bob encontra um bilhete de despedida de Flora. Irene vai \u00e0 sede da companhia que Dodi recomendou comprar e encontra um armaz\u00e9m abandonado. Flora vai a uma manifesta\u00e7\u00e3o na faculdade. Lara se aproxima dela. <\/p>\n<p>(*) edi\u00e7\u00e3o das novelas da Globo, &#8220;A Favorita&#8221;, sujeito a altera\u00e7\u00e3o de data e conte\u00fado.<\/p>\n<p>Sinopse &#8220;A Favorita&#8221;: Donatela perdeu seus pais num acidente de carro e foi adotada pela fam\u00edlia de Flora, assim, as duas cresceram como irm\u00e3s. Elas sempre tiveram talento para o canto e chegaram a formar uma dupla sertaneja: Fa\u00edsca e Espoleta. As cantoras fizeram sucesso, mas sua carreira foi interrompida depois que conheceram os amigos Marcelo e Dodi. Donatela casou-se com Marcelo e Flora com Dodi, mas o casamento da primeira foi conturbado. O primeiro filho do casal desapareceu com seis meses de idade, e al\u00e9m disso, Flora teve um caso com o marido da melhor amiga, j\u00e1 separada de Dodi e dessa rela\u00e7\u00e3o nasceu Lara, o que a distanciou ainda mais de sua irm\u00e3 de cria\u00e7\u00e3o.<\/p>\n<p>No pior momento de disc\u00f3rdia entre as duas, Marcelo \u00e9 assassinado, e a culpa recai sobre Flora, que foi pega com a arma do crime, sendo sentenciada a dezoito anos de reclus\u00e3o, separando-se assim de sua filha, que \u00e9 adotada e criada por Donatela. Ao sair da pris\u00e3o, Flora quer provar sua inoc\u00eancia, com a ideia de que a verdadeira culpada foi sua ex-amiga. Donatela, por sua vez, faz de tudo para que Lara n\u00e3o se aproxime de sua m\u00e3e biol\u00f3gica, e a menina se torna o alvo da disputa entre as duas.<\/p>\n","protected":false},"excerpt":{"rendered":"<p>Resumo da novela &#8220;A Favorita&#8221; em 24\/05: no cap\u00edtulo 007(*) da novela, Flora conta a Irene que Donatela era sua vizinha na inf\u00e2ncia e que foi adotada por Pedro, quando seus pais morreram. As duas formaram a dupla Fa\u00edsca e Espoleta e em um show conheceram Marcelo e Dodi. Flora conta que o plano de [&hellip;]<\/p>\n","protected":false},"author":4,"featured_media":219850,"comment_status":"closed","ping_status":"closed","sticky":false,"template":"","format":"standard","meta":{"tdm_status":"","tdm_grid_status":"","footnotes":""},"categories":[2278,379,375,2025,343],"tags":[441],"class_list":{"0":"post-220251","1":"post","2":"type-post","3":"status-publish","4":"format-standard","5":"has-post-thumbnail","7":"category-a-favorita","8":"category-novelas","9":"category-rede-globo","10":"category-resumo","11":"category-televisao","12":"tag-resumo-do-dia"},"_links":{"self":[{"href":"https:\/\/migracao.redenoticia.com.br\/noticia\/wp-json\/wp\/v2\/posts\/220251","targetHints":{"allow":["GET"]}}],"collection":[{"href":"https:\/\/migracao.redenoticia.com.br\/noticia\/wp-json\/wp\/v2\/posts"}],"about":[{"href":"https:\/\/migracao.redenoticia.com.br\/noticia\/wp-json\/wp\/v2\/types\/post"}],"author":[{"embeddable":true,"href":"https:\/\/migracao.redenoticia.com.br\/noticia\/wp-json\/wp\/v2\/users\/4"}],"replies":[{"embeddable":true,"href":"https:\/\/migracao.redenoticia.com.br\/noticia\/wp-json\/wp\/v2\/comments?post=220251"}],"version-history":[{"count":0,"href":"https:\/\/migracao.redenoticia.com.br\/noticia\/wp-json\/wp\/v2\/posts\/220251\/revisions"}],"wp:featuredmedia":[{"embeddable":true,"href":"https:\/\/migracao.redenoticia.com.br\/noticia\/wp-json\/wp\/v2\/media\/219850"}],"wp:attachment":[{"href":"https:\/\/migracao.redenoticia.com.br\/noticia\/wp-json\/wp\/v2\/media?parent=220251"}],"wp:term":[{"taxonomy":"category","embeddable":true,"href":"https:\/\/migracao.redenoticia.com.br\/noticia\/wp-json\/wp\/v2\/categories?post=220251"},{"taxonomy":"post_tag","embeddable":true,"href":"https:\/\/migracao.redenoticia.com.br\/noticia\/wp-json\/wp\/v2\/tags?post=220251"}],"curies":[{"name":"wp","href":"https:\/\/api.w.org\/{rel}","templated":true}]}}