{"id":2203,"date":"2009-06-01T17:22:30","date_gmt":"2009-06-01T21:22:30","guid":{"rendered":"http:\/\/www.redenoticia.com.br\/noticia\/?p=2203"},"modified":"2009-06-01T17:22:30","modified_gmt":"2009-06-01T21:22:30","slug":"sbpc-programacao-da-61%c2%aa-reuniao-anual-esta-disponivel","status":"publish","type":"post","link":"https:\/\/migracao.redenoticia.com.br\/noticia\/2009\/sbpc-programacao-da-61%c2%aa-reuniao-anual-esta-disponivel\/2203","title":{"rendered":"SBPC &#8211; Programa\u00e7\u00e3o da 61\u00aa Reuni\u00e3o Anual est\u00e1 dispon\u00edvel"},"content":{"rendered":"<p><span style=\"font-family: 'Times New Roman'; font-size: medium;\"><span>A programa\u00e7\u00e3o da 61\u00aa Reuni\u00e3o Anual da Sociedade Brasileira para o Progresso da Ci\u00eancia (SBPC), que ser\u00e1 realizada em Manaus (AM), de 12 a 17 de julho,\u00a0<\/span><\/span><span style=\"font-family: 'Times New Roman'; font-size: medium;\"><span>j\u00e1 est\u00e1 dispon\u00edvel no site<a href=\"http:\/\/www.sbpcnet.org.br\/manaus\" target=\"_blank\">www.sbpcnet.org.br\/manaus<\/a>. O evento\u00a0<\/span><\/span><span style=\"font-family: 'Times New Roman'; font-size: medium;\"><span>contar\u00e1 com 175 atividades, entre confer\u00eancias, simp\u00f3sios, mesas-redondas, grupos de trabalho, encontros e sess\u00f5es especiais, al\u00e9m das cinco sess\u00f5es de p\u00f4steres, nas quais est\u00e3o previstas a apresenta\u00e7\u00e3o de mais de dois mil trabalhos cient\u00edficos. Tamb\u00e9m est\u00e3o abertas as inscri\u00e7\u00f5es para os 49 minicursos que ser\u00e3o realizados durante o evento.<\/span><\/span><span style=\"font-family: 'Times New Roman'; font-size: medium;\"><\/span><\/p>\n<p><span style=\"font-family: 'Times New Roman'; font-size: medium;\"><span>A abertura da Reuni\u00e3o ocorrer\u00e1 no dia 12, \u00e0s 19h00, em local a ser definido. J\u00e1 as atividades ocorrer\u00e3o no campus da Universidade Federal do Amazonas (UFAM), entre os dias 13 e 17. A expectativa \u00e9 que mais de 18 mil pessoas participem do evento, entre pesquisadores, docentes, estudantes do ensino b\u00e1sico e superior, al\u00e9m de autoridades e gestores do sistema de ci\u00eancia, tecnologia e inova\u00e7\u00e3o (C,T&amp;I).\u00a0<\/span><\/span><\/p>\n<p><span style=\"font-family: 'Times New Roman'; font-size: medium;\"><span>A maior parte das atividades ser\u00e1 desenvolvida em torno de 13 n\u00facleos tem\u00e1ticos: Amaz\u00f4nia: quest\u00f5es nacionais, multilaterais e mundiais; Ano Internacional da Astronomia; Clima, \u00c1gua e Ambiente; Comunica\u00e7\u00e3o (M\u00eddia) Amaz\u00f4nica; Culturas Amaz\u00f4nicas, Conhecimentos Cient\u00edficos e Saberes Tradicionais; Desenvolvimento da Amaz\u00f4nia; Direitos e Titularidades; Educa\u00e7\u00e3o; Geoprospec\u00e7\u00e3o e Recursos Minerais; Hist\u00f3ria Natural e Humana; Ocupa\u00e7\u00e3o da Amaz\u00f4nia e Expedi\u00e7\u00f5es Cient\u00edficas; Sa\u00fade Humana; e Tecnologia: Passado, Presente e Futuro. Os assuntos abordados contemplar\u00e3o, em boa parte, os gargalos e desafios da Amaz\u00f4nia em C,T&amp;I, especialmente nas \u00e1reas consideradas cruciais para o desenvolvimento sustent\u00e1vel da regi\u00e3o.<\/span><\/span><\/p>\n<p><span style=\"font-family: 'Times New Roman'; font-size: medium;\"><span>Al\u00e9m da programa\u00e7\u00e3o s\u00eanior, que inclui propostas de atividades de cerca de 40 sociedades cient\u00edficas, a Reuni\u00e3o Anual da SBPC em Manaus tamb\u00e9m contar\u00e1 com eventos paralelos: SBPC Jovem, programa\u00e7\u00e3o voltada para estudantes da rede de ensino b\u00e1sica; EXPOT&amp;C, mostra de projetos de ci\u00eancia e tecnologia; SBPC Cultural, atividades com \u00eanfase nas express\u00f5es e valores art\u00edsticos locais e regionais; e Feira de Livros, espa\u00e7o para editoras e livrarias.<\/span><\/span><\/p>\n<p><strong><span style=\"font-family: 'Times New Roman'; font-size: medium;\"><span>Inscri\u00e7\u00f5es \u2013\u00a0<\/span><\/span><\/strong><span style=\"font-size: medium;\"><span>As inscri\u00e7\u00f5es online para a 61\u00aa Reuni\u00e3o Anual da SBPC podem ser feitas at\u00e9 o dia 3 de julho no site\u00a0<span style=\"color: blue;\"><span><a href=\"http:\/\/www.sbpcnet.org.br\/manaus\/\" target=\"_blank\">www.sbpcnet.org.br\/manaus\/<\/a><\/span><\/span>. Ap\u00f3s essa data, somente no local do evento. S\u00f3cios da SBPC nas categorias \u201cestudante\u201d, \u201cprofessor da educa\u00e7\u00e3o b\u00e1sica ou t\u00e9cnica&#8221; e &#8220;s\u00f3cio de sociedades associadas \u00e0 SBPC\u201d pagam R$ 40,00. J\u00e1 os s\u00f3cios na categoria \u201cprofessor de educa\u00e7\u00e3o superior\u201d e \u201coutros profissionais\u201d pagam R$ 80,00. N\u00e3o s\u00f3cios, nas respectivas categorias, pagam R$ 70,00 e R$ 140,00. Al\u00e9m de receber a programa\u00e7\u00e3o impressa do evento, o inscrito tem direito de participar de um dos 49 minicursos oferecidos, mediante pagamento de R$ 10,00.<\/span><\/span><\/p>\n","protected":false},"excerpt":{"rendered":"<p>A programa\u00e7\u00e3o da 61\u00aa Reuni\u00e3o Anual da Sociedade Brasileira para o Progresso da Ci\u00eancia (SBPC), que ser\u00e1 realizada em Manaus (AM), de 12 a 17 de julho,\u00a0j\u00e1 est\u00e1 dispon\u00edvel no sitewww.sbpcnet.org.br\/manaus. O evento\u00a0contar\u00e1 com 175 atividades, entre confer\u00eancias, simp\u00f3sios, mesas-redondas, grupos de trabalho, encontros e sess\u00f5es especiais, al\u00e9m das cinco sess\u00f5es de p\u00f4steres, nas quais [&hellip;]<\/p>\n","protected":false},"author":2,"featured_media":0,"comment_status":"open","ping_status":"open","sticky":false,"template":"","format":"standard","meta":{"tdm_status":"","tdm_grid_status":"","footnotes":""},"categories":[22],"tags":[],"class_list":{"0":"post-2203","1":"post","2":"type-post","3":"status-publish","4":"format-standard","6":"category-brasil"},"_links":{"self":[{"href":"https:\/\/migracao.redenoticia.com.br\/noticia\/wp-json\/wp\/v2\/posts\/2203","targetHints":{"allow":["GET"]}}],"collection":[{"href":"https:\/\/migracao.redenoticia.com.br\/noticia\/wp-json\/wp\/v2\/posts"}],"about":[{"href":"https:\/\/migracao.redenoticia.com.br\/noticia\/wp-json\/wp\/v2\/types\/post"}],"author":[{"embeddable":true,"href":"https:\/\/migracao.redenoticia.com.br\/noticia\/wp-json\/wp\/v2\/users\/2"}],"replies":[{"embeddable":true,"href":"https:\/\/migracao.redenoticia.com.br\/noticia\/wp-json\/wp\/v2\/comments?post=2203"}],"version-history":[{"count":0,"href":"https:\/\/migracao.redenoticia.com.br\/noticia\/wp-json\/wp\/v2\/posts\/2203\/revisions"}],"wp:attachment":[{"href":"https:\/\/migracao.redenoticia.com.br\/noticia\/wp-json\/wp\/v2\/media?parent=2203"}],"wp:term":[{"taxonomy":"category","embeddable":true,"href":"https:\/\/migracao.redenoticia.com.br\/noticia\/wp-json\/wp\/v2\/categories?post=2203"},{"taxonomy":"post_tag","embeddable":true,"href":"https:\/\/migracao.redenoticia.com.br\/noticia\/wp-json\/wp\/v2\/tags?post=2203"}],"curies":[{"name":"wp","href":"https:\/\/api.w.org\/{rel}","templated":true}]}}