{"id":220377,"date":"2022-05-26T16:47:24","date_gmt":"2022-05-26T19:47:24","guid":{"rendered":"https:\/\/www.redenoticia.com.br\/noticia\/?p=220377"},"modified":"2022-05-26T16:47:24","modified_gmt":"2022-05-26T19:47:24","slug":"resumo-carinha-de-anjo-27-05-dulce-escuta-cassandra-dizer-que-odeia-estefania","status":"publish","type":"post","link":"https:\/\/migracao.redenoticia.com.br\/noticia\/2022\/resumo-carinha-de-anjo-27-05-dulce-escuta-cassandra-dizer-que-odeia-estefania\/220377","title":{"rendered":"Resumo \u201cCarinha De Anjo\u201d 27\/05: Dulce escuta Cassandra dizer que odeia Estef\u00e2nia"},"content":{"rendered":"<p><img loading=\"lazy\" decoding=\"async\" class=\"aligncenter size-full wp-image-210452\" src=\"https:\/\/migracao.redenoticia.com.br\/noticia\/imagens\/carinha-de-anjo-novela-sbt-elenco-infantil.jpeg\" alt=\"\" width=\"1280\" height=\"720\" srcset=\"https:\/\/migracao.redenoticia.com.br\/noticia\/imagens\/carinha-de-anjo-novela-sbt-elenco-infantil.jpeg 1280w, https:\/\/migracao.redenoticia.com.br\/noticia\/imagens\/carinha-de-anjo-novela-sbt-elenco-infantil-250x140.jpeg 250w, https:\/\/migracao.redenoticia.com.br\/noticia\/imagens\/carinha-de-anjo-novela-sbt-elenco-infantil-400x225.jpeg 400w, https:\/\/migracao.redenoticia.com.br\/noticia\/imagens\/carinha-de-anjo-novela-sbt-elenco-infantil-768x432.jpeg 768w, https:\/\/migracao.redenoticia.com.br\/noticia\/imagens\/carinha-de-anjo-novela-sbt-elenco-infantil-150x85.jpeg 150w\" sizes=\"auto, (max-width: 1280px) 100vw, 1280px\" \/><\/p>\n<p><strong><em>Resumo da novela \u201cCarinha De Anjo\u201d<\/em><\/strong> em 27\/05: no cap\u00edtulo 187(*) da novela, Cassandra manda um \u00e1udio para Bruna dizendo que odeia Estef\u00e2nia e precisa se fazer de boa mo\u00e7a agora. Dulce Maria escuta Cassandra. Cec\u00edlia interrompe e chama as duas para almo\u00e7arem. Dulce diz que precisa contar algo para Cec\u00edlia. Ribeiro conta para Peixoto que est\u00e1 em um aplicativo de namoro. Dulce alfineta Cassandra durante o almo\u00e7o, mas ningu\u00e9m percebe as indiretas.<\/p>\n<p>Juju come\u00e7a a planejar sua festa de anivers\u00e1rio. A vlogueira n\u00e3o quer convidar muitas pessoas. Dulce Maria decide escrever uma carta para Vitor contando que Cassandra odeia Estef\u00e2nia. Cassandra chega no quarto da carinha de anjo. Adolfo diz ao advogado que vai continuar na cidade para se vingar e que n\u00e3o quer conhecer sua neta. Cassandra diz que est\u00e1 confusa ap\u00f3s a morte de sua m\u00e3e, promete que ir\u00e1 abra\u00e7ar Estef\u00e2nia e pede desculpa. Dulce Maria acredita na adolescente e aconselha ela a sonhar com sua m\u00e3e. Rog\u00e9rio conta para Vitor, Estef\u00e2nia e Cassandra que est\u00e1 quase namorando.<\/p>\n<p>Estef\u00e2nia revela para Vitor que precisou resgatar Cassandra na balada. Victor agradece a paci\u00eancia da esposa e conta que sente pena da filha, pois quando a conheceu disse que ela n\u00e3o poderia morar com ele. Na \u00e9poca, a garota chorou e disse que morreria. Cec\u00edlia vai atr\u00e1s de Adolfo, av\u00f4 de Dulce Maria. O homem \u00e9 surpreendido e os dois conversam. Cec\u00edlia refor\u00e7a a boa \u00edndole de Gustavo e pede que Adolfo conhe\u00e7a Dulce Maria em nome da mem\u00f3ria de Tereza.<\/p>\n<p>Chega o grande dia do Concurso de Talentos no internato. Os pais de todas as alunas est\u00e3o presentes para acompanharem as apresenta\u00e7\u00f5es. Adolfo diz para Gustavo que foi at\u00e9 Doce Horizonte para que Dulce Maria n\u00e3o fique com nenhum dinheiro que seria dele.<\/p>\n<p>(*) edi\u00e7\u00e3o das novelas do SBT, \u201cCarinha De Anjo\u201d, sujeito a altera\u00e7\u00e3o de data e conte\u00fado.<\/p>\n<p>Sinopse \u201cCarinha De Anjo\u201d: Dulce Maria \u00e9 uma menina doce, ing\u00eanua, inteligente e alegre de 5 anos de idade. \u00c9 brincalhona, aventureira e extremamente curiosa. Diverte a todos com seus coment\u00e1rios e perguntas indiscretas e surpreende com suas descobertas.<\/p>\n<p>Ela \u00e9 filha \u00fanica de Gustavo L\u00e1rios (Carlo Porto), bem-sucedido empres\u00e1rio da cafeicultura brasileira, e da mexicana Teresa Rezende L\u00e1rios (Lucero), m\u00e3e acolhedora de s\u00e1bios conselhos e voz ador\u00e1vel, que faleceu num acidente quando Dulce Maria tinha apenas 3 anos de idade. Traumatizado com a trag\u00e9dia, Gustavo deixou a filha no col\u00e9gio interno.<\/p>\n","protected":false},"excerpt":{"rendered":"<p>Resumo da novela \u201cCarinha De Anjo\u201d em 27\/05: no cap\u00edtulo 187(*) da novela, Cassandra manda um \u00e1udio para Bruna dizendo que odeia Estef\u00e2nia e precisa se fazer de boa mo\u00e7a agora. Dulce Maria escuta Cassandra. Cec\u00edlia interrompe e chama as duas para almo\u00e7arem. Dulce diz que precisa contar algo para Cec\u00edlia. Ribeiro conta para Peixoto [&hellip;]<\/p>\n","protected":false},"author":4,"featured_media":210453,"comment_status":"closed","ping_status":"closed","sticky":false,"template":"","format":"standard","meta":{"tdm_status":"","tdm_grid_status":"","footnotes":""},"categories":[452,379,2025,372,343],"tags":[441],"class_list":{"0":"post-220377","1":"post","2":"type-post","3":"status-publish","4":"format-standard","5":"has-post-thumbnail","7":"category-carinha-de-anjo","8":"category-novelas","9":"category-resumo","10":"category-sbt","11":"category-televisao","12":"tag-resumo-do-dia"},"_links":{"self":[{"href":"https:\/\/migracao.redenoticia.com.br\/noticia\/wp-json\/wp\/v2\/posts\/220377","targetHints":{"allow":["GET"]}}],"collection":[{"href":"https:\/\/migracao.redenoticia.com.br\/noticia\/wp-json\/wp\/v2\/posts"}],"about":[{"href":"https:\/\/migracao.redenoticia.com.br\/noticia\/wp-json\/wp\/v2\/types\/post"}],"author":[{"embeddable":true,"href":"https:\/\/migracao.redenoticia.com.br\/noticia\/wp-json\/wp\/v2\/users\/4"}],"replies":[{"embeddable":true,"href":"https:\/\/migracao.redenoticia.com.br\/noticia\/wp-json\/wp\/v2\/comments?post=220377"}],"version-history":[{"count":0,"href":"https:\/\/migracao.redenoticia.com.br\/noticia\/wp-json\/wp\/v2\/posts\/220377\/revisions"}],"wp:featuredmedia":[{"embeddable":true,"href":"https:\/\/migracao.redenoticia.com.br\/noticia\/wp-json\/wp\/v2\/media\/210453"}],"wp:attachment":[{"href":"https:\/\/migracao.redenoticia.com.br\/noticia\/wp-json\/wp\/v2\/media?parent=220377"}],"wp:term":[{"taxonomy":"category","embeddable":true,"href":"https:\/\/migracao.redenoticia.com.br\/noticia\/wp-json\/wp\/v2\/categories?post=220377"},{"taxonomy":"post_tag","embeddable":true,"href":"https:\/\/migracao.redenoticia.com.br\/noticia\/wp-json\/wp\/v2\/tags?post=220377"}],"curies":[{"name":"wp","href":"https:\/\/api.w.org\/{rel}","templated":true}]}}