{"id":220407,"date":"2022-05-27T14:30:06","date_gmt":"2022-05-27T17:30:06","guid":{"rendered":"https:\/\/www.redenoticia.com.br\/noticia\/?p=220407"},"modified":"2022-05-27T14:30:06","modified_gmt":"2022-05-27T17:30:06","slug":"resumo-alem-da-ilusao-28-05-tenorio-e-olivia-anunciam-na-vila-que-irao-se-casar","status":"publish","type":"post","link":"https:\/\/migracao.redenoticia.com.br\/noticia\/2022\/resumo-alem-da-ilusao-28-05-tenorio-e-olivia-anunciam-na-vila-que-irao-se-casar\/220407","title":{"rendered":"Resumo &#8220;Al\u00e9m da Ilus\u00e3o&#8221; 28\/05: Ten\u00f3rio e Ol\u00edvia anunciam na vila que ir\u00e3o se casar"},"content":{"rendered":"<p><img loading=\"lazy\" decoding=\"async\" src=\"https:\/\/migracao.redenoticia.com.br\/noticia\/imagens\/resumo_alem_da_ilusao.jpg\" alt=\"\" width=\"1280\" height=\"720\" class=\"aligncenter size-full wp-image-215468\" srcset=\"https:\/\/migracao.redenoticia.com.br\/noticia\/imagens\/resumo_alem_da_ilusao.jpg 1280w, https:\/\/migracao.redenoticia.com.br\/noticia\/imagens\/resumo_alem_da_ilusao-250x140.jpg 250w, https:\/\/migracao.redenoticia.com.br\/noticia\/imagens\/resumo_alem_da_ilusao-400x225.jpg 400w, https:\/\/migracao.redenoticia.com.br\/noticia\/imagens\/resumo_alem_da_ilusao-768x432.jpg 768w, https:\/\/migracao.redenoticia.com.br\/noticia\/imagens\/resumo_alem_da_ilusao-150x85.jpg 150w\" sizes=\"auto, (max-width: 1280px) 100vw, 1280px\" \/><\/p>\n<p><strong><em>Resumo da novela &#8220;Al\u00e9m da Ilus\u00e3o&#8221;<\/em><\/strong> em 28\/05: no cap\u00edtulo 096(*) da novela, Davi se desespera na presen\u00e7a de Salvador. Le\u00f4nidas fica intrigado com a hist\u00f3ria que Matias conta sobre Helo\u00edsa. Davi vai ao encontro de Isadora no hospital. Ten\u00f3rio e Ol\u00edvia conversam com Ben\u00ea e F\u00e1tima. Helo\u00edsa nega para Le\u00f4nidas a hist\u00f3ria que Matias contou sobre eles.<\/p>\n<p>\u00darsula pensa em sabotar o encontro de Eug\u00eanio com os americanos. Le\u00f4nidas questiona Manuela sobre o pai da filha de Helo\u00edsa. Julinha tem uma ideia para melhorar sua imagem e acaba causando um mal-entendido com Darcy Vargas. Davi cuida de Isadora. Ten\u00f3rio e Ol\u00edvia anunciam na vila que ir\u00e3o se casar. Iolanda espera Rafael para jantar. Isadora pede para Rafael passar a noite em seu quarto. \u00darsula decide dar um golpe na tecelagem. <\/p>\n<p>(*) edi\u00e7\u00e3o das novelas da Globo, &#8220;Al\u00e9m da Ilus\u00e3o&#8221;, sujeito a altera\u00e7\u00e3o de data e conte\u00fado.<\/p>\n<p>Sinopse &#8220;Al\u00e9m da Ilus\u00e3o&#8221;: Em 1930, Po\u00e7os de Caldas, a ing\u00eanua Elisa, filha dos ricos Matias e Violeta, se apaixona por Davi, um m\u00e1gico de circo que sonha em se tornar um grande ilusionista. Sem aprovar o romance, Matias manda matar Davi, mas a filha acaba morrendo acidentalmente e o m\u00e1gico \u00e9 condenado \u00e0 20 anos de pris\u00e3o por um assassinato que n\u00e3o cometeu.<\/p>\n<p>Dez anos depois, a fam\u00edlia vive em Campos dos Goytacazes, onde Matias se tornou um homem amargurado e psicologicamente inst\u00e1vel, enquanto Violeta se tornou uma mulher forte e s\u00f3cia de Eug\u00eanio na Tecelagem Tropical, com quem passa a viver um romance proibido para despeito da ambiciosa \u00darsula, que sempre foi rejeitada pelo vi\u00favo e arma para a rival.<\/p>\n","protected":false},"excerpt":{"rendered":"<p>Resumo da novela &#8220;Al\u00e9m da Ilus\u00e3o&#8221; em 28\/05: no cap\u00edtulo 096(*) da novela, Davi se desespera na presen\u00e7a de Salvador. Le\u00f4nidas fica intrigado com a hist\u00f3ria que Matias conta sobre Helo\u00edsa. Davi vai ao encontro de Isadora no hospital. Ten\u00f3rio e Ol\u00edvia conversam com Ben\u00ea e F\u00e1tima. Helo\u00edsa nega para Le\u00f4nidas a hist\u00f3ria que Matias [&hellip;]<\/p>\n","protected":false},"author":4,"featured_media":215469,"comment_status":"closed","ping_status":"closed","sticky":false,"template":"","format":"standard","meta":{"tdm_status":"","tdm_grid_status":"","footnotes":""},"categories":[2235,379,375,2025,343],"tags":[441],"class_list":{"0":"post-220407","1":"post","2":"type-post","3":"status-publish","4":"format-standard","5":"has-post-thumbnail","7":"category-alem-da-ilusao","8":"category-novelas","9":"category-rede-globo","10":"category-resumo","11":"category-televisao","12":"tag-resumo-do-dia"},"_links":{"self":[{"href":"https:\/\/migracao.redenoticia.com.br\/noticia\/wp-json\/wp\/v2\/posts\/220407","targetHints":{"allow":["GET"]}}],"collection":[{"href":"https:\/\/migracao.redenoticia.com.br\/noticia\/wp-json\/wp\/v2\/posts"}],"about":[{"href":"https:\/\/migracao.redenoticia.com.br\/noticia\/wp-json\/wp\/v2\/types\/post"}],"author":[{"embeddable":true,"href":"https:\/\/migracao.redenoticia.com.br\/noticia\/wp-json\/wp\/v2\/users\/4"}],"replies":[{"embeddable":true,"href":"https:\/\/migracao.redenoticia.com.br\/noticia\/wp-json\/wp\/v2\/comments?post=220407"}],"version-history":[{"count":0,"href":"https:\/\/migracao.redenoticia.com.br\/noticia\/wp-json\/wp\/v2\/posts\/220407\/revisions"}],"wp:featuredmedia":[{"embeddable":true,"href":"https:\/\/migracao.redenoticia.com.br\/noticia\/wp-json\/wp\/v2\/media\/215469"}],"wp:attachment":[{"href":"https:\/\/migracao.redenoticia.com.br\/noticia\/wp-json\/wp\/v2\/media?parent=220407"}],"wp:term":[{"taxonomy":"category","embeddable":true,"href":"https:\/\/migracao.redenoticia.com.br\/noticia\/wp-json\/wp\/v2\/categories?post=220407"},{"taxonomy":"post_tag","embeddable":true,"href":"https:\/\/migracao.redenoticia.com.br\/noticia\/wp-json\/wp\/v2\/tags?post=220407"}],"curies":[{"name":"wp","href":"https:\/\/api.w.org\/{rel}","templated":true}]}}