{"id":220467,"date":"2022-05-30T17:34:05","date_gmt":"2022-05-30T20:34:05","guid":{"rendered":"https:\/\/www.redenoticia.com.br\/noticia\/?p=220467"},"modified":"2022-05-30T17:34:05","modified_gmt":"2022-05-30T20:34:05","slug":"resumo-carinha-de-anjo-31-05-dulce-diz-ter-um-plano-para-tentar-curar-alma-do-seu-avo","status":"publish","type":"post","link":"https:\/\/migracao.redenoticia.com.br\/noticia\/2022\/resumo-carinha-de-anjo-31-05-dulce-diz-ter-um-plano-para-tentar-curar-alma-do-seu-avo\/220467","title":{"rendered":"Resumo \u201cCarinha De Anjo\u201d 31\/05: Dulce diz ter um plano para tentar curar alma do seu av\u00f4"},"content":{"rendered":"<p><img loading=\"lazy\" decoding=\"async\" class=\"aligncenter size-full wp-image-210452\" src=\"https:\/\/migracao.redenoticia.com.br\/noticia\/imagens\/carinha-de-anjo-novela-sbt-elenco-infantil.jpeg\" alt=\"\" width=\"1280\" height=\"720\" srcset=\"https:\/\/migracao.redenoticia.com.br\/noticia\/imagens\/carinha-de-anjo-novela-sbt-elenco-infantil.jpeg 1280w, https:\/\/migracao.redenoticia.com.br\/noticia\/imagens\/carinha-de-anjo-novela-sbt-elenco-infantil-250x140.jpeg 250w, https:\/\/migracao.redenoticia.com.br\/noticia\/imagens\/carinha-de-anjo-novela-sbt-elenco-infantil-400x225.jpeg 400w, https:\/\/migracao.redenoticia.com.br\/noticia\/imagens\/carinha-de-anjo-novela-sbt-elenco-infantil-768x432.jpeg 768w, https:\/\/migracao.redenoticia.com.br\/noticia\/imagens\/carinha-de-anjo-novela-sbt-elenco-infantil-150x85.jpeg 150w\" sizes=\"auto, (max-width: 1280px) 100vw, 1280px\" \/><\/p>\n<p><strong><em>Resumo da novela \u201cCarinha De Anjo\u201d<\/em><\/strong> em 31\/05: no cap\u00edtulo 189(*) da novela, Haydee tamb\u00e9m entra em um aplicativo de namoro. Adolfo diz que Cec\u00edlia n\u00e3o pode falar de Tereza e d\u00favida da \u00edndole da mulher. Em casa, Cec\u00edlia revela ao marido que foi conversar com Adolfo e foi terr\u00edvel devido a frieza do homem. Gustavo n\u00e3o gosta de Cec\u00edlia ter ido atr\u00e1s do homem e reclama.<\/p>\n<p>Cec\u00edlia diz que j\u00e1 passou da hora do esposo lhe ver como sua companheira e n\u00e3o apenas como uma pessoa fr\u00e1gil. Franciely e Silvestre revelam para os L\u00e1rios que est\u00e3o namorando. Leonardo se encontra mais uma vez com Adolfo e o advogado dele. O homem insiste que Gustavo est\u00e1 com problemas financeiros e que deve ter mandado Cec\u00edlia ir atr\u00e1s dele com interesse em mascarar as coisas.<\/p>\n<p>Leonardo diz para Adolfo que pode encontrar provas que mostrem que Gustavo \u00e9 respons\u00e1vel pela morte de Tereza. Dulce Maria diz para Fabiana que tem um plano para tentar curar alma do seu av\u00f4. Crist\u00f3v\u00e3o conta para F\u00e1tima que recebeu convite da concorrente da Rey Caf\u00e9 para se tornar o novo diretor jur\u00eddico. Leonardo manda Fl\u00e1vio encontrar formas para incriminar Gustavo sobre a morte de Tereza. <\/p>\n<p>(*) edi\u00e7\u00e3o das novelas do SBT, \u201cCarinha De Anjo\u201d, sujeito a altera\u00e7\u00e3o de data e conte\u00fado.<\/p>\n<p>Sinopse \u201cCarinha De Anjo\u201d: Dulce Maria \u00e9 uma menina doce, ing\u00eanua, inteligente e alegre de 5 anos de idade. \u00c9 brincalhona, aventureira e extremamente curiosa. Diverte a todos com seus coment\u00e1rios e perguntas indiscretas e surpreende com suas descobertas.<\/p>\n<p>Ela \u00e9 filha \u00fanica de Gustavo L\u00e1rios (Carlo Porto), bem-sucedido empres\u00e1rio da cafeicultura brasileira, e da mexicana Teresa Rezende L\u00e1rios (Lucero), m\u00e3e acolhedora de s\u00e1bios conselhos e voz ador\u00e1vel, que faleceu num acidente quando Dulce Maria tinha apenas 3 anos de idade. Traumatizado com a trag\u00e9dia, Gustavo deixou a filha no col\u00e9gio interno.<\/p>\n","protected":false},"excerpt":{"rendered":"<p>Resumo da novela \u201cCarinha De Anjo\u201d em 31\/05: no cap\u00edtulo 189(*) da novela, Haydee tamb\u00e9m entra em um aplicativo de namoro. Adolfo diz que Cec\u00edlia n\u00e3o pode falar de Tereza e d\u00favida da \u00edndole da mulher. Em casa, Cec\u00edlia revela ao marido que foi conversar com Adolfo e foi terr\u00edvel devido a frieza do homem. [&hellip;]<\/p>\n","protected":false},"author":4,"featured_media":210453,"comment_status":"closed","ping_status":"closed","sticky":false,"template":"","format":"standard","meta":{"tdm_status":"","tdm_grid_status":"","footnotes":""},"categories":[452,379,2025,372,343],"tags":[441],"class_list":{"0":"post-220467","1":"post","2":"type-post","3":"status-publish","4":"format-standard","5":"has-post-thumbnail","7":"category-carinha-de-anjo","8":"category-novelas","9":"category-resumo","10":"category-sbt","11":"category-televisao","12":"tag-resumo-do-dia"},"_links":{"self":[{"href":"https:\/\/migracao.redenoticia.com.br\/noticia\/wp-json\/wp\/v2\/posts\/220467","targetHints":{"allow":["GET"]}}],"collection":[{"href":"https:\/\/migracao.redenoticia.com.br\/noticia\/wp-json\/wp\/v2\/posts"}],"about":[{"href":"https:\/\/migracao.redenoticia.com.br\/noticia\/wp-json\/wp\/v2\/types\/post"}],"author":[{"embeddable":true,"href":"https:\/\/migracao.redenoticia.com.br\/noticia\/wp-json\/wp\/v2\/users\/4"}],"replies":[{"embeddable":true,"href":"https:\/\/migracao.redenoticia.com.br\/noticia\/wp-json\/wp\/v2\/comments?post=220467"}],"version-history":[{"count":0,"href":"https:\/\/migracao.redenoticia.com.br\/noticia\/wp-json\/wp\/v2\/posts\/220467\/revisions"}],"wp:featuredmedia":[{"embeddable":true,"href":"https:\/\/migracao.redenoticia.com.br\/noticia\/wp-json\/wp\/v2\/media\/210453"}],"wp:attachment":[{"href":"https:\/\/migracao.redenoticia.com.br\/noticia\/wp-json\/wp\/v2\/media?parent=220467"}],"wp:term":[{"taxonomy":"category","embeddable":true,"href":"https:\/\/migracao.redenoticia.com.br\/noticia\/wp-json\/wp\/v2\/categories?post=220467"},{"taxonomy":"post_tag","embeddable":true,"href":"https:\/\/migracao.redenoticia.com.br\/noticia\/wp-json\/wp\/v2\/tags?post=220467"}],"curies":[{"name":"wp","href":"https:\/\/api.w.org\/{rel}","templated":true}]}}