{"id":220475,"date":"2022-05-30T17:41:42","date_gmt":"2022-05-30T20:41:42","guid":{"rendered":"https:\/\/www.redenoticia.com.br\/noticia\/?p=220475"},"modified":"2022-05-30T17:41:42","modified_gmt":"2022-05-30T20:41:42","slug":"resumo-cara-e-coragem-31-05-pat-e-moa-recebem-um-video-de-clarice","status":"publish","type":"post","link":"https:\/\/migracao.redenoticia.com.br\/noticia\/2022\/resumo-cara-e-coragem-31-05-pat-e-moa-recebem-um-video-de-clarice\/220475","title":{"rendered":"Resumo \u201cCara e Coragem\u201d 31\/05: Pat e Moa recebem um v\u00eddeo de Clarice"},"content":{"rendered":"<p><img loading=\"lazy\" decoding=\"async\" src=\"https:\/\/migracao.redenoticia.com.br\/noticia\/imagens\/cara-e-coragem.jpg\" alt=\"\" width=\"1280\" height=\"720\" class=\"aligncenter size-full wp-image-220184\" srcset=\"https:\/\/migracao.redenoticia.com.br\/noticia\/imagens\/cara-e-coragem.jpg 1280w, https:\/\/migracao.redenoticia.com.br\/noticia\/imagens\/cara-e-coragem-250x140.jpg 250w, https:\/\/migracao.redenoticia.com.br\/noticia\/imagens\/cara-e-coragem-400x225.jpg 400w, https:\/\/migracao.redenoticia.com.br\/noticia\/imagens\/cara-e-coragem-768x432.jpg 768w, https:\/\/migracao.redenoticia.com.br\/noticia\/imagens\/cara-e-coragem-150x84.jpg 150w\" sizes=\"auto, (max-width: 1280px) 100vw, 1280px\" \/><\/p>\n<p><strong><em>Resumo da novela \u201cCara e Coragem\u201d<\/em><\/strong> em 31\/05: no cap\u00edtulo 002(*) da novela, Pat salva Moa. \u00cdtalo estranha quando Clarice mente para ele. Pat descobre que o paraquedas de Moa foi sabotado. \u00cdtalo pega um objeto que Clarice escondeu no cemit\u00e9rio. Danilo avisa a Leonardo que mandou algu\u00e9m procurar a pasta perdida.<\/p>\n<p>Uma van bate no carro de Clarice, e \u00cdtalo tenta convencer a empres\u00e1ria de contratar um novo seguran\u00e7a. Moa e Pat encontram a pasta e o homem enviado por Danilo at\u00e9 a caverna. Regina \u00e9 demitida por Clarice e simula fragilidade ao reclamar com Leonardo. Pat abre a pasta e examina o conte\u00fado com Moa. Clarice mente para \u00cdtalo e sai com Jonathan. Danilo conhece Bob Wright. Duarte v\u00ea J\u00e9ssica ajudar uma mo\u00e7a parecida com Clarice. Pat e Moa recebem um v\u00eddeo de Clarice. \u00cdtalo \u00e9 atacado por um desconhecido e fica desacordado. Moa e Pat veem na TV uma not\u00edcia sobre a morte de Clarice.<\/p>\n<p>(*) edi\u00e7\u00e3o das novelas da Globo, \u201cCara e Coragem\u201d, sujeito a altera\u00e7\u00e3o de data e conte\u00fado.<\/p>\n<p>Sinopse \u201cCara e Coragem\u201d: Os dubl\u00eas profissionais Pat e Moa ter\u00e3o seus caminhos tra\u00e7ados com o da empres\u00e1ria Clarice Gusm\u00e3o, diretora da Sider\u00fargica Gusm\u00e3o e inventora de uma f\u00f3rmula secreta milion\u00e1ria, que ser\u00e1 invejada por Leonardo, irm\u00e3o de Clarice, sua amante Regina, e Danilo, tamb\u00e9m empres\u00e1rio.<\/p>\n<p>Enquanto os dubl\u00eas se descobrir\u00e3o apaixonados um pelo outro, mesmo que eles n\u00e3o admitam, Clarice ter\u00e1 um caso com \u00cdtalo, um instrutor de parkur, al\u00e9m de outros segredos obscuros dentro da trama. Uma reviravolta em sua vida acontece ao descobrir a exist\u00eancia de Anita, uma s\u00f3sia sua, mas com uma personalidade totalmente oposta.<\/p>\n","protected":false},"excerpt":{"rendered":"<p>Resumo da novela \u201cCara e Coragem\u201d em 31\/05: no cap\u00edtulo 002(*) da novela, Pat salva Moa. \u00cdtalo estranha quando Clarice mente para ele. Pat descobre que o paraquedas de Moa foi sabotado. \u00cdtalo pega um objeto que Clarice escondeu no cemit\u00e9rio. Danilo avisa a Leonardo que mandou algu\u00e9m procurar a pasta perdida. Uma van bate [&hellip;]<\/p>\n","protected":false},"author":4,"featured_media":220185,"comment_status":"closed","ping_status":"closed","sticky":false,"template":"","format":"standard","meta":{"tdm_status":"","tdm_grid_status":"","footnotes":""},"categories":[2281,379,375,2025,343],"tags":[441],"class_list":{"0":"post-220475","1":"post","2":"type-post","3":"status-publish","4":"format-standard","5":"has-post-thumbnail","7":"category-cara-e-coragem","8":"category-novelas","9":"category-rede-globo","10":"category-resumo","11":"category-televisao","12":"tag-resumo-do-dia"},"_links":{"self":[{"href":"https:\/\/migracao.redenoticia.com.br\/noticia\/wp-json\/wp\/v2\/posts\/220475","targetHints":{"allow":["GET"]}}],"collection":[{"href":"https:\/\/migracao.redenoticia.com.br\/noticia\/wp-json\/wp\/v2\/posts"}],"about":[{"href":"https:\/\/migracao.redenoticia.com.br\/noticia\/wp-json\/wp\/v2\/types\/post"}],"author":[{"embeddable":true,"href":"https:\/\/migracao.redenoticia.com.br\/noticia\/wp-json\/wp\/v2\/users\/4"}],"replies":[{"embeddable":true,"href":"https:\/\/migracao.redenoticia.com.br\/noticia\/wp-json\/wp\/v2\/comments?post=220475"}],"version-history":[{"count":0,"href":"https:\/\/migracao.redenoticia.com.br\/noticia\/wp-json\/wp\/v2\/posts\/220475\/revisions"}],"wp:featuredmedia":[{"embeddable":true,"href":"https:\/\/migracao.redenoticia.com.br\/noticia\/wp-json\/wp\/v2\/media\/220185"}],"wp:attachment":[{"href":"https:\/\/migracao.redenoticia.com.br\/noticia\/wp-json\/wp\/v2\/media?parent=220475"}],"wp:term":[{"taxonomy":"category","embeddable":true,"href":"https:\/\/migracao.redenoticia.com.br\/noticia\/wp-json\/wp\/v2\/categories?post=220475"},{"taxonomy":"post_tag","embeddable":true,"href":"https:\/\/migracao.redenoticia.com.br\/noticia\/wp-json\/wp\/v2\/tags?post=220475"}],"curies":[{"name":"wp","href":"https:\/\/api.w.org\/{rel}","templated":true}]}}