{"id":220544,"date":"2022-06-01T17:21:44","date_gmt":"2022-06-01T20:21:44","guid":{"rendered":"https:\/\/www.redenoticia.com.br\/noticia\/?p=220544"},"modified":"2022-06-01T17:21:44","modified_gmt":"2022-06-01T20:21:44","slug":"resumo-cara-e-coragem-02-06-italo-acusa-jonathan-de-ter-tirado-a-vida-de-clarice","status":"publish","type":"post","link":"https:\/\/migracao.redenoticia.com.br\/noticia\/2022\/resumo-cara-e-coragem-02-06-italo-acusa-jonathan-de-ter-tirado-a-vida-de-clarice\/220544","title":{"rendered":"Resumo \u201cCara e Coragem\u201d 02\/06: \u00cdtalo acusa Jonathan de ter tirado a vida de Clarice"},"content":{"rendered":"<p><img loading=\"lazy\" decoding=\"async\" src=\"https:\/\/migracao.redenoticia.com.br\/noticia\/imagens\/cara-e-coragem.jpg\" alt=\"\" width=\"1280\" height=\"720\" class=\"aligncenter size-full wp-image-220184\" srcset=\"https:\/\/migracao.redenoticia.com.br\/noticia\/imagens\/cara-e-coragem.jpg 1280w, https:\/\/migracao.redenoticia.com.br\/noticia\/imagens\/cara-e-coragem-250x140.jpg 250w, https:\/\/migracao.redenoticia.com.br\/noticia\/imagens\/cara-e-coragem-400x225.jpg 400w, https:\/\/migracao.redenoticia.com.br\/noticia\/imagens\/cara-e-coragem-768x432.jpg 768w, https:\/\/migracao.redenoticia.com.br\/noticia\/imagens\/cara-e-coragem-150x84.jpg 150w\" sizes=\"auto, (max-width: 1280px) 100vw, 1280px\" \/><\/p>\n<p><strong><em>Resumo da novela \u201cCara e Coragem\u201d<\/em><\/strong> em 02\/06: no cap\u00edtulo 004(*) da novela, Pat conversa com Moa e demonstra preocupa\u00e7\u00e3o. Danilo manda Rebeca pegar Chiquinho da casa de Moa. Jonathan decide sumir por uns tempos ap\u00f3s a morte de Clarice. Duarte obriga J\u00e9ssica a ir \u00e0 delegacia. Pat chega \u00e0 casa de Moa e o flagra discutindo com Danilo. \u00cdtalo n\u00e3o consegue depor sobre o caso de Clarice.<\/p>\n<p>Pat e Moa conversam com o investigador Paulo e tentam mostrar o v\u00eddeo enviado por Clarice. Duarte acompanha J\u00e9ssica at\u00e9 a delegacia vestido de Bob Wright. Pat e Moa descobrem que o v\u00eddeo de Clarice foi apagado. \u00cdtalo se aproxima de Moa e Pat e os leva at\u00e9 a casa de Jonathan. Leonardo se culpa pela morte de Clarice. Moa, Pat e \u00cdtalo encontram Jonathan. Gustavo v\u00ea Bob Wright na frente da delegacia. \u00cdtalo acusa Jonathan de ter tirado a vida de Clarice.<\/p>\n<p>(*) edi\u00e7\u00e3o das novelas da Globo, \u201cCara e Coragem\u201d, sujeito a altera\u00e7\u00e3o de data e conte\u00fado.<\/p>\n<p>Sinopse \u201cCara e Coragem\u201d: Os dubl\u00eas profissionais Pat e Moa ter\u00e3o seus caminhos tra\u00e7ados com o da empres\u00e1ria Clarice Gusm\u00e3o, diretora da Sider\u00fargica Gusm\u00e3o e inventora de uma f\u00f3rmula secreta milion\u00e1ria, que ser\u00e1 invejada por Leonardo, irm\u00e3o de Clarice, sua amante Regina, e Danilo, tamb\u00e9m empres\u00e1rio.<\/p>\n<p>Enquanto os dubl\u00eas se descobrir\u00e3o apaixonados um pelo outro, mesmo que eles n\u00e3o admitam, Clarice ter\u00e1 um caso com \u00cdtalo, um instrutor de parkur, al\u00e9m de outros segredos obscuros dentro da trama. Uma reviravolta em sua vida acontece ao descobrir a exist\u00eancia de Anita, uma s\u00f3sia sua, mas com uma personalidade totalmente oposta.<\/p>\n","protected":false},"excerpt":{"rendered":"<p>Resumo da novela \u201cCara e Coragem\u201d em 02\/06: no cap\u00edtulo 004(*) da novela, Pat conversa com Moa e demonstra preocupa\u00e7\u00e3o. Danilo manda Rebeca pegar Chiquinho da casa de Moa. Jonathan decide sumir por uns tempos ap\u00f3s a morte de Clarice. Duarte obriga J\u00e9ssica a ir \u00e0 delegacia. Pat chega \u00e0 casa de Moa e o [&hellip;]<\/p>\n","protected":false},"author":4,"featured_media":220185,"comment_status":"closed","ping_status":"closed","sticky":false,"template":"","format":"standard","meta":{"tdm_status":"","tdm_grid_status":"","footnotes":""},"categories":[2281,379,375,2025,343],"tags":[441],"class_list":{"0":"post-220544","1":"post","2":"type-post","3":"status-publish","4":"format-standard","5":"has-post-thumbnail","7":"category-cara-e-coragem","8":"category-novelas","9":"category-rede-globo","10":"category-resumo","11":"category-televisao","12":"tag-resumo-do-dia"},"_links":{"self":[{"href":"https:\/\/migracao.redenoticia.com.br\/noticia\/wp-json\/wp\/v2\/posts\/220544","targetHints":{"allow":["GET"]}}],"collection":[{"href":"https:\/\/migracao.redenoticia.com.br\/noticia\/wp-json\/wp\/v2\/posts"}],"about":[{"href":"https:\/\/migracao.redenoticia.com.br\/noticia\/wp-json\/wp\/v2\/types\/post"}],"author":[{"embeddable":true,"href":"https:\/\/migracao.redenoticia.com.br\/noticia\/wp-json\/wp\/v2\/users\/4"}],"replies":[{"embeddable":true,"href":"https:\/\/migracao.redenoticia.com.br\/noticia\/wp-json\/wp\/v2\/comments?post=220544"}],"version-history":[{"count":0,"href":"https:\/\/migracao.redenoticia.com.br\/noticia\/wp-json\/wp\/v2\/posts\/220544\/revisions"}],"wp:featuredmedia":[{"embeddable":true,"href":"https:\/\/migracao.redenoticia.com.br\/noticia\/wp-json\/wp\/v2\/media\/220185"}],"wp:attachment":[{"href":"https:\/\/migracao.redenoticia.com.br\/noticia\/wp-json\/wp\/v2\/media?parent=220544"}],"wp:term":[{"taxonomy":"category","embeddable":true,"href":"https:\/\/migracao.redenoticia.com.br\/noticia\/wp-json\/wp\/v2\/categories?post=220544"},{"taxonomy":"post_tag","embeddable":true,"href":"https:\/\/migracao.redenoticia.com.br\/noticia\/wp-json\/wp\/v2\/tags?post=220544"}],"curies":[{"name":"wp","href":"https:\/\/api.w.org\/{rel}","templated":true}]}}