{"id":220572,"date":"2022-06-02T14:25:30","date_gmt":"2022-06-02T17:25:30","guid":{"rendered":"https:\/\/www.redenoticia.com.br\/noticia\/?p=220572"},"modified":"2022-06-02T14:25:30","modified_gmt":"2022-06-02T17:25:30","slug":"resumo-carinha-de-anjo-03-06-dulce-maria-consegue-entrar-no-quarto-de-adolfo","status":"publish","type":"post","link":"https:\/\/migracao.redenoticia.com.br\/noticia\/2022\/resumo-carinha-de-anjo-03-06-dulce-maria-consegue-entrar-no-quarto-de-adolfo\/220572","title":{"rendered":"Resumo \u201cCarinha De Anjo\u201d 03\/06: Dulce Maria consegue entrar no quarto de Adolfo"},"content":{"rendered":"<p><img loading=\"lazy\" decoding=\"async\" class=\"aligncenter size-full wp-image-210452\" src=\"https:\/\/migracao.redenoticia.com.br\/noticia\/imagens\/carinha-de-anjo-novela-sbt-elenco-infantil.jpeg\" alt=\"\" width=\"1280\" height=\"720\" srcset=\"https:\/\/migracao.redenoticia.com.br\/noticia\/imagens\/carinha-de-anjo-novela-sbt-elenco-infantil.jpeg 1280w, https:\/\/migracao.redenoticia.com.br\/noticia\/imagens\/carinha-de-anjo-novela-sbt-elenco-infantil-250x140.jpeg 250w, https:\/\/migracao.redenoticia.com.br\/noticia\/imagens\/carinha-de-anjo-novela-sbt-elenco-infantil-400x225.jpeg 400w, https:\/\/migracao.redenoticia.com.br\/noticia\/imagens\/carinha-de-anjo-novela-sbt-elenco-infantil-768x432.jpeg 768w, https:\/\/migracao.redenoticia.com.br\/noticia\/imagens\/carinha-de-anjo-novela-sbt-elenco-infantil-150x85.jpeg 150w\" sizes=\"auto, (max-width: 1280px) 100vw, 1280px\" \/><\/p>\n<p><strong><em>Resumo da novela \u201cCarinha De Anjo\u201d<\/em><\/strong> em 03\/06: no cap\u00edtulo 192(*) da novela, Dulce tenta descobrir uma maneira de se disfar\u00e7ar para que Adolfo n\u00e3o saiba que ela \u00e9 ela. A pequenina convence Franciely a fazer uma maquiagem nela no dia seguinte, sem revelar o real objetivo. Lulu ir\u00e1 passar o dia com F\u00e1tima. Fabiana telefona para doutor Andr\u00e9 e pede para ir ao consult\u00f3rio dele para falar sobre a Madre Superiora.<\/p>\n<p>Dulce Maria telefona para o col\u00e9gio e pede para Fabiana pegar ela em sua casa mais tarde. Fabiana conversa com o doutor Andr\u00e9. O m\u00e9dico conta que ir\u00e1 fazer uma visita ao col\u00e9gio para ver como est\u00e1 a religiosa. Dulce Maria se veste de mini enfermeira e gosta da maquiagem feita por Franciely. A carinha de anjo diz que ir\u00e1 mostrar como ficou para Juju, mas na verdade sai com Fabiana at\u00e9 o hotel onde est\u00e1 seu av\u00f4. Leonardo pressiona Fl\u00e1vio para conseguir as falsas provas para incriminar Gustavo.<\/p>\n<p>Cec\u00edlia descobre que Dulce Maria n\u00e3o est\u00e1 no quarto e deixou um bilhete dizendo que n\u00e3o fugiu, foi resolver uma emerg\u00eancia e que a irm\u00e3 Fabiana n\u00e3o sabe de nada. O casal telefona para o col\u00e9gio preocupado para saber de Fabiana. Enquanto isso, Franciely descobre que Dulce Maria n\u00e3o foi at\u00e9 a casa de Rosana. A Madre Superiora conta para Cec\u00edlia que agora existe um celular da secret\u00e1ria. Fabiana n\u00e3o atende o telefone. Dulce Maria consegue entrar no quarto de Adolfo e surpreende o homem.<\/p>\n<p>Dulce Maria surpreende o homem e diz que \u00e9 enfermeira. O homem diz que n\u00e3o possui medo de nada e Dulce questiona se ele n\u00e3o tem medo nem de conhecer a pr\u00f3pria neta. Lulu chega na casa de F\u00e1tima e Crist\u00f3v\u00e3o. Dulce Maria insiste em examinar o homem e diz que s\u00f3 vai embora ap\u00f3s isso. Adolfo resmunga, mas deixa a garota fazer o que quer. Dulce diz que j\u00e1 passou da hora dele deixar de ter raiva das pessoas e n\u00e3o consegue escutar nada vindo do cora\u00e7\u00e3o dele. <\/p>\n<p>(*) edi\u00e7\u00e3o das novelas do SBT, \u201cCarinha De Anjo\u201d, sujeito a altera\u00e7\u00e3o de data e conte\u00fado.<\/p>\n<p>Sinopse \u201cCarinha De Anjo\u201d: Dulce Maria \u00e9 uma menina doce, ing\u00eanua, inteligente e alegre de 5 anos de idade. \u00c9 brincalhona, aventureira e extremamente curiosa. Diverte a todos com seus coment\u00e1rios e perguntas indiscretas e surpreende com suas descobertas.<\/p>\n<p>Ela \u00e9 filha \u00fanica de Gustavo L\u00e1rios (Carlo Porto), bem-sucedido empres\u00e1rio da cafeicultura brasileira, e da mexicana Teresa Rezende L\u00e1rios (Lucero), m\u00e3e acolhedora de s\u00e1bios conselhos e voz ador\u00e1vel, que faleceu num acidente quando Dulce Maria tinha apenas 3 anos de idade. Traumatizado com a trag\u00e9dia, Gustavo deixou a filha no col\u00e9gio interno.<\/p>\n","protected":false},"excerpt":{"rendered":"<p>Resumo da novela \u201cCarinha De Anjo\u201d em 03\/06: no cap\u00edtulo 192(*) da novela, Dulce tenta descobrir uma maneira de se disfar\u00e7ar para que Adolfo n\u00e3o saiba que ela \u00e9 ela. A pequenina convence Franciely a fazer uma maquiagem nela no dia seguinte, sem revelar o real objetivo. Lulu ir\u00e1 passar o dia com F\u00e1tima. Fabiana [&hellip;]<\/p>\n","protected":false},"author":4,"featured_media":210453,"comment_status":"closed","ping_status":"closed","sticky":false,"template":"","format":"standard","meta":{"tdm_status":"","tdm_grid_status":"","footnotes":""},"categories":[452,379,2025,372,343],"tags":[441],"class_list":{"0":"post-220572","1":"post","2":"type-post","3":"status-publish","4":"format-standard","5":"has-post-thumbnail","7":"category-carinha-de-anjo","8":"category-novelas","9":"category-resumo","10":"category-sbt","11":"category-televisao","12":"tag-resumo-do-dia"},"_links":{"self":[{"href":"https:\/\/migracao.redenoticia.com.br\/noticia\/wp-json\/wp\/v2\/posts\/220572","targetHints":{"allow":["GET"]}}],"collection":[{"href":"https:\/\/migracao.redenoticia.com.br\/noticia\/wp-json\/wp\/v2\/posts"}],"about":[{"href":"https:\/\/migracao.redenoticia.com.br\/noticia\/wp-json\/wp\/v2\/types\/post"}],"author":[{"embeddable":true,"href":"https:\/\/migracao.redenoticia.com.br\/noticia\/wp-json\/wp\/v2\/users\/4"}],"replies":[{"embeddable":true,"href":"https:\/\/migracao.redenoticia.com.br\/noticia\/wp-json\/wp\/v2\/comments?post=220572"}],"version-history":[{"count":0,"href":"https:\/\/migracao.redenoticia.com.br\/noticia\/wp-json\/wp\/v2\/posts\/220572\/revisions"}],"wp:featuredmedia":[{"embeddable":true,"href":"https:\/\/migracao.redenoticia.com.br\/noticia\/wp-json\/wp\/v2\/media\/210453"}],"wp:attachment":[{"href":"https:\/\/migracao.redenoticia.com.br\/noticia\/wp-json\/wp\/v2\/media?parent=220572"}],"wp:term":[{"taxonomy":"category","embeddable":true,"href":"https:\/\/migracao.redenoticia.com.br\/noticia\/wp-json\/wp\/v2\/categories?post=220572"},{"taxonomy":"post_tag","embeddable":true,"href":"https:\/\/migracao.redenoticia.com.br\/noticia\/wp-json\/wp\/v2\/tags?post=220572"}],"curies":[{"name":"wp","href":"https:\/\/api.w.org\/{rel}","templated":true}]}}