{"id":220576,"date":"2022-06-02T14:28:49","date_gmt":"2022-06-02T17:28:49","guid":{"rendered":"https:\/\/www.redenoticia.com.br\/noticia\/?p=220576"},"modified":"2022-06-02T14:28:49","modified_gmt":"2022-06-02T17:28:49","slug":"resumo-a-favorita-03-06-lara-pega-cartas-de-flora","status":"publish","type":"post","link":"https:\/\/migracao.redenoticia.com.br\/noticia\/2022\/resumo-a-favorita-03-06-lara-pega-cartas-de-flora\/220576","title":{"rendered":"Resumo &#8220;A Favorita&#8221; 03\/06: Lara pega cartas de Flora"},"content":{"rendered":"<p> <img loading=\"lazy\" decoding=\"async\" src=\"https:\/\/migracao.redenoticia.com.br\/noticia\/imagens\/afavorita2.jpg\" alt=\"\" width=\"1280\" height=\"720\" class=\"aligncenter size-full wp-image-219854\" srcset=\"https:\/\/migracao.redenoticia.com.br\/noticia\/imagens\/afavorita2.jpg 1280w, https:\/\/migracao.redenoticia.com.br\/noticia\/imagens\/afavorita2-250x140.jpg 250w, https:\/\/migracao.redenoticia.com.br\/noticia\/imagens\/afavorita2-400x225.jpg 400w, https:\/\/migracao.redenoticia.com.br\/noticia\/imagens\/afavorita2-768x432.jpg 768w, https:\/\/migracao.redenoticia.com.br\/noticia\/imagens\/afavorita2-150x84.jpg 150w\" sizes=\"auto, (max-width: 1280px) 100vw, 1280px\" \/><\/p>\n<p><em><strong>Resumo da novela &#8220;A Favorita&#8221;<\/strong><\/em> em 03\/06: no cap\u00edtulo 015(*) da novela, Lara diz que a m\u00e3e nunca lhe escreveu. Flora pondera que talvez ela tenha tentado entrar em contato. Gon\u00e7alo promete apoiar Donatela sempre. Dodi acusa Tina pela sua demiss\u00e3o. Os seguran\u00e7as colocam Dodi para fora. C\u00e9u diz a Greice que vai para S\u00e3o Paulo tentar ser modelo. Dois homens assediam C\u00e9u, que \u00e9 salva por Cassiano.<\/p>\n<p>Dulce acha que Rita deveria ter aceitado o carro. Flora tra\u00e7a um plano para se aproximar de Lara e pede a ajuda de Irene. Silveirinha mostra a Donatela a reportagem elogiosa que Z\u00e9 Bob escreveu sobre ela. Donatela nega gostar de Z\u00e9 Bob. Cilene flagra Manu e Halley juntos. Shiva leva Ma\u00edra at\u00e9 Augusto e ele se encanta por ela.<\/p>\n<p>Dulce procura Z\u00e9 Bob e conta que ele tem uma filha de oito anos. Z\u00e9 Bob fica com uma foto de Camila. Lara conta para Donatela que Sandra salvou a sua vida. Donatela insiste que Lara convide Sandra para jantar. Gon\u00e7alo rasga o convite que recebe para as bodas de ouro de Copola.<\/p>\n<p>Vanderlei d\u00e1 uma rosa para Catarina. Leonardo diz a Catarina que n\u00e3o ir\u00e3o \u00e0 festa de Copola. Irene entrega uma carta de Flora para Lara e diz que chegou h\u00e1 duas semanas. Lara se espanta ao ler que a m\u00e3e mandou mais de 40 cartas para ela.<\/p>\n<p>Greice conta para C\u00e9u que Cassiano \u00e9 namorado de Lara. Pedro confessa para Lara que n\u00e3o lhe entregou as cartas de Flora. Lara se emociona quando pega as cartas. Irene segue Donatela e v\u00ea quando ela se encontra com Dodi.  <\/p>\n<p>(*) edi\u00e7\u00e3o das novelas da Globo, &#8220;A Favorita&#8221;, sujeito a altera\u00e7\u00e3o de data e conte\u00fado.<\/p>\n<p>Sinopse &#8220;A Favorita&#8221;: Donatela perdeu seus pais num acidente de carro e foi adotada pela fam\u00edlia de Flora, assim, as duas cresceram como irm\u00e3s. Elas sempre tiveram talento para o canto e chegaram a formar uma dupla sertaneja: Fa\u00edsca e Espoleta. As cantoras fizeram sucesso, mas sua carreira foi interrompida depois que conheceram os amigos Marcelo e Dodi. Donatela casou-se com Marcelo e Flora com Dodi, mas o casamento da primeira foi conturbado. O primeiro filho do casal desapareceu com seis meses de idade, e al\u00e9m disso, Flora teve um caso com o marido da melhor amiga, j\u00e1 separada de Dodi e dessa rela\u00e7\u00e3o nasceu Lara, o que a distanciou ainda mais de sua irm\u00e3 de cria\u00e7\u00e3o.<\/p>\n<p>No pior momento de disc\u00f3rdia entre as duas, Marcelo \u00e9 assassinado, e a culpa recai sobre Flora, que foi pega com a arma do crime, sendo sentenciada a dezoito anos de reclus\u00e3o, separando-se assim de sua filha, que \u00e9 adotada e criada por Donatela. Ao sair da pris\u00e3o, Flora quer provar sua inoc\u00eancia, com a ideia de que a verdadeira culpada foi sua ex-amiga. Donatela, por sua vez, faz de tudo para que Lara n\u00e3o se aproxime de sua m\u00e3e biol\u00f3gica, e a menina se torna o alvo da disputa entre as duas.<\/p>\n","protected":false},"excerpt":{"rendered":"<p>Resumo da novela &#8220;A Favorita&#8221; em 03\/06: no cap\u00edtulo 015(*) da novela, Lara diz que a m\u00e3e nunca lhe escreveu. Flora pondera que talvez ela tenha tentado entrar em contato. Gon\u00e7alo promete apoiar Donatela sempre. Dodi acusa Tina pela sua demiss\u00e3o. Os seguran\u00e7as colocam Dodi para fora. C\u00e9u diz a Greice que vai para S\u00e3o [&hellip;]<\/p>\n","protected":false},"author":4,"featured_media":219850,"comment_status":"closed","ping_status":"closed","sticky":false,"template":"","format":"standard","meta":{"tdm_status":"","tdm_grid_status":"","footnotes":""},"categories":[2278,379,375,2025,343],"tags":[441],"class_list":{"0":"post-220576","1":"post","2":"type-post","3":"status-publish","4":"format-standard","5":"has-post-thumbnail","7":"category-a-favorita","8":"category-novelas","9":"category-rede-globo","10":"category-resumo","11":"category-televisao","12":"tag-resumo-do-dia"},"_links":{"self":[{"href":"https:\/\/migracao.redenoticia.com.br\/noticia\/wp-json\/wp\/v2\/posts\/220576","targetHints":{"allow":["GET"]}}],"collection":[{"href":"https:\/\/migracao.redenoticia.com.br\/noticia\/wp-json\/wp\/v2\/posts"}],"about":[{"href":"https:\/\/migracao.redenoticia.com.br\/noticia\/wp-json\/wp\/v2\/types\/post"}],"author":[{"embeddable":true,"href":"https:\/\/migracao.redenoticia.com.br\/noticia\/wp-json\/wp\/v2\/users\/4"}],"replies":[{"embeddable":true,"href":"https:\/\/migracao.redenoticia.com.br\/noticia\/wp-json\/wp\/v2\/comments?post=220576"}],"version-history":[{"count":0,"href":"https:\/\/migracao.redenoticia.com.br\/noticia\/wp-json\/wp\/v2\/posts\/220576\/revisions"}],"wp:featuredmedia":[{"embeddable":true,"href":"https:\/\/migracao.redenoticia.com.br\/noticia\/wp-json\/wp\/v2\/media\/219850"}],"wp:attachment":[{"href":"https:\/\/migracao.redenoticia.com.br\/noticia\/wp-json\/wp\/v2\/media?parent=220576"}],"wp:term":[{"taxonomy":"category","embeddable":true,"href":"https:\/\/migracao.redenoticia.com.br\/noticia\/wp-json\/wp\/v2\/categories?post=220576"},{"taxonomy":"post_tag","embeddable":true,"href":"https:\/\/migracao.redenoticia.com.br\/noticia\/wp-json\/wp\/v2\/tags?post=220576"}],"curies":[{"name":"wp","href":"https:\/\/api.w.org\/{rel}","templated":true}]}}