{"id":220610,"date":"2022-06-03T16:46:17","date_gmt":"2022-06-03T19:46:17","guid":{"rendered":"https:\/\/www.redenoticia.com.br\/noticia\/?p=220610"},"modified":"2022-06-03T16:46:17","modified_gmt":"2022-06-03T19:46:17","slug":"resumo-cara-e-coragem-04-06-martha-assume-a-presidencia-da-sg","status":"publish","type":"post","link":"https:\/\/migracao.redenoticia.com.br\/noticia\/2022\/resumo-cara-e-coragem-04-06-martha-assume-a-presidencia-da-sg\/220610","title":{"rendered":"Resumo \u201cCara e Coragem\u201d 04\/06: Martha assume a presid\u00eancia da SG"},"content":{"rendered":"<p><img loading=\"lazy\" decoding=\"async\" src=\"https:\/\/migracao.redenoticia.com.br\/noticia\/imagens\/cara-e-coragem.jpg\" alt=\"\" width=\"1280\" height=\"720\" class=\"aligncenter size-full wp-image-220184\" srcset=\"https:\/\/migracao.redenoticia.com.br\/noticia\/imagens\/cara-e-coragem.jpg 1280w, https:\/\/migracao.redenoticia.com.br\/noticia\/imagens\/cara-e-coragem-250x140.jpg 250w, https:\/\/migracao.redenoticia.com.br\/noticia\/imagens\/cara-e-coragem-400x225.jpg 400w, https:\/\/migracao.redenoticia.com.br\/noticia\/imagens\/cara-e-coragem-768x432.jpg 768w, https:\/\/migracao.redenoticia.com.br\/noticia\/imagens\/cara-e-coragem-150x84.jpg 150w\" sizes=\"auto, (max-width: 1280px) 100vw, 1280px\" \/><\/p>\n<p><strong><em>Resumo da novela \u201cCara e Coragem\u201d<\/em><\/strong> em 04\/06: no cap\u00edtulo 006(*) da novela, Pat e Moa n\u00e3o encontram a mulher no \u00f4nibus. Cleide mostra a foto de Clarice para Anita e se impressiona com a semelhan\u00e7a entre as duas. \u00cdtalo garante a Moa que Clarice est\u00e1 morta. Paulo encontra Pat, Moa e \u00cdtalo na frente da delegacia. Anita faz massagem em Cleide.<\/p>\n<p>Alfredo exige saber a verdade sobre o trabalho que Pat e Moa fizeram para Clarice. Renan \u00e9 hostil com Lou. Armandinho chama Pat para a grava\u00e7\u00e3o de um comercial. Martha assume a presid\u00eancia da SG e Leonardo se surpreende com a decis\u00e3o da m\u00e3e. Paulo encontra um v\u00eddeo de c\u00e2mera de seguran\u00e7a do local onde o corpo de Clarice foi encontrado.<\/p>\n<p>Pat obriga Armandinho a chamar Moa para ocupar o lugar de Kak\u00e1 Bezerra. \u00cdtalo conta para Moa e Pat sobre o v\u00eddeo descoberto pela pol\u00edcia. Anita observa uma cliente no brech\u00f3 experimentando o mesmo terno laranja que Clarice usava no dia de sua morte.<\/p>\n<p>(*) edi\u00e7\u00e3o das novelas da Globo, \u201cCara e Coragem\u201d, sujeito a altera\u00e7\u00e3o de data e conte\u00fado.<\/p>\n<p>Sinopse \u201cCara e Coragem\u201d: Os dubl\u00eas profissionais Pat e Moa ter\u00e3o seus caminhos tra\u00e7ados com o da empres\u00e1ria Clarice Gusm\u00e3o, diretora da Sider\u00fargica Gusm\u00e3o e inventora de uma f\u00f3rmula secreta milion\u00e1ria, que ser\u00e1 invejada por Leonardo, irm\u00e3o de Clarice, sua amante Regina, e Danilo, tamb\u00e9m empres\u00e1rio.<\/p>\n<p>Enquanto os dubl\u00eas se descobrir\u00e3o apaixonados um pelo outro, mesmo que eles n\u00e3o admitam, Clarice ter\u00e1 um caso com \u00cdtalo, um instrutor de parkur, al\u00e9m de outros segredos obscuros dentro da trama. Uma reviravolta em sua vida acontece ao descobrir a exist\u00eancia de Anita, uma s\u00f3sia sua, mas com uma personalidade totalmente oposta.<\/p>\n","protected":false},"excerpt":{"rendered":"<p>Resumo da novela \u201cCara e Coragem\u201d em 04\/06: no cap\u00edtulo 006(*) da novela, Pat e Moa n\u00e3o encontram a mulher no \u00f4nibus. Cleide mostra a foto de Clarice para Anita e se impressiona com a semelhan\u00e7a entre as duas. \u00cdtalo garante a Moa que Clarice est\u00e1 morta. Paulo encontra Pat, Moa e \u00cdtalo na frente [&hellip;]<\/p>\n","protected":false},"author":4,"featured_media":220185,"comment_status":"closed","ping_status":"closed","sticky":false,"template":"","format":"standard","meta":{"tdm_status":"","tdm_grid_status":"","footnotes":""},"categories":[2281,379,375,2025,343],"tags":[441],"class_list":{"0":"post-220610","1":"post","2":"type-post","3":"status-publish","4":"format-standard","5":"has-post-thumbnail","7":"category-cara-e-coragem","8":"category-novelas","9":"category-rede-globo","10":"category-resumo","11":"category-televisao","12":"tag-resumo-do-dia"},"_links":{"self":[{"href":"https:\/\/migracao.redenoticia.com.br\/noticia\/wp-json\/wp\/v2\/posts\/220610","targetHints":{"allow":["GET"]}}],"collection":[{"href":"https:\/\/migracao.redenoticia.com.br\/noticia\/wp-json\/wp\/v2\/posts"}],"about":[{"href":"https:\/\/migracao.redenoticia.com.br\/noticia\/wp-json\/wp\/v2\/types\/post"}],"author":[{"embeddable":true,"href":"https:\/\/migracao.redenoticia.com.br\/noticia\/wp-json\/wp\/v2\/users\/4"}],"replies":[{"embeddable":true,"href":"https:\/\/migracao.redenoticia.com.br\/noticia\/wp-json\/wp\/v2\/comments?post=220610"}],"version-history":[{"count":0,"href":"https:\/\/migracao.redenoticia.com.br\/noticia\/wp-json\/wp\/v2\/posts\/220610\/revisions"}],"wp:featuredmedia":[{"embeddable":true,"href":"https:\/\/migracao.redenoticia.com.br\/noticia\/wp-json\/wp\/v2\/media\/220185"}],"wp:attachment":[{"href":"https:\/\/migracao.redenoticia.com.br\/noticia\/wp-json\/wp\/v2\/media?parent=220610"}],"wp:term":[{"taxonomy":"category","embeddable":true,"href":"https:\/\/migracao.redenoticia.com.br\/noticia\/wp-json\/wp\/v2\/categories?post=220610"},{"taxonomy":"post_tag","embeddable":true,"href":"https:\/\/migracao.redenoticia.com.br\/noticia\/wp-json\/wp\/v2\/tags?post=220610"}],"curies":[{"name":"wp","href":"https:\/\/api.w.org\/{rel}","templated":true}]}}