{"id":220664,"date":"2022-06-05T19:55:45","date_gmt":"2022-06-05T22:55:45","guid":{"rendered":"https:\/\/www.redenoticia.com.br\/noticia\/?p=220664"},"modified":"2022-06-05T19:55:45","modified_gmt":"2022-06-05T22:55:45","slug":"resumo-cuidado-com-o-anjo-06-06-candelaria-lava-e-passa-roupas-para-sobreviver","status":"publish","type":"post","link":"https:\/\/migracao.redenoticia.com.br\/noticia\/2022\/resumo-cuidado-com-o-anjo-06-06-candelaria-lava-e-passa-roupas-para-sobreviver\/220664","title":{"rendered":"Resumo &#8220;Cuidado com o Anjo&#8221; 06\/06: Candel\u00e1ria lava e passa roupas para sobreviver"},"content":{"rendered":"<p><img loading=\"lazy\" decoding=\"async\" class=\"aligncenter size-full wp-image-220665\" src=\"https:\/\/migracao.redenoticia.com.br\/noticia\/imagens\/cuidado-com-anjo-levi-maite.jpg\" alt=\"\" width=\"1280\" height=\"720\" srcset=\"https:\/\/migracao.redenoticia.com.br\/noticia\/imagens\/cuidado-com-anjo-levi-maite.jpg 1280w, https:\/\/migracao.redenoticia.com.br\/noticia\/imagens\/cuidado-com-anjo-levi-maite-250x140.jpg 250w, https:\/\/migracao.redenoticia.com.br\/noticia\/imagens\/cuidado-com-anjo-levi-maite-400x225.jpg 400w, https:\/\/migracao.redenoticia.com.br\/noticia\/imagens\/cuidado-com-anjo-levi-maite-768x432.jpg 768w, https:\/\/migracao.redenoticia.com.br\/noticia\/imagens\/cuidado-com-anjo-levi-maite-150x84.jpg 150w\" sizes=\"auto, (max-width: 1280px) 100vw, 1280px\" \/><\/p>\n<p><em><strong>Resumo da novela &#8220;Cuidado com o Anjo&#8221;<\/strong><\/em> em 06\/06: no cap\u00edtulo 001(*) da novela, Mal\u00fa \u00e9 uma garota que cresceu num orfanato e agora vive com Candel\u00e1ria que a acolheu em sua casa ao encontr\u00e1-la dormindo na rua. Ela vive na pobreza e sobrevive fazendo pequenos trabalhos para garantir seu sustento. Um dos trabalhos \u00e9 posar para um pintor. Certo dia o pintor a convida para uma festa e ela decide aceitar para tentar esquecer seu passado doloroso.<\/p>\n<p>Jo\u00e3o Miguel \u00e9 um psicanalista bem sucedido e casado com Viviana, com quem tem uma filha, mas a vida a dois n\u00e3o vai nada bem. Jo\u00e3o Miguel dedica a maior parte de seu tempo para seus pacientes e os alunos da universidade e esse \u00e9 o principal motivo das brigas com Viviana. Jo\u00e3o Miguel se esfor\u00e7a para ser um psicanalista reconhecido para reparar algo que fez no passado e que o atormenta constantemente.<\/p>\n<p>Viviana \u00e9 uma mulher fr\u00edvola que s\u00f3 pensa em se divertir. Certo dia os dois v\u00e3o a uma recep\u00e7\u00e3o na casa da fam\u00edlia Velarde. Patr\u00edcio Velarde \u00e9 um juiz bem sucedido e Jo\u00e3o Miguel prop\u00f5e que trabalhem juntos para ajudar jovens desorientados. Mal\u00fa acompanha o pintor \u00e0 festa, mas chegando l\u00e1, ele tenta beij\u00e1-la \u00e0 for\u00e7a. Revoltada com a atitude dele, Mal\u00fa come\u00e7a a chorar a relembrar uma situa\u00e7\u00e3o traum\u00e1tica que viveu no passado e que a faz ter terr\u00edveis pesadelos. Candel\u00e1ria lava e passa roupas para sobreviver e Mal\u00fa se encarrega de entreg\u00e1-las em domic\u00edlio. Um dia ela chega \u00e0 casa de Jo\u00e3o Miguel. Ele abre a porta e os dois se conhecem.<\/p>\n<p>(*) edi\u00e7\u00e3o das novelas do SBT, &#8220;Cuidado com o Anjo&#8221;, sujeito a altera\u00e7\u00e3o de data e conte\u00fado.<\/p>\n<p>Sinopse &#8220;Cuidado com o Anjo&#8221;: Quando Maria de Jesus &#8220;Mal\u00fa&#8221; nasceu, sua m\u00e3e, crendo estar \u00e0 beira da morte, entregou-a a um sacerdote que levou-a para um orfanato. Aos 14 anos, ela foge de l\u00e1 e come\u00e7a a caminhar pelas ruas, sobrevivendo como pode. Passam-se anos e uma noite Mal\u00fa \u00e9 atacada por um b\u00eabado, o que a faz sentir rancor pelos homens e ter pesadelos que a desesperam.<\/p>\n<p>Candel\u00e1ria, uma lavadeira, lhe d\u00e1 abrigo e se transforma numa m\u00e3e para ela. Mal\u00fa trabalha no que pode para ajudar Candel\u00e1ria. Um dia se mete numa confus\u00e3o, na qual vai parar numa delegacia, onde \u00e9 julgada por seu pr\u00f3prio pai, ambos desconhecendo a rela\u00e7\u00e3o parental. E \u00e9 defendida por Jo\u00e3o Miguel S\u00e3o Rom\u00e3o, um psicanalista.<\/p>\n","protected":false},"excerpt":{"rendered":"<p>Resumo da novela &#8220;Cuidado com o Anjo&#8221; em 06\/06: no cap\u00edtulo 001(*) da novela, Mal\u00fa \u00e9 uma garota que cresceu num orfanato e agora vive com Candel\u00e1ria que a acolheu em sua casa ao encontr\u00e1-la dormindo na rua. Ela vive na pobreza e sobrevive fazendo pequenos trabalhos para garantir seu sustento. Um dos trabalhos \u00e9 [&hellip;]<\/p>\n","protected":false},"author":2,"featured_media":220666,"comment_status":"closed","ping_status":"closed","sticky":false,"template":"","format":"standard","meta":{"tdm_status":"","tdm_grid_status":"","footnotes":""},"categories":[2284,379,2025,372,343],"tags":[441],"class_list":{"0":"post-220664","1":"post","2":"type-post","3":"status-publish","4":"format-standard","5":"has-post-thumbnail","7":"category-cuidado-com-o-anjo","8":"category-novelas","9":"category-resumo","10":"category-sbt","11":"category-televisao","12":"tag-resumo-do-dia"},"_links":{"self":[{"href":"https:\/\/migracao.redenoticia.com.br\/noticia\/wp-json\/wp\/v2\/posts\/220664","targetHints":{"allow":["GET"]}}],"collection":[{"href":"https:\/\/migracao.redenoticia.com.br\/noticia\/wp-json\/wp\/v2\/posts"}],"about":[{"href":"https:\/\/migracao.redenoticia.com.br\/noticia\/wp-json\/wp\/v2\/types\/post"}],"author":[{"embeddable":true,"href":"https:\/\/migracao.redenoticia.com.br\/noticia\/wp-json\/wp\/v2\/users\/2"}],"replies":[{"embeddable":true,"href":"https:\/\/migracao.redenoticia.com.br\/noticia\/wp-json\/wp\/v2\/comments?post=220664"}],"version-history":[{"count":0,"href":"https:\/\/migracao.redenoticia.com.br\/noticia\/wp-json\/wp\/v2\/posts\/220664\/revisions"}],"wp:featuredmedia":[{"embeddable":true,"href":"https:\/\/migracao.redenoticia.com.br\/noticia\/wp-json\/wp\/v2\/media\/220666"}],"wp:attachment":[{"href":"https:\/\/migracao.redenoticia.com.br\/noticia\/wp-json\/wp\/v2\/media?parent=220664"}],"wp:term":[{"taxonomy":"category","embeddable":true,"href":"https:\/\/migracao.redenoticia.com.br\/noticia\/wp-json\/wp\/v2\/categories?post=220664"},{"taxonomy":"post_tag","embeddable":true,"href":"https:\/\/migracao.redenoticia.com.br\/noticia\/wp-json\/wp\/v2\/tags?post=220664"}],"curies":[{"name":"wp","href":"https:\/\/api.w.org\/{rel}","templated":true}]}}