{"id":220680,"date":"2022-06-05T20:09:18","date_gmt":"2022-06-05T23:09:18","guid":{"rendered":"https:\/\/www.redenoticia.com.br\/noticia\/?p=220680"},"modified":"2022-06-05T20:09:18","modified_gmt":"2022-06-05T23:09:18","slug":"resumo-cara-e-coragem-06-06-martha-quer-continuar-com-as-pesquisas-idealizada-por-clarice","status":"publish","type":"post","link":"https:\/\/migracao.redenoticia.com.br\/noticia\/2022\/resumo-cara-e-coragem-06-06-martha-quer-continuar-com-as-pesquisas-idealizada-por-clarice\/220680","title":{"rendered":"Resumo \u201cCara e Coragem\u201d 06\/06: Martha quer continuar com as pesquisas idealizada por Clarice"},"content":{"rendered":"<p> <img loading=\"lazy\" decoding=\"async\" src=\"https:\/\/migracao.redenoticia.com.br\/noticia\/imagens\/cara-e-coragem.jpg\" alt=\"\" width=\"1280\" height=\"720\" class=\"aligncenter size-full wp-image-220184\" srcset=\"https:\/\/migracao.redenoticia.com.br\/noticia\/imagens\/cara-e-coragem.jpg 1280w, https:\/\/migracao.redenoticia.com.br\/noticia\/imagens\/cara-e-coragem-250x140.jpg 250w, https:\/\/migracao.redenoticia.com.br\/noticia\/imagens\/cara-e-coragem-400x225.jpg 400w, https:\/\/migracao.redenoticia.com.br\/noticia\/imagens\/cara-e-coragem-768x432.jpg 768w, https:\/\/migracao.redenoticia.com.br\/noticia\/imagens\/cara-e-coragem-150x84.jpg 150w\" sizes=\"auto, (max-width: 1280px) 100vw, 1280px\" \/><\/p>\n<p><strong><em>Resumo da novela \u201cCara e Coragem\u201d<\/em><\/strong> em 06\/06: no cap\u00edtulo 007(*) da novela, o investigador Paulo procura uma pista sobre o homem que estava com Clarice no v\u00eddeo. Moa finge um desmaio ao terminar a cena do comercial, e Pat se preocupa. Jarbas avisa a \u00cdtalo que tem informa\u00e7\u00f5es sobre o caso de Clarice.<\/p>\n<p>Pat defende as bailarinas de uma injusti\u00e7a, e Lou fica admirada com a postura da dubl\u00ea. Paulo encontra o homem que estava com Clarice no v\u00eddeo. Danilo desiste de usar os filhos de Pat e Moa para atingi-los. Martha garante que continuar\u00e1 com o investimento em pesquisas na Sider\u00fargica Gusm\u00e3o, idealizado por Clarice.<\/p>\n<p>Lou reclama da atitude de Batata, assistente de Armandinho na \u00caxito Dubl\u00eas. Alfredo passa mal, e Moa o leva para o hospital. Pat vai com Lou at\u00e9 a Companhia de Dan\u00e7a Vertical, e Ol\u00edvia fica impactada com a presen\u00e7a da dubl\u00ea.<\/p>\n<p>(*) edi\u00e7\u00e3o das novelas da Globo, \u201cCara e Coragem\u201d, sujeito a altera\u00e7\u00e3o de data e conte\u00fado.<\/p>\n<p>Sinopse \u201cCara e Coragem\u201d: Os dubl\u00eas profissionais Pat e Moa ter\u00e3o seus caminhos tra\u00e7ados com o da empres\u00e1ria Clarice Gusm\u00e3o, diretora da Sider\u00fargica Gusm\u00e3o e inventora de uma f\u00f3rmula secreta milion\u00e1ria, que ser\u00e1 invejada por Leonardo, irm\u00e3o de Clarice, sua amante Regina, e Danilo, tamb\u00e9m empres\u00e1rio.<\/p>\n<p>Enquanto os dubl\u00eas se descobrir\u00e3o apaixonados um pelo outro, mesmo que eles n\u00e3o admitam, Clarice ter\u00e1 um caso com \u00cdtalo, um instrutor de parkur, al\u00e9m de outros segredos obscuros dentro da trama. Uma reviravolta em sua vida acontece ao descobrir a exist\u00eancia de Anita, uma s\u00f3sia sua, mas com uma personalidade totalmente oposta.<\/p>\n","protected":false},"excerpt":{"rendered":"<p>Resumo da novela \u201cCara e Coragem\u201d em 06\/06: no cap\u00edtulo 007(*) da novela, o investigador Paulo procura uma pista sobre o homem que estava com Clarice no v\u00eddeo. Moa finge um desmaio ao terminar a cena do comercial, e Pat se preocupa. Jarbas avisa a \u00cdtalo que tem informa\u00e7\u00f5es sobre o caso de Clarice. Pat [&hellip;]<\/p>\n","protected":false},"author":2,"featured_media":220185,"comment_status":"closed","ping_status":"closed","sticky":false,"template":"","format":"standard","meta":{"tdm_status":"","tdm_grid_status":"","footnotes":""},"categories":[2281,379,375,2025,343],"tags":[441],"class_list":{"0":"post-220680","1":"post","2":"type-post","3":"status-publish","4":"format-standard","5":"has-post-thumbnail","7":"category-cara-e-coragem","8":"category-novelas","9":"category-rede-globo","10":"category-resumo","11":"category-televisao","12":"tag-resumo-do-dia"},"_links":{"self":[{"href":"https:\/\/migracao.redenoticia.com.br\/noticia\/wp-json\/wp\/v2\/posts\/220680","targetHints":{"allow":["GET"]}}],"collection":[{"href":"https:\/\/migracao.redenoticia.com.br\/noticia\/wp-json\/wp\/v2\/posts"}],"about":[{"href":"https:\/\/migracao.redenoticia.com.br\/noticia\/wp-json\/wp\/v2\/types\/post"}],"author":[{"embeddable":true,"href":"https:\/\/migracao.redenoticia.com.br\/noticia\/wp-json\/wp\/v2\/users\/2"}],"replies":[{"embeddable":true,"href":"https:\/\/migracao.redenoticia.com.br\/noticia\/wp-json\/wp\/v2\/comments?post=220680"}],"version-history":[{"count":0,"href":"https:\/\/migracao.redenoticia.com.br\/noticia\/wp-json\/wp\/v2\/posts\/220680\/revisions"}],"wp:featuredmedia":[{"embeddable":true,"href":"https:\/\/migracao.redenoticia.com.br\/noticia\/wp-json\/wp\/v2\/media\/220185"}],"wp:attachment":[{"href":"https:\/\/migracao.redenoticia.com.br\/noticia\/wp-json\/wp\/v2\/media?parent=220680"}],"wp:term":[{"taxonomy":"category","embeddable":true,"href":"https:\/\/migracao.redenoticia.com.br\/noticia\/wp-json\/wp\/v2\/categories?post=220680"},{"taxonomy":"post_tag","embeddable":true,"href":"https:\/\/migracao.redenoticia.com.br\/noticia\/wp-json\/wp\/v2\/tags?post=220680"}],"curies":[{"name":"wp","href":"https:\/\/api.w.org\/{rel}","templated":true}]}}