{"id":220773,"date":"2022-06-08T15:50:19","date_gmt":"2022-06-08T18:50:19","guid":{"rendered":"https:\/\/www.redenoticia.com.br\/noticia\/?p=220773"},"modified":"2022-06-08T15:50:19","modified_gmt":"2022-06-08T18:50:19","slug":"resumo-o-cravo-e-a-rosa-09-06-joana-decide-ir-ao-casamento","status":"publish","type":"post","link":"https:\/\/migracao.redenoticia.com.br\/noticia\/2022\/resumo-o-cravo-e-a-rosa-09-06-joana-decide-ir-ao-casamento\/220773","title":{"rendered":"Resumo &#8220;O Cravo e a Rosa&#8221; 09\/06: Joana decide ir ao casamento"},"content":{"rendered":"<p><img loading=\"lazy\" decoding=\"async\" src=\"https:\/\/migracao.redenoticia.com.br\/noticia\/imagens\/o-cravo-e-a-rosa-elenco-resumo-sinopse.jpeg\" alt=\"\" width=\"1280\" height=\"720\" class=\"aligncenter size-full wp-image-213217\" srcset=\"https:\/\/migracao.redenoticia.com.br\/noticia\/imagens\/o-cravo-e-a-rosa-elenco-resumo-sinopse.jpeg 1280w, https:\/\/migracao.redenoticia.com.br\/noticia\/imagens\/o-cravo-e-a-rosa-elenco-resumo-sinopse-250x140.jpeg 250w, https:\/\/migracao.redenoticia.com.br\/noticia\/imagens\/o-cravo-e-a-rosa-elenco-resumo-sinopse-400x225.jpeg 400w, https:\/\/migracao.redenoticia.com.br\/noticia\/imagens\/o-cravo-e-a-rosa-elenco-resumo-sinopse-768x432.jpeg 768w, https:\/\/migracao.redenoticia.com.br\/noticia\/imagens\/o-cravo-e-a-rosa-elenco-resumo-sinopse-150x85.jpeg 150w\" sizes=\"auto, (max-width: 1280px) 100vw, 1280px\" \/><\/p>\n<p><em><strong>Resumo da novela &#8220;O Cravo e a Rosa&#8221;<\/strong><\/em> em 09\/06: no cap\u00edtulo 133(*) da novela, Batista confessa a Cosme que ainda ama Joana. Ursolino avisa que Janu\u00e1rio ser\u00e1 adotado e administrar\u00e1 a heran\u00e7a de Joaquim. Catarina vai ao hotel acertar os detalhes de seu plano junto com Petruchio, que, ao se esconder de Kiki, acaba encontrando Marcela, que o beija. Catarina os flagra abra\u00e7ados. Joana decide ir ao casamento. Ao entrar na igreja, Marcela e Joaquim se co\u00e7am desesperadamente, cobertos de p\u00f3-de-mico. Os noivos e os convidados se co\u00e7am sem parar. O padre suspende o casamento, mas Marcela avisa que voltar\u00e1 \u00e0 igreja. Joana decide ir ao casamento.<\/p>\n<p>Marcela toma banho. Batista desconfia de que foi Catarina quem colocou p\u00f3-de-mico entre as p\u00e9talas. Como n\u00e3o consegue arrumar outro vestido, Marcela se casa com um vestido de espanhola vermelho, para espanto de todos. Joana entra na igreja, mas sai em seguida. Batista d\u00e1 as ap\u00f3lices a Catarina, que assina um recibo e as guarda no cofre. Joaquim discute com Petruchio. Marcela e Serafim encontram o segredo do cofre, mas ouvem algu\u00e9m abrir a porta. <\/p>\n<p>(*) edi\u00e7\u00e3o das novelas da Globo, &#8220;O Cravo e a Rosa&#8221;, sujeito a altera\u00e7\u00e3o de data e conte\u00fado.<\/p>\n<p>Sinopse &#8220;O Cravo e a Rosa&#8221;: Catarina Batista \u00e9 uma mulher moderna, na r\u00edgida sociedade paulista da d\u00e9cada de 1920, que recusa o papel feminino de se restringir a lavar ceroulas em um tanque. Juli\u00e3o Petruchio \u00e9 um homem rude, para quem a mulher deve ser a &#8220;rainha do lar&#8221;. Duas pessoas t\u00e3o diferentes vivem um romance contradit\u00f3rio.<\/p>\n<p>Conhecida como &#8216;a fera&#8217;, por botar todos os seus pretendentes para correr, Catarina vai esbarrar na teimosia c\u00ednica de Petruchio que, inicialmente, decide conquist\u00e1-la para, com o dote do casamento, salvar sua fazenda de ser hipotecada. Eles acabam se apaixonando, mas n\u00e3o d\u00e3o o bra\u00e7o a torcer, vivenciando cenas muito bem-humoradas de discuss\u00f5es e brigas vulc\u00e2nicas. Ele fingindo-se de &#8216;cordeirinho&#8217;, e ela cada vez mais furiosa com sua insist\u00eancia.<\/p>\n","protected":false},"excerpt":{"rendered":"<p>Resumo da novela &#8220;O Cravo e a Rosa&#8221; em 09\/06: no cap\u00edtulo 133(*) da novela, Batista confessa a Cosme que ainda ama Joana. Ursolino avisa que Janu\u00e1rio ser\u00e1 adotado e administrar\u00e1 a heran\u00e7a de Joaquim. Catarina vai ao hotel acertar os detalhes de seu plano junto com Petruchio, que, ao se esconder de Kiki, acaba [&hellip;]<\/p>\n","protected":false},"author":4,"featured_media":213218,"comment_status":"closed","ping_status":"closed","sticky":false,"template":"","format":"standard","meta":{"tdm_status":"","tdm_grid_status":"","footnotes":""},"categories":[379,2227,375,2025,343],"tags":[441],"class_list":{"0":"post-220773","1":"post","2":"type-post","3":"status-publish","4":"format-standard","5":"has-post-thumbnail","7":"category-novelas","8":"category-o-cravo-e-a-rosa","9":"category-rede-globo","10":"category-resumo","11":"category-televisao","12":"tag-resumo-do-dia"},"_links":{"self":[{"href":"https:\/\/migracao.redenoticia.com.br\/noticia\/wp-json\/wp\/v2\/posts\/220773","targetHints":{"allow":["GET"]}}],"collection":[{"href":"https:\/\/migracao.redenoticia.com.br\/noticia\/wp-json\/wp\/v2\/posts"}],"about":[{"href":"https:\/\/migracao.redenoticia.com.br\/noticia\/wp-json\/wp\/v2\/types\/post"}],"author":[{"embeddable":true,"href":"https:\/\/migracao.redenoticia.com.br\/noticia\/wp-json\/wp\/v2\/users\/4"}],"replies":[{"embeddable":true,"href":"https:\/\/migracao.redenoticia.com.br\/noticia\/wp-json\/wp\/v2\/comments?post=220773"}],"version-history":[{"count":0,"href":"https:\/\/migracao.redenoticia.com.br\/noticia\/wp-json\/wp\/v2\/posts\/220773\/revisions"}],"wp:featuredmedia":[{"embeddable":true,"href":"https:\/\/migracao.redenoticia.com.br\/noticia\/wp-json\/wp\/v2\/media\/213218"}],"wp:attachment":[{"href":"https:\/\/migracao.redenoticia.com.br\/noticia\/wp-json\/wp\/v2\/media?parent=220773"}],"wp:term":[{"taxonomy":"category","embeddable":true,"href":"https:\/\/migracao.redenoticia.com.br\/noticia\/wp-json\/wp\/v2\/categories?post=220773"},{"taxonomy":"post_tag","embeddable":true,"href":"https:\/\/migracao.redenoticia.com.br\/noticia\/wp-json\/wp\/v2\/tags?post=220773"}],"curies":[{"name":"wp","href":"https:\/\/api.w.org\/{rel}","templated":true}]}}