{"id":2208,"date":"2009-06-01T18:38:38","date_gmt":"2009-06-01T22:38:38","guid":{"rendered":"http:\/\/www.redenoticia.com.br\/noticia\/?p=2208"},"modified":"2009-06-02T07:36:03","modified_gmt":"2009-06-02T11:36:03","slug":"divulgada-a-classificacao-geral-das-escolas-e-atletas-dos-jem%e2%80%99s-de-ji-parana","status":"publish","type":"post","link":"https:\/\/migracao.redenoticia.com.br\/noticia\/2009\/divulgada-a-classificacao-geral-das-escolas-e-atletas-dos-jem%e2%80%99s-de-ji-parana\/2208","title":{"rendered":"Divulgada a classifica\u00e7\u00e3o geral das escolas e atletas dos JEM\u2019s de Ji-Paran\u00e1"},"content":{"rendered":"<p style=\"margin: 0cm 0cm 0.0001pt;\"><span style=\"font-size: 9pt; font-family: Arial;\">Os jogos escolares de Ji-Paran\u00e1 revelaram atletas campe\u00f5es em 24 escolas da cidade. Veja a lista:<\/span><\/p>\n<p style=\"margin: 0cm 0cm 0.0001pt;\"><strong><span style=\"font-size: 9pt; font-family: Arial;\">CLASSIFICA\u00c7\u00c3O GERAL DOS JEM\u2019s<\/span><\/strong><span style=\"font-size: 9pt; font-family: Arial;\"> <\/span><\/p>\n<p style=\"margin: 0cm 0cm 0.0001pt;\"><strong><span style=\"font-size: 9pt; font-family: Arial;\">1\u00ba lugar \u2013\u00a0 Jos\u00e9 Francisco \u2013 126 pontos<\/span><\/strong><span style=\"font-size: 9pt; font-family: Arial;\"><\/span><\/p>\n<p style=\"margin: 0cm 0cm 0.0001pt;\"><strong><span style=\"font-size: 9pt; font-family: Arial;\">2\u00ba Lugar \u2013\u00a0 Julio Guerra \u2013 120 pontos<\/span><\/strong><span style=\"font-size: 9pt; font-family: Arial;\"><\/span><\/p>\n<p style=\"margin: 0cm 0cm 0.0001pt;\"><strong><span style=\"font-size: 9pt; font-family: Arial;\">3\u00ba Lugar \u2013\u00a0 Gon\u00e7alves Dias \u2013 119 pontos<\/span><\/strong><span style=\"font-size: 9pt; font-family: Arial;\"><\/span><\/p>\n<p style=\"margin: 0cm 0cm 0.0001pt;\"><strong><span style=\"font-size: 9pt; font-family: Arial;\">4\u00ba Lugar \u2013\u00a0 Aluizio Ferreira -93 pontos<\/span><\/strong><span style=\"font-size: 9pt; font-family: Arial;\"><\/span><\/p>\n<p style=\"margin: 0cm 0cm 0.0001pt;\"><strong><span style=\"font-size: 9pt; font-family: Arial;\">4\u00ba Lugar \u2013 CEDUSP \u2013 93 pontos<\/span><\/strong><span style=\"font-size: 9pt; font-family: Arial;\"><\/span><\/p>\n<p style=\"margin: 0cm 0cm 0.0001pt;\"><strong><span style=\"font-size: 9pt; font-family: Arial;\">6\u00ba Lugar \u2013\u00a0 Marcos Bispo \u2013 73 pontos<\/span><\/strong><span style=\"font-size: 9pt; font-family: Arial;\"><\/span><\/p>\n<p style=\"margin: 0cm 0cm 0.0001pt;\"><strong><span style=\"font-size: 9pt; font-family: Arial;\">7\u00ba Lugar \u2013 Coopeji \u2013 60 pontos<\/span><\/strong><span style=\"font-size: 9pt; font-family: Arial;\"><\/span><\/p>\n<p style=\"margin: 0cm 0cm 0.0001pt;\"><strong><span style=\"font-size: 9pt; font-family: Arial;\">8\u00ba Lugar \u2013 Marechal Rondon -54 pontos<\/span><\/strong><span style=\"font-size: 9pt; font-family: Arial;\"><\/span><\/p>\n<p style=\"margin: 0cm 0cm 0.0001pt;\"><strong><span style=\"font-size: 9pt; font-family: Arial;\">9\u00ba Lugar \u2013 Lauro Benno \u2013 51 pontos<\/span><\/strong><span style=\"font-size: 9pt; font-family: Arial;\"><\/span><\/p>\n<p style=\"margin: 0cm 0cm 0.0001pt;\"><strong><span style=\"font-size: 9pt; font-family: Arial;\">10\u00ba Lugar \u2013 Jovem Vilela -36 pontos<\/span><\/strong><span style=\"font-size: 9pt; font-family: Arial;\"><\/span><\/p>\n<p style=\"margin: 0cm 0cm 0.0001pt;\"><strong><span style=\"font-size: 9pt; font-family: Arial;\">11\u00ba Lugar \u2013 Rio Urup\u00e1 \u2013 25 pontos<\/span><\/strong><span style=\"font-size: 9pt; font-family: Arial;\"><\/span><\/p>\n<p style=\"margin: 0cm 0cm 0.0001pt;\"><strong><span style=\"font-size: 9pt; font-family: Arial;\">12 Lugar \u2013 Antonio Bianco \u2013 24 pontos<\/span><\/strong><span style=\"font-size: 9pt; font-family: Arial;\"><\/span><\/p>\n<p style=\"margin: 0cm 0cm 0.0001pt;\"><strong><span style=\"font-size: 9pt; font-family: Arial;\">12 Lugar \u2013 Tancredo Neves \u2013 24 pontos<\/span><\/strong><span style=\"font-size: 9pt; font-family: Arial;\"><\/span><\/p>\n<p style=\"margin: 0cm 0cm 0.0001pt;\"><strong><span style=\"font-size: 9pt; font-family: Arial;\">14 Lugar \u2013 Jardim dos Migrantes \u2013 16 pontos<\/span><\/strong><span style=\"font-size: 9pt; font-family: Arial;\"><\/span><\/p>\n<p style=\"margin: 0cm 0cm 0.0001pt;\"><strong><span style=\"font-size: 9pt; font-family: Arial;\">15 Lugar \u2013 Jorge Teixeira -13 pontos<\/span><\/strong><span style=\"font-size: 9pt; font-family: Arial;\"><\/span><\/p>\n<p style=\"margin: 0cm 0cm 0.0001pt;\"><strong><span style=\"font-size: 9pt; font-family: Arial;\">16 Lugar \u2013 Tup\u00e3 \u2013 12 pontos<\/span><\/strong><span style=\"font-size: 9pt; font-family: Arial;\"><\/span><\/p>\n<p style=\"margin: 0cm 0cm 0.0001pt;\"><strong><span style=\"font-size: 9pt; font-family: Arial;\">17 Lugar \u2013 Carmem Rocha \u2013 11 pontos<\/span><\/strong><span style=\"font-size: 9pt; font-family: Arial;\"><\/span><\/p>\n<p style=\"margin: 0cm 0cm 0.0001pt;\"><strong><span style=\"font-size: 9pt; font-family: Arial;\">18 Lugar \u2013 Celso Rocco -10 pontos<\/span><\/strong><span style=\"font-size: 9pt; font-family: Arial;\"><\/span><\/p>\n<p style=\"margin: 0cm 0cm 0.0001pt;\"><strong><span style=\"font-size: 9pt; font-family: Arial;\">18 lugar \u2013 Uni\u00e3o \u2013 10 pontos<\/span><\/strong><span style=\"font-size: 9pt; font-family: Arial;\"><\/span><\/p>\n<p style=\"margin: 0cm 0cm 0.0001pt;\"><strong><span style=\"font-size: 9pt; font-family: Arial;\">20 lugar \u2013 31 de Mar\u00e7o \u2013 9 pontos<\/span><\/strong><span style=\"font-size: 9pt; font-family: Arial;\"><\/span><\/p>\n<p><strong><span style=\"font-size: 9pt; font-family: Arial;\">21 Lugar \u2013 Ind\u00edgena \u2013 1 ponto<\/span><\/strong><span style=\"font-size: 9pt; font-family: Arial;\"><br \/>\n<!--[if !supportLineBreakNewLine]--><br \/>\n<!--[endif]--><\/span><\/p>\n","protected":false},"excerpt":{"rendered":"<p>Os jogos escolares de Ji-Paran\u00e1 revelaram atletas campe\u00f5es em 24 escolas da cidade. Veja a lista: CLASSIFICA\u00c7\u00c3O GERAL DOS JEM\u2019s 1\u00ba lugar \u2013\u00a0 Jos\u00e9 Francisco \u2013 126 pontos 2\u00ba Lugar \u2013\u00a0 Julio Guerra \u2013 120 pontos 3\u00ba Lugar \u2013\u00a0 Gon\u00e7alves Dias \u2013 119 pontos 4\u00ba Lugar \u2013\u00a0 Aluizio Ferreira -93 pontos 4\u00ba Lugar \u2013 CEDUSP [&hellip;]<\/p>\n","protected":false},"author":3,"featured_media":0,"comment_status":"open","ping_status":"open","sticky":false,"template":"","format":"standard","meta":{"tdm_status":"","tdm_grid_status":"","footnotes":""},"categories":[22],"tags":[],"class_list":{"0":"post-2208","1":"post","2":"type-post","3":"status-publish","4":"format-standard","6":"category-brasil"},"_links":{"self":[{"href":"https:\/\/migracao.redenoticia.com.br\/noticia\/wp-json\/wp\/v2\/posts\/2208","targetHints":{"allow":["GET"]}}],"collection":[{"href":"https:\/\/migracao.redenoticia.com.br\/noticia\/wp-json\/wp\/v2\/posts"}],"about":[{"href":"https:\/\/migracao.redenoticia.com.br\/noticia\/wp-json\/wp\/v2\/types\/post"}],"author":[{"embeddable":true,"href":"https:\/\/migracao.redenoticia.com.br\/noticia\/wp-json\/wp\/v2\/users\/3"}],"replies":[{"embeddable":true,"href":"https:\/\/migracao.redenoticia.com.br\/noticia\/wp-json\/wp\/v2\/comments?post=2208"}],"version-history":[{"count":0,"href":"https:\/\/migracao.redenoticia.com.br\/noticia\/wp-json\/wp\/v2\/posts\/2208\/revisions"}],"wp:attachment":[{"href":"https:\/\/migracao.redenoticia.com.br\/noticia\/wp-json\/wp\/v2\/media?parent=2208"}],"wp:term":[{"taxonomy":"category","embeddable":true,"href":"https:\/\/migracao.redenoticia.com.br\/noticia\/wp-json\/wp\/v2\/categories?post=2208"},{"taxonomy":"post_tag","embeddable":true,"href":"https:\/\/migracao.redenoticia.com.br\/noticia\/wp-json\/wp\/v2\/tags?post=2208"}],"curies":[{"name":"wp","href":"https:\/\/api.w.org\/{rel}","templated":true}]}}