{"id":220818,"date":"2022-06-09T17:51:24","date_gmt":"2022-06-09T20:51:24","guid":{"rendered":"https:\/\/www.redenoticia.com.br\/noticia\/?p=220818"},"modified":"2022-06-09T17:51:24","modified_gmt":"2022-06-09T20:51:24","slug":"resumo-carinha-de-anjo-10-06-adolfo-sente-se-mal-e-gustavo-liga-para-dr-andre","status":"publish","type":"post","link":"https:\/\/migracao.redenoticia.com.br\/noticia\/2022\/resumo-carinha-de-anjo-10-06-adolfo-sente-se-mal-e-gustavo-liga-para-dr-andre\/220818","title":{"rendered":"Resumo \u201cCarinha De Anjo\u201d 10\/06: Adolfo sente-se mal e Gustavo liga para Dr. Andr\u00e9"},"content":{"rendered":"<p><img loading=\"lazy\" decoding=\"async\" class=\"aligncenter size-full wp-image-210452\" src=\"https:\/\/migracao.redenoticia.com.br\/noticia\/imagens\/carinha-de-anjo-novela-sbt-elenco-infantil.jpeg\" alt=\"\" width=\"1280\" height=\"720\" srcset=\"https:\/\/migracao.redenoticia.com.br\/noticia\/imagens\/carinha-de-anjo-novela-sbt-elenco-infantil.jpeg 1280w, https:\/\/migracao.redenoticia.com.br\/noticia\/imagens\/carinha-de-anjo-novela-sbt-elenco-infantil-250x140.jpeg 250w, https:\/\/migracao.redenoticia.com.br\/noticia\/imagens\/carinha-de-anjo-novela-sbt-elenco-infantil-400x225.jpeg 400w, https:\/\/migracao.redenoticia.com.br\/noticia\/imagens\/carinha-de-anjo-novela-sbt-elenco-infantil-768x432.jpeg 768w, https:\/\/migracao.redenoticia.com.br\/noticia\/imagens\/carinha-de-anjo-novela-sbt-elenco-infantil-150x85.jpeg 150w\" sizes=\"auto, (max-width: 1280px) 100vw, 1280px\" \/><\/p>\n<p><strong><em>Resumo da novela \u201cCarinha De Anjo\u201d<\/em><\/strong> em 10\/06: no cap\u00edtulo 197(*) da novela, Adolfo se emociona ao lembrar de Tereza e questiona Gustavo pelo fato da menina ter ido atr\u00e1s dele com o doce de banana. Leonardo se mostra extremamente preocupado para Estef\u00e2nia ao saber que Dulce foi atr\u00e1s de Adolfo e que os equipamentos do acidente que causou a morte de Tereza est\u00e3o em uma das fazendas da fam\u00edlia, em Minas Gerais.<\/p>\n<p>Ap\u00f3s a Madre aceitar fazer os exames, as freiras voltam para o col\u00e9gio e Cecilia fica no hospital. Andr\u00e9 e Cec\u00edlia conversam um pouco, mas ele logo volta para o consult\u00f3rio, entristecido. Os meninos conversam sobre dar o troco em B\u00e1rbara e Frida. Crist\u00f3v\u00e3o e F\u00e1tima passeiam com Lulu quando encontram Silvestre e Franciely com Dulce Maria na pra\u00e7a. Haydee e Ant\u00f4nio (que na verdade \u00e9 Ribeiro) conversam animados pelo aplicativo e resolvem esperar mais um pouco at\u00e9 se encontrarem. Peixoto repreende Ribeiro por mexer no celular, no hor\u00e1rio de trabalho.<\/p>\n<p>Adolfo se enfurece quando Gustavo diz que Tereza vive dentro de Dulce Maria. Eles discutem, Adolfo sente-se mal e Gustavo liga para Dr. Andr\u00e9. Com Cec\u00edlia e Padre Gabriel, a Madre chora e diz estar com medo de morrer e n\u00e3o ver Dulce e Lulu formadas. O Dr. Andr\u00e9 atende Adolfo na casa de Gustavo que se responsabiliza pelos cuidados que o av\u00f4 de sua filha precisa para sua recupera\u00e7\u00e3o.<\/p>\n<p>(*) edi\u00e7\u00e3o das novelas do SBT, \u201cCarinha De Anjo\u201d, sujeito a altera\u00e7\u00e3o de data e conte\u00fado.<\/p>\n<p>Sinopse \u201cCarinha De Anjo\u201d: Dulce Maria \u00e9 uma menina doce, ing\u00eanua, inteligente e alegre de 5 anos de idade. \u00c9 brincalhona, aventureira e extremamente curiosa. Diverte a todos com seus coment\u00e1rios e perguntas indiscretas e surpreende com suas descobertas.<\/p>\n<p>Ela \u00e9 filha \u00fanica de Gustavo L\u00e1rios (Carlo Porto), bem-sucedido empres\u00e1rio da cafeicultura brasileira, e da mexicana Teresa Rezende L\u00e1rios (Lucero), m\u00e3e acolhedora de s\u00e1bios conselhos e voz ador\u00e1vel, que faleceu num acidente quando Dulce Maria tinha apenas 3 anos de idade. Traumatizado com a trag\u00e9dia, Gustavo deixou a filha no col\u00e9gio interno.<\/p>\n","protected":false},"excerpt":{"rendered":"<p>Resumo da novela \u201cCarinha De Anjo\u201d em 10\/06: no cap\u00edtulo 197(*) da novela, Adolfo se emociona ao lembrar de Tereza e questiona Gustavo pelo fato da menina ter ido atr\u00e1s dele com o doce de banana. Leonardo se mostra extremamente preocupado para Estef\u00e2nia ao saber que Dulce foi atr\u00e1s de Adolfo e que os equipamentos [&hellip;]<\/p>\n","protected":false},"author":4,"featured_media":210453,"comment_status":"closed","ping_status":"closed","sticky":false,"template":"","format":"standard","meta":{"tdm_status":"","tdm_grid_status":"","footnotes":""},"categories":[452,379,2025,372,343],"tags":[441],"class_list":{"0":"post-220818","1":"post","2":"type-post","3":"status-publish","4":"format-standard","5":"has-post-thumbnail","7":"category-carinha-de-anjo","8":"category-novelas","9":"category-resumo","10":"category-sbt","11":"category-televisao","12":"tag-resumo-do-dia"},"_links":{"self":[{"href":"https:\/\/migracao.redenoticia.com.br\/noticia\/wp-json\/wp\/v2\/posts\/220818","targetHints":{"allow":["GET"]}}],"collection":[{"href":"https:\/\/migracao.redenoticia.com.br\/noticia\/wp-json\/wp\/v2\/posts"}],"about":[{"href":"https:\/\/migracao.redenoticia.com.br\/noticia\/wp-json\/wp\/v2\/types\/post"}],"author":[{"embeddable":true,"href":"https:\/\/migracao.redenoticia.com.br\/noticia\/wp-json\/wp\/v2\/users\/4"}],"replies":[{"embeddable":true,"href":"https:\/\/migracao.redenoticia.com.br\/noticia\/wp-json\/wp\/v2\/comments?post=220818"}],"version-history":[{"count":0,"href":"https:\/\/migracao.redenoticia.com.br\/noticia\/wp-json\/wp\/v2\/posts\/220818\/revisions"}],"wp:featuredmedia":[{"embeddable":true,"href":"https:\/\/migracao.redenoticia.com.br\/noticia\/wp-json\/wp\/v2\/media\/210453"}],"wp:attachment":[{"href":"https:\/\/migracao.redenoticia.com.br\/noticia\/wp-json\/wp\/v2\/media?parent=220818"}],"wp:term":[{"taxonomy":"category","embeddable":true,"href":"https:\/\/migracao.redenoticia.com.br\/noticia\/wp-json\/wp\/v2\/categories?post=220818"},{"taxonomy":"post_tag","embeddable":true,"href":"https:\/\/migracao.redenoticia.com.br\/noticia\/wp-json\/wp\/v2\/tags?post=220818"}],"curies":[{"name":"wp","href":"https:\/\/api.w.org\/{rel}","templated":true}]}}