{"id":220914,"date":"2022-06-12T20:53:07","date_gmt":"2022-06-12T23:53:07","guid":{"rendered":"https:\/\/www.redenoticia.com.br\/noticia\/?p=220914"},"modified":"2022-06-12T20:53:07","modified_gmt":"2022-06-12T23:53:07","slug":"resumo-cuidado-com-o-anjo-13-06-patricio-flagra-malu-a-apedrejar-sua-casa","status":"publish","type":"post","link":"https:\/\/migracao.redenoticia.com.br\/noticia\/2022\/resumo-cuidado-com-o-anjo-13-06-patricio-flagra-malu-a-apedrejar-sua-casa\/220914","title":{"rendered":"Resumo &#8220;Cuidado com o Anjo&#8221; 13\/06: Patr\u00edcio flagra Mal\u00fa a apedrejar sua casa"},"content":{"rendered":"<p> <img loading=\"lazy\" decoding=\"async\" class=\"aligncenter size-full wp-image-220665\" src=\"https:\/\/migracao.redenoticia.com.br\/noticia\/imagens\/cuidado-com-anjo-levi-maite.jpg\" alt=\"\" width=\"1280\" height=\"720\" srcset=\"https:\/\/migracao.redenoticia.com.br\/noticia\/imagens\/cuidado-com-anjo-levi-maite.jpg 1280w, https:\/\/migracao.redenoticia.com.br\/noticia\/imagens\/cuidado-com-anjo-levi-maite-250x140.jpg 250w, https:\/\/migracao.redenoticia.com.br\/noticia\/imagens\/cuidado-com-anjo-levi-maite-400x225.jpg 400w, https:\/\/migracao.redenoticia.com.br\/noticia\/imagens\/cuidado-com-anjo-levi-maite-768x432.jpg 768w, https:\/\/migracao.redenoticia.com.br\/noticia\/imagens\/cuidado-com-anjo-levi-maite-150x84.jpg 150w\" sizes=\"auto, (max-width: 1280px) 100vw, 1280px\" \/><\/p>\n<p><em><strong>Resumo da novela &#8220;Cuidado com o Anjo&#8221;<\/strong><\/em> em 13\/06: no cap\u00edtulo 006(*) da novela, Cec\u00edlia conta a Patr\u00edcio que teve uma filha e a deixou em um orfanato. Ela relata que depois se arrependeu do que fez, mas n\u00e3o conseguiu encontrar o padre que recebeu a beb\u00ea. Mal\u00fa pensa em apedrejar a casa do juiz para se vingar da multa que imp\u00f4s a seus amigos. Ao chegar ao bairro onde mora, Mal\u00fa rouba leite para levar \u00e0s crian\u00e7as do orfanato. Patr\u00edcio pede a Cec\u00edlia que v\u00e1 buscar sua filha e a traga para viver com eles. Estef\u00e2nia e Isabela chegam para morar na casa dos Velarde.<\/p>\n<p>Patr\u00edcio flagra Mal\u00fa apedrejando sua casa e ela foge antes que o juiz possa peg\u00e1-la. Cacilda e outras vizinhas v\u00e3o at\u00e9 a delegacia e denunciam Mal\u00fa. Jo\u00e3o Miguel critica sua prima, Elza, por levar uma vida dupla. Mal\u00fa confessa a Candel\u00e1ria que roubou o leite e jogou pedras na vidra\u00e7a da casa do juiz. Cec\u00edlia consegue convencer o marido a n\u00e3o acusar Mal\u00fa. Estef\u00e2nia e Isabela est\u00e3o fascinadas com o luxo da mans\u00e3o dos Velarde. Jo\u00e3o Miguel chega com Patr\u00edcio \u00e0 delegacia e Mal\u00fa pede sua ajuda para conseguir a liberdade.<\/p>\n<p>(*) edi\u00e7\u00e3o das novelas do SBT, &#8220;Cuidado com o Anjo&#8221;, sujeito a altera\u00e7\u00e3o de data e conte\u00fado.<\/p>\n<p>Sinopse &#8220;Cuidado com o Anjo&#8221;: Quando Maria de Jesus &#8220;Mal\u00fa&#8221; nasceu, sua m\u00e3e, crendo estar \u00e0 beira da morte, entregou-a a um sacerdote que levou-a para um orfanato. Aos 14 anos, ela foge de l\u00e1 e come\u00e7a a caminhar pelas ruas, sobrevivendo como pode. Passam-se anos e uma noite Mal\u00fa \u00e9 atacada por um b\u00eabado, o que a faz sentir rancor pelos homens e ter pesadelos que a desesperam.<\/p>\n<p>Candel\u00e1ria, uma lavadeira, lhe d\u00e1 abrigo e se transforma numa m\u00e3e para ela. Mal\u00fa trabalha no que pode para ajudar Candel\u00e1ria. Um dia se mete numa confus\u00e3o, na qual vai parar numa delegacia, onde \u00e9 julgada por seu pr\u00f3prio pai, ambos desconhecendo a rela\u00e7\u00e3o parental. E \u00e9 defendida por Jo\u00e3o Miguel S\u00e3o Rom\u00e3o, um psicanalista.<\/p>\n","protected":false},"excerpt":{"rendered":"<p>Resumo da novela &#8220;Cuidado com o Anjo&#8221; em 13\/06: no cap\u00edtulo 006(*) da novela, Cec\u00edlia conta a Patr\u00edcio que teve uma filha e a deixou em um orfanato. Ela relata que depois se arrependeu do que fez, mas n\u00e3o conseguiu encontrar o padre que recebeu a beb\u00ea. Mal\u00fa pensa em apedrejar a casa do juiz [&hellip;]<\/p>\n","protected":false},"author":2,"featured_media":220666,"comment_status":"closed","ping_status":"closed","sticky":false,"template":"","format":"standard","meta":{"tdm_status":"","tdm_grid_status":"","footnotes":""},"categories":[2284,379,2025,372,343],"tags":[441],"class_list":{"0":"post-220914","1":"post","2":"type-post","3":"status-publish","4":"format-standard","5":"has-post-thumbnail","7":"category-cuidado-com-o-anjo","8":"category-novelas","9":"category-resumo","10":"category-sbt","11":"category-televisao","12":"tag-resumo-do-dia"},"_links":{"self":[{"href":"https:\/\/migracao.redenoticia.com.br\/noticia\/wp-json\/wp\/v2\/posts\/220914","targetHints":{"allow":["GET"]}}],"collection":[{"href":"https:\/\/migracao.redenoticia.com.br\/noticia\/wp-json\/wp\/v2\/posts"}],"about":[{"href":"https:\/\/migracao.redenoticia.com.br\/noticia\/wp-json\/wp\/v2\/types\/post"}],"author":[{"embeddable":true,"href":"https:\/\/migracao.redenoticia.com.br\/noticia\/wp-json\/wp\/v2\/users\/2"}],"replies":[{"embeddable":true,"href":"https:\/\/migracao.redenoticia.com.br\/noticia\/wp-json\/wp\/v2\/comments?post=220914"}],"version-history":[{"count":0,"href":"https:\/\/migracao.redenoticia.com.br\/noticia\/wp-json\/wp\/v2\/posts\/220914\/revisions"}],"wp:featuredmedia":[{"embeddable":true,"href":"https:\/\/migracao.redenoticia.com.br\/noticia\/wp-json\/wp\/v2\/media\/220666"}],"wp:attachment":[{"href":"https:\/\/migracao.redenoticia.com.br\/noticia\/wp-json\/wp\/v2\/media?parent=220914"}],"wp:term":[{"taxonomy":"category","embeddable":true,"href":"https:\/\/migracao.redenoticia.com.br\/noticia\/wp-json\/wp\/v2\/categories?post=220914"},{"taxonomy":"post_tag","embeddable":true,"href":"https:\/\/migracao.redenoticia.com.br\/noticia\/wp-json\/wp\/v2\/tags?post=220914"}],"curies":[{"name":"wp","href":"https:\/\/api.w.org\/{rel}","templated":true}]}}