{"id":220923,"date":"2022-06-12T21:03:55","date_gmt":"2022-06-13T00:03:55","guid":{"rendered":"https:\/\/www.redenoticia.com.br\/noticia\/?p=220923"},"modified":"2022-06-12T21:03:55","modified_gmt":"2022-06-13T00:03:55","slug":"resumo-a-favorita-13-06-lara-procura-cilene","status":"publish","type":"post","link":"https:\/\/migracao.redenoticia.com.br\/noticia\/2022\/resumo-a-favorita-13-06-lara-procura-cilene\/220923","title":{"rendered":"Resumo &#8220;A Favorita&#8221; 13\/06: Lara procura Cilene"},"content":{"rendered":"<p> <img loading=\"lazy\" decoding=\"async\" src=\"https:\/\/migracao.redenoticia.com.br\/noticia\/imagens\/afavorita2.jpg\" alt=\"\" width=\"1280\" height=\"720\" class=\"aligncenter size-full wp-image-219854\" srcset=\"https:\/\/migracao.redenoticia.com.br\/noticia\/imagens\/afavorita2.jpg 1280w, https:\/\/migracao.redenoticia.com.br\/noticia\/imagens\/afavorita2-250x140.jpg 250w, https:\/\/migracao.redenoticia.com.br\/noticia\/imagens\/afavorita2-400x225.jpg 400w, https:\/\/migracao.redenoticia.com.br\/noticia\/imagens\/afavorita2-768x432.jpg 768w, https:\/\/migracao.redenoticia.com.br\/noticia\/imagens\/afavorita2-150x84.jpg 150w\" sizes=\"auto, (max-width: 1280px) 100vw, 1280px\" \/><\/p>\n<p><em><strong>Resumo da novela &#8220;A Favorita&#8221;<\/strong><\/em> em 13\/06: no cap\u00edtulo 021(*) da novela, \u00c9 hora de investigar.<\/p>\n<p>Flora pede que Lara investigue. Gon\u00e7alo pergunta para Irene de quem \u00e9 o n\u00famero para o qual ela ligou tanto no \u00faltimo m\u00eas. Irene diz que \u00e9 de Sandra. Dodi d\u00e1 um anel para Manu. Flora d\u00e1 duas fotos para Lara. Lara guarda as fotos no bolso ao ouvir a voz de Donatela. Flora se esconde. Donatela diz que Lara est\u00e1 estranha desde que leu as cartas de Flora. Catarina diz que se sente culpada por Dom\u00eanico n\u00e3o falar h\u00e1 dois anos. Catarina diz a Vanderlei que \u00e9 casada e jamais trairia o marido.<\/p>\n<p>Vanderlei fica sem entender. Copola insiste para Dom\u00eanico falar e ele foge correndo. Copola pede perd\u00e3o a Dom\u00eanico. Cida manda que Darlei seja feliz com a mulher e os filhos. Flora se instala em outro flat. Gon\u00e7alo pega o celular de Irene e liga para Flora. Z\u00e9 Bob insiste que Elias se candidate. Didu garante que vai melhorar a vida da popula\u00e7\u00e3o.<\/p>\n<p>Elias faz perguntas sobre o munic\u00edpio e Didu n\u00e3o sabe responder. Donatela flagra Dodi e Manu juntos. Donatela se enfurece ao ver seu anel na m\u00e3o de Manu. Augusto joga fora o jornal com a reportagem que Ma\u00edra escreveu sobre ele. Z\u00e9 Bob se confronta Donatela em um leil\u00e3o beneficente. Dodi chega. Donatela mente que est\u00e1 namorando Z\u00e9 Bob. Cida adormece e perde a dire\u00e7\u00e3o do caminh\u00e3o. Dodi d\u00e1 lances no leil\u00e3o e diz que s\u00f3 vai parar se Donatela voltar para casa com ele. Gon\u00e7alo se choca ao ver Irene e Flora juntas. Lara procura Cilene.  <\/p>\n<p>(*) edi\u00e7\u00e3o das novelas da Globo, &#8220;A Favorita&#8221;, sujeito a altera\u00e7\u00e3o de data e conte\u00fado.<\/p>\n<p>Sinopse &#8220;A Favorita&#8221;: Donatela perdeu seus pais num acidente de carro e foi adotada pela fam\u00edlia de Flora, assim, as duas cresceram como irm\u00e3s. Elas sempre tiveram talento para o canto e chegaram a formar uma dupla sertaneja: Fa\u00edsca e Espoleta. As cantoras fizeram sucesso, mas sua carreira foi interrompida depois que conheceram os amigos Marcelo e Dodi. Donatela casou-se com Marcelo e Flora com Dodi, mas o casamento da primeira foi conturbado. O primeiro filho do casal desapareceu com seis meses de idade, e al\u00e9m disso, Flora teve um caso com o marido da melhor amiga, j\u00e1 separada de Dodi e dessa rela\u00e7\u00e3o nasceu Lara, o que a distanciou ainda mais de sua irm\u00e3 de cria\u00e7\u00e3o.<\/p>\n<p>No pior momento de disc\u00f3rdia entre as duas, Marcelo \u00e9 assassinado, e a culpa recai sobre Flora, que foi pega com a arma do crime, sendo sentenciada a dezoito anos de reclus\u00e3o, separando-se assim de sua filha, que \u00e9 adotada e criada por Donatela. Ao sair da pris\u00e3o, Flora quer provar sua inoc\u00eancia, com a ideia de que a verdadeira culpada foi sua ex-amiga. Donatela, por sua vez, faz de tudo para que Lara n\u00e3o se aproxime de sua m\u00e3e biol\u00f3gica, e a menina se torna o alvo da disputa entre as duas.<\/p>\n","protected":false},"excerpt":{"rendered":"<p>Resumo da novela &#8220;A Favorita&#8221; em 13\/06: no cap\u00edtulo 021(*) da novela, \u00c9 hora de investigar. Flora pede que Lara investigue. Gon\u00e7alo pergunta para Irene de quem \u00e9 o n\u00famero para o qual ela ligou tanto no \u00faltimo m\u00eas. Irene diz que \u00e9 de Sandra. Dodi d\u00e1 um anel para Manu. Flora d\u00e1 duas fotos [&hellip;]<\/p>\n","protected":false},"author":2,"featured_media":219850,"comment_status":"closed","ping_status":"closed","sticky":false,"template":"","format":"standard","meta":{"tdm_status":"","tdm_grid_status":"","footnotes":""},"categories":[2278,379,375,2025,343],"tags":[441],"class_list":{"0":"post-220923","1":"post","2":"type-post","3":"status-publish","4":"format-standard","5":"has-post-thumbnail","7":"category-a-favorita","8":"category-novelas","9":"category-rede-globo","10":"category-resumo","11":"category-televisao","12":"tag-resumo-do-dia"},"_links":{"self":[{"href":"https:\/\/migracao.redenoticia.com.br\/noticia\/wp-json\/wp\/v2\/posts\/220923","targetHints":{"allow":["GET"]}}],"collection":[{"href":"https:\/\/migracao.redenoticia.com.br\/noticia\/wp-json\/wp\/v2\/posts"}],"about":[{"href":"https:\/\/migracao.redenoticia.com.br\/noticia\/wp-json\/wp\/v2\/types\/post"}],"author":[{"embeddable":true,"href":"https:\/\/migracao.redenoticia.com.br\/noticia\/wp-json\/wp\/v2\/users\/2"}],"replies":[{"embeddable":true,"href":"https:\/\/migracao.redenoticia.com.br\/noticia\/wp-json\/wp\/v2\/comments?post=220923"}],"version-history":[{"count":0,"href":"https:\/\/migracao.redenoticia.com.br\/noticia\/wp-json\/wp\/v2\/posts\/220923\/revisions"}],"wp:featuredmedia":[{"embeddable":true,"href":"https:\/\/migracao.redenoticia.com.br\/noticia\/wp-json\/wp\/v2\/media\/219850"}],"wp:attachment":[{"href":"https:\/\/migracao.redenoticia.com.br\/noticia\/wp-json\/wp\/v2\/media?parent=220923"}],"wp:term":[{"taxonomy":"category","embeddable":true,"href":"https:\/\/migracao.redenoticia.com.br\/noticia\/wp-json\/wp\/v2\/categories?post=220923"},{"taxonomy":"post_tag","embeddable":true,"href":"https:\/\/migracao.redenoticia.com.br\/noticia\/wp-json\/wp\/v2\/tags?post=220923"}],"curies":[{"name":"wp","href":"https:\/\/api.w.org\/{rel}","templated":true}]}}