{"id":220927,"date":"2022-06-12T21:06:08","date_gmt":"2022-06-13T00:06:08","guid":{"rendered":"https:\/\/www.redenoticia.com.br\/noticia\/?p=220927"},"modified":"2022-06-12T21:06:08","modified_gmt":"2022-06-13T00:06:08","slug":"resumo-cara-e-coragem-13-06-italo-pensa-em-invadir-a-sg","status":"publish","type":"post","link":"https:\/\/migracao.redenoticia.com.br\/noticia\/2022\/resumo-cara-e-coragem-13-06-italo-pensa-em-invadir-a-sg\/220927","title":{"rendered":"Resumo \u201cCara e Coragem\u201d 13\/06: \u00cdtalo pensa em invadir a SG"},"content":{"rendered":"<p> <img loading=\"lazy\" decoding=\"async\" src=\"https:\/\/migracao.redenoticia.com.br\/noticia\/imagens\/cara-e-coragem.jpg\" alt=\"\" width=\"1280\" height=\"720\" class=\"aligncenter size-full wp-image-220184\" srcset=\"https:\/\/migracao.redenoticia.com.br\/noticia\/imagens\/cara-e-coragem.jpg 1280w, https:\/\/migracao.redenoticia.com.br\/noticia\/imagens\/cara-e-coragem-250x140.jpg 250w, https:\/\/migracao.redenoticia.com.br\/noticia\/imagens\/cara-e-coragem-400x225.jpg 400w, https:\/\/migracao.redenoticia.com.br\/noticia\/imagens\/cara-e-coragem-768x432.jpg 768w, https:\/\/migracao.redenoticia.com.br\/noticia\/imagens\/cara-e-coragem-150x84.jpg 150w\" sizes=\"auto, (max-width: 1280px) 100vw, 1280px\" \/><\/p>\n<p><strong><em>Resumo da novela \u201cCara e Coragem\u201d<\/em><\/strong> em 13\/06: no cap\u00edtulo 013(*) da novela, Anita comenta com Rose que fez um procedimento para tirar sua tatuagem da perna. Paulo pede ao delegado para conversar novamente com a fam\u00edlia de Clarice. Regina manipula Leonardo para aceitar o romance de Martha com Vini, namorado de sua m\u00e3e.<\/p>\n<p>Pat se preocupa com o valor do investimento para a abertura da ag\u00eancia de dubl\u00eas. Danilo oferece dinheiro para Moa aceitar compartilhar a guarda de Chiquinho com Rebeca. Rico conta para Pat que n\u00e3o conseguiu um patrocinador para a ag\u00eancia de dubl\u00eas. Leonardo se desespera com a nova intima\u00e7\u00e3o para depor na delegacia. Paulo mostra a carta de despedida de Clarice para Martha. \u00cdtalo pensa em invadir a SG e pede ajuda para Pat e Moa.<\/p>\n<p>(*) edi\u00e7\u00e3o das novelas da Globo, \u201cCara e Coragem\u201d, sujeito a altera\u00e7\u00e3o de data e conte\u00fado.<\/p>\n<p>Sinopse \u201cCara e Coragem\u201d: Os dubl\u00eas profissionais Pat e Moa ter\u00e3o seus caminhos tra\u00e7ados com o da empres\u00e1ria Clarice Gusm\u00e3o, diretora da Sider\u00fargica Gusm\u00e3o e inventora de uma f\u00f3rmula secreta milion\u00e1ria, que ser\u00e1 invejada por Leonardo, irm\u00e3o de Clarice, sua amante Regina, e Danilo, tamb\u00e9m empres\u00e1rio.<\/p>\n<p>Enquanto os dubl\u00eas se descobrir\u00e3o apaixonados um pelo outro, mesmo que eles n\u00e3o admitam, Clarice ter\u00e1 um caso com \u00cdtalo, um instrutor de parkur, al\u00e9m de outros segredos obscuros dentro da trama. Uma reviravolta em sua vida acontece ao descobrir a exist\u00eancia de Anita, uma s\u00f3sia sua, mas com uma personalidade totalmente oposta.<\/p>\n","protected":false},"excerpt":{"rendered":"<p>Resumo da novela \u201cCara e Coragem\u201d em 13\/06: no cap\u00edtulo 013(*) da novela, Anita comenta com Rose que fez um procedimento para tirar sua tatuagem da perna. Paulo pede ao delegado para conversar novamente com a fam\u00edlia de Clarice. Regina manipula Leonardo para aceitar o romance de Martha com Vini, namorado de sua m\u00e3e. Pat [&hellip;]<\/p>\n","protected":false},"author":2,"featured_media":220185,"comment_status":"closed","ping_status":"closed","sticky":false,"template":"","format":"standard","meta":{"tdm_status":"","tdm_grid_status":"","footnotes":""},"categories":[2281,379,375,2025,343],"tags":[441],"class_list":{"0":"post-220927","1":"post","2":"type-post","3":"status-publish","4":"format-standard","5":"has-post-thumbnail","7":"category-cara-e-coragem","8":"category-novelas","9":"category-rede-globo","10":"category-resumo","11":"category-televisao","12":"tag-resumo-do-dia"},"_links":{"self":[{"href":"https:\/\/migracao.redenoticia.com.br\/noticia\/wp-json\/wp\/v2\/posts\/220927","targetHints":{"allow":["GET"]}}],"collection":[{"href":"https:\/\/migracao.redenoticia.com.br\/noticia\/wp-json\/wp\/v2\/posts"}],"about":[{"href":"https:\/\/migracao.redenoticia.com.br\/noticia\/wp-json\/wp\/v2\/types\/post"}],"author":[{"embeddable":true,"href":"https:\/\/migracao.redenoticia.com.br\/noticia\/wp-json\/wp\/v2\/users\/2"}],"replies":[{"embeddable":true,"href":"https:\/\/migracao.redenoticia.com.br\/noticia\/wp-json\/wp\/v2\/comments?post=220927"}],"version-history":[{"count":0,"href":"https:\/\/migracao.redenoticia.com.br\/noticia\/wp-json\/wp\/v2\/posts\/220927\/revisions"}],"wp:featuredmedia":[{"embeddable":true,"href":"https:\/\/migracao.redenoticia.com.br\/noticia\/wp-json\/wp\/v2\/media\/220185"}],"wp:attachment":[{"href":"https:\/\/migracao.redenoticia.com.br\/noticia\/wp-json\/wp\/v2\/media?parent=220927"}],"wp:term":[{"taxonomy":"category","embeddable":true,"href":"https:\/\/migracao.redenoticia.com.br\/noticia\/wp-json\/wp\/v2\/categories?post=220927"},{"taxonomy":"post_tag","embeddable":true,"href":"https:\/\/migracao.redenoticia.com.br\/noticia\/wp-json\/wp\/v2\/tags?post=220927"}],"curies":[{"name":"wp","href":"https:\/\/api.w.org\/{rel}","templated":true}]}}