{"id":220987,"date":"2022-06-14T10:09:22","date_gmt":"2022-06-14T13:09:22","guid":{"rendered":"https:\/\/www.redenoticia.com.br\/noticia\/?p=220987"},"modified":"2022-06-14T10:09:22","modified_gmt":"2022-06-14T13:09:22","slug":"resumo-cara-e-coragem-15-06-pat-e-moa-deixam-pista-da-invasao-do-grupo-a-sg","status":"publish","type":"post","link":"https:\/\/migracao.redenoticia.com.br\/noticia\/2022\/resumo-cara-e-coragem-15-06-pat-e-moa-deixam-pista-da-invasao-do-grupo-a-sg\/220987","title":{"rendered":"Resumo \u201cCara e Coragem\u201d 15\/06: Pat e Moa deixam pista da invas\u00e3o do grupo \u00e0 SG"},"content":{"rendered":"<p><img loading=\"lazy\" decoding=\"async\" src=\"https:\/\/migracao.redenoticia.com.br\/noticia\/imagens\/cara-e-coragem.jpg\" alt=\"\" width=\"1280\" height=\"720\" class=\"aligncenter size-full wp-image-220184\" srcset=\"https:\/\/migracao.redenoticia.com.br\/noticia\/imagens\/cara-e-coragem.jpg 1280w, https:\/\/migracao.redenoticia.com.br\/noticia\/imagens\/cara-e-coragem-250x140.jpg 250w, https:\/\/migracao.redenoticia.com.br\/noticia\/imagens\/cara-e-coragem-400x225.jpg 400w, https:\/\/migracao.redenoticia.com.br\/noticia\/imagens\/cara-e-coragem-768x432.jpg 768w, https:\/\/migracao.redenoticia.com.br\/noticia\/imagens\/cara-e-coragem-150x84.jpg 150w\" sizes=\"auto, (max-width: 1280px) 100vw, 1280px\" \/><\/p>\n<p><strong><em>Resumo da novela \u201cCara e Coragem\u201d<\/em><\/strong> em 15\/06: no cap\u00edtulo 015(*) da novela, Pat, Moa e \u00cdtalo entram embaixo do caminh\u00e3o para invadir a empresa. Rico procura Martha e apresenta seus planos para a empres\u00e1ria. \u00cdtalo tenta abrir o cofre na sala da presid\u00eancia. Gustavo e Teca descobrem que Bob doou a tela que ganhou para o leil\u00e3o beneficente e ficam intrigados.<\/p>\n<p>Ol\u00edvia apresenta Anita para Duarte, que comenta sobre sua semelhan\u00e7a com Clarice. Jessica d\u00e1 de cara com Anita no banheiro da companha de dan\u00e7a e solta um grito achando que viu um fantasma. Rico e Martha conversam na sala da presid\u00eancia e Rico reconhece \u00cdtalo tentando se esconder. Danilo pensa em conversar com Bob sobre a tela que ele doou para o leil\u00e3o.<\/p>\n<p>\u00cdtalo abre o cofre e Pat encontra uma foto de Clarice com um grupo de mulheres vestidas com a mesma roupa com que ela foi encontrada morta, o terninho laranja. O grupo faze rapel para sair da SG \u00e0 noite sem serem vistos. \u00cdtalo se irrita ao descobrir que Pat e Moa deixaram uma pista da invas\u00e3o do grupo \u00e0 SG. Danilo descobre a farsa de Bob Wright. Pat mostra a foto que encontrou no cofre de Clarice para Rico.<\/p>\n<p>(*) edi\u00e7\u00e3o das novelas da Globo, \u201cCara e Coragem\u201d, sujeito a altera\u00e7\u00e3o de data e conte\u00fado.<\/p>\n<p>Sinopse \u201cCara e Coragem\u201d: Os dubl\u00eas profissionais Pat e Moa ter\u00e3o seus caminhos tra\u00e7ados com o da empres\u00e1ria Clarice Gusm\u00e3o, diretora da Sider\u00fargica Gusm\u00e3o e inventora de uma f\u00f3rmula secreta milion\u00e1ria, que ser\u00e1 invejada por Leonardo, irm\u00e3o de Clarice, sua amante Regina, e Danilo, tamb\u00e9m empres\u00e1rio.<\/p>\n<p>Enquanto os dubl\u00eas se descobrir\u00e3o apaixonados um pelo outro, mesmo que eles n\u00e3o admitam, Clarice ter\u00e1 um caso com \u00cdtalo, um instrutor de parkur, al\u00e9m de outros segredos obscuros dentro da trama. Uma reviravolta em sua vida acontece ao descobrir a exist\u00eancia de Anita, uma s\u00f3sia sua, mas com uma personalidade totalmente oposta.<\/p>\n","protected":false},"excerpt":{"rendered":"<p>Resumo da novela \u201cCara e Coragem\u201d em 15\/06: no cap\u00edtulo 015(*) da novela, Pat, Moa e \u00cdtalo entram embaixo do caminh\u00e3o para invadir a empresa. Rico procura Martha e apresenta seus planos para a empres\u00e1ria. \u00cdtalo tenta abrir o cofre na sala da presid\u00eancia. Gustavo e Teca descobrem que Bob doou a tela que ganhou [&hellip;]<\/p>\n","protected":false},"author":4,"featured_media":220185,"comment_status":"closed","ping_status":"closed","sticky":false,"template":"","format":"standard","meta":{"tdm_status":"","tdm_grid_status":"","footnotes":""},"categories":[2281,379,375,2025,343],"tags":[441],"class_list":{"0":"post-220987","1":"post","2":"type-post","3":"status-publish","4":"format-standard","5":"has-post-thumbnail","7":"category-cara-e-coragem","8":"category-novelas","9":"category-rede-globo","10":"category-resumo","11":"category-televisao","12":"tag-resumo-do-dia"},"_links":{"self":[{"href":"https:\/\/migracao.redenoticia.com.br\/noticia\/wp-json\/wp\/v2\/posts\/220987","targetHints":{"allow":["GET"]}}],"collection":[{"href":"https:\/\/migracao.redenoticia.com.br\/noticia\/wp-json\/wp\/v2\/posts"}],"about":[{"href":"https:\/\/migracao.redenoticia.com.br\/noticia\/wp-json\/wp\/v2\/types\/post"}],"author":[{"embeddable":true,"href":"https:\/\/migracao.redenoticia.com.br\/noticia\/wp-json\/wp\/v2\/users\/4"}],"replies":[{"embeddable":true,"href":"https:\/\/migracao.redenoticia.com.br\/noticia\/wp-json\/wp\/v2\/comments?post=220987"}],"version-history":[{"count":0,"href":"https:\/\/migracao.redenoticia.com.br\/noticia\/wp-json\/wp\/v2\/posts\/220987\/revisions"}],"wp:featuredmedia":[{"embeddable":true,"href":"https:\/\/migracao.redenoticia.com.br\/noticia\/wp-json\/wp\/v2\/media\/220185"}],"wp:attachment":[{"href":"https:\/\/migracao.redenoticia.com.br\/noticia\/wp-json\/wp\/v2\/media?parent=220987"}],"wp:term":[{"taxonomy":"category","embeddable":true,"href":"https:\/\/migracao.redenoticia.com.br\/noticia\/wp-json\/wp\/v2\/categories?post=220987"},{"taxonomy":"post_tag","embeddable":true,"href":"https:\/\/migracao.redenoticia.com.br\/noticia\/wp-json\/wp\/v2\/tags?post=220987"}],"curies":[{"name":"wp","href":"https:\/\/api.w.org\/{rel}","templated":true}]}}