{"id":2210,"date":"2009-06-01T18:48:24","date_gmt":"2009-06-01T22:48:24","guid":{"rendered":"http:\/\/www.redenoticia.com.br\/noticia\/?p=2210"},"modified":"2009-06-01T18:48:24","modified_gmt":"2009-06-01T22:48:24","slug":"divulgada-a-classificacao-geral-do-atletismo-nos-jem%e2%80%99s-de-ji-parana","status":"publish","type":"post","link":"https:\/\/migracao.redenoticia.com.br\/noticia\/2009\/divulgada-a-classificacao-geral-do-atletismo-nos-jem%e2%80%99s-de-ji-parana\/2210","title":{"rendered":"Divulgada a classifica\u00e7\u00e3o geral do atletismo nos JEM\u2019s de Ji-Paran\u00e1"},"content":{"rendered":"<p style=\"margin: 0cm 0cm 0.0001pt;\"><span style=\"font-size: 9pt; font-family: Arial;\">A organiza\u00e7\u00e3o dos jogos escolares de Ji-Paran\u00e1 divulgou a rela\u00e7\u00e3o dos atletas classificados no atletismo. Veja os campe\u00f5es:<\/span><\/p>\n<p style=\"margin: 0cm 0cm 0.0001pt;\"><strong><span style=\"font-size: 9pt; font-family: Arial;\"> <\/span><\/strong><\/p>\n<p style=\"margin: 0cm 0cm 0.0001pt; text-align: center;\" align=\"center\"><strong><span style=\"text-decoration: underline;\"><span style=\"font-size: 9pt; font-family: Arial;\">RESULTADO DO JEM\u2019s 2009<\/span><\/span><\/strong><span style=\"font-size: 9pt; font-family: Arial;\"> <\/span><\/p>\n<p style=\"margin: 0cm 0cm 0.0001pt; text-align: center;\" align=\"center\"><strong><span style=\"text-decoration: underline;\"><span style=\"font-size: 9pt; font-family: Arial;\">ATLETISMO<\/span><\/span><\/strong><span style=\"font-size: 9pt; font-family: Arial;\"> <\/span><\/p>\n<p style=\"margin: 0cm 0cm 0.0001pt; text-align: center;\" align=\"center\"><strong><span style=\"text-decoration: underline;\"><span style=\"font-size: 9pt; font-family: Arial;\">CATEGORIA: INFANTIL FEMININO<\/span><\/span><\/strong><span style=\"font-size: 9pt; font-family: Arial;\"> <\/span><\/p>\n<p class=\"MsoNormal\" style=\"margin-left: 0cm; text-indent: 0cm;\"><!--[if !supportLists]--><span style=\"font-size: 10pt; font-family: Symbol;\"><span>\u00b7<span style=\"font-family: &quot;Times New Roman&quot;; font-style: normal; font-variant: normal; font-weight: normal; font-size: 7pt; line-height: normal; font-size-adjust: none; font-stretch: normal;\"> <\/span><\/span><\/span><!--[endif]--><span style=\"text-decoration: underline;\"><span style=\"font-size: 9pt; font-family: Arial;\">75 METROS RASOS INFANTIL FEMININO<\/span><\/span><span style=\"font-size: 9pt; font-family: Arial;\"> <\/span><\/p>\n<p class=\"MsoNormal\"><span style=\"font-size: 9pt; font-family: Arial;\"> <a name=\"0.2_table01\"><\/a><\/span><\/p>\n<p class=\"MsoNormal\"><span style=\"font-size: 9pt; font-family: Arial;\">1\u00ba<span> <\/span>ANA CAROLINA GOMES<\/span><\/p>\n<p class=\"MsoNormal\"><span style=\"font-size: 9pt; font-family: Arial;\">2\u00ba<span> <\/span>JOSANA DA SILVA OLIVEIRA<\/span><\/p>\n<p class=\"MsoNormal\"><span style=\"font-size: 9pt; font-family: Arial;\">3\u00ba<span> <\/span>RENATA LAIS PRESTES<\/span><\/p>\n<p class=\"MsoNormal\"><span style=\"font-size: 9pt; font-family: Arial;\">4\u00ba<span> <\/span>JAINE CAVICHIOLE ROSSI<\/span><\/p>\n<p class=\"MsoNormal\"><span style=\"font-size: 9pt; font-family: Arial;\">5\u00ba<span> <\/span>CRISLEY P. DE MEDEIROS<\/span><\/p>\n<p class=\"MsoNormal\"><span style=\"font-size: 9pt; font-family: Arial;\">6\u00ba<span> <\/span>AIMEE L.\u00a0 M. MORAIS<\/span><\/p>\n<p class=\"MsoNormal\"><span style=\"font-size: 9pt; font-family: Arial;\"> <\/span><\/p>\n<p class=\"MsoNormal\" style=\"margin-left: 0cm; text-indent: 0cm;\"><!--[if !supportLists]--><span style=\"font-size: 10pt; font-family: Symbol;\"><span>\u00b7<span style=\"font-family: &quot;Times New Roman&quot;; font-style: normal; font-variant: normal; font-weight: normal; font-size: 7pt; line-height: normal; font-size-adjust: none; font-stretch: normal;\"> <\/span><\/span><\/span><!--[endif]--><span style=\"text-decoration: underline;\"><span style=\"font-size: 9pt; font-family: Arial;\">250 METROS RASOS INFANTIL FEMININO<\/span><\/span><span style=\"font-size: 9pt; font-family: Arial;\"> <\/span><\/p>\n<p class=\"MsoNormal\"><span style=\"font-size: 9pt; font-family: Arial;\"> <a name=\"0.2_table02\"><\/a><\/span><\/p>\n<p class=\"MsoNormal\" style=\"text-align: justify;\"><span style=\"font-size: 9pt; font-family: Arial;\">1\u00ba JOSANA DA SILVA OLIVEIRA<\/span><\/p>\n<p class=\"MsoNormal\" style=\"text-align: justify;\"><span style=\"font-size: 9pt; font-family: Arial;\">2\u00ba JAINE CAVILCHIOLE ROSSI<\/span><\/p>\n<p class=\"MsoNormal\" style=\"text-align: justify;\"><span style=\"font-size: 9pt; font-family: Arial;\">3\u00ba EDILAINE C. RODRIGUES<\/span><\/p>\n<p class=\"MsoNormal\" style=\"text-align: justify;\"><span style=\"font-size: 9pt; font-family: Arial;\">4\u00ba SAMELA BIANCA COSTA<\/span><\/p>\n<p class=\"MsoNormal\"><span style=\"font-size: 9pt; font-family: Arial;\"> <\/span><\/p>\n<p class=\"MsoNormal\" style=\"margin-left: 0cm; text-indent: 0cm;\"><!--[if !supportLists]--><span style=\"font-size: 10pt; font-family: Symbol;\"><span>\u00b7<span style=\"font-family: &quot;Times New Roman&quot;; font-style: normal; font-variant: normal; font-weight: normal; font-size: 7pt; line-height: normal; font-size-adjust: none; font-stretch: normal;\"> <\/span><\/span><\/span><!--[endif]--><span style=\"text-decoration: underline;\"><span style=\"font-size: 9pt; font-family: Arial;\">1.000 METROS RASOS INFANTIL FEMININO<\/span><\/span><span style=\"font-size: 9pt; font-family: Arial;\"> <\/span><\/p>\n<p class=\"MsoNormal\"><span style=\"font-size: 9pt; font-family: Arial;\"> <a name=\"0.2_table03\"><\/a><\/span><\/p>\n<p class=\"MsoNormal\"><span style=\"font-size: 9pt; font-family: Arial;\">1\u00ba<span> <\/span>JESSICA N.L. SOUZA<\/span><\/p>\n<p class=\"MsoNormal\"><span style=\"font-size: 9pt; font-family: Arial;\">2\u00ba<span> <\/span>ANA PAULA S.SOUZA<\/span><\/p>\n<p class=\"MsoNormal\"><span style=\"font-size: 9pt; font-family: Arial;\"> <\/span><\/p>\n<p class=\"MsoNormal\" style=\"margin-left: 0cm; text-indent: 0cm;\"><!--[if !supportLists]--><span style=\"font-size: 10pt; font-family: Symbol;\"><span>\u00b7<span style=\"font-family: &quot;Times New Roman&quot;; font-style: normal; font-variant: normal; font-weight: normal; font-size: 7pt; line-height: normal; font-size-adjust: none; font-stretch: normal;\"> <\/span><\/span><\/span><!--[endif]--><span style=\"text-decoration: underline;\"><span style=\"font-size: 9pt; font-family: Arial;\">REVEZAMENTO 4 x 75 METROS\u00a0 INFANTIL FEMININO<\/span><\/span><span style=\"font-size: 9pt; font-family: Arial;\"> <\/span><\/p>\n<p class=\"MsoNormal\"><span style=\"font-size: 9pt; font-family: Arial;\"> <a name=\"0.2_table04\"><\/a><\/span><\/p>\n<p class=\"MsoNormal\"><span style=\"font-size: 9pt; font-family: Arial;\"><span> <\/span>RENATA LAIS PRESTES<\/span><\/p>\n<p class=\"MsoNormal\"><span style=\"font-size: 9pt; font-family: Arial;\"><span> <\/span>ANA CAROLINA GOMES<\/span><\/p>\n<p class=\"MsoNormal\"><span style=\"font-size: 9pt; font-family: Arial;\"><span> <\/span>EDILAINE C.RODRIGUES<\/span><\/p>\n<p class=\"MsoNormal\"><span style=\"font-size: 9pt; font-family: Arial;\"><span> <\/span>J\u00c9SSICA N. LEONEL<\/span><\/p>\n<p class=\"MsoNormal\"><span style=\"font-size: 9pt; font-family: Arial;\"><br \/>\n<\/span><\/p>\n<p class=\"MsoNormal\" style=\"margin-left: 0cm; text-indent: 0cm;\"><!--[if !supportLists]--><span style=\"font-size: 10pt; font-family: Symbol;\"><span>\u00b7<span style=\"font-family: &quot;Times New Roman&quot;; font-style: normal; font-variant: normal; font-weight: normal; font-size: 7pt; line-height: normal; font-size-adjust: none; font-stretch: normal;\"> <\/span><\/span><\/span><!--[endif]--><span style=\"text-decoration: underline;\"><span style=\"font-size: 9pt; font-family: Arial;\">ARREMESSO DE PESO INFANTIL FEMININO<\/span><\/span><span style=\"font-size: 9pt; font-family: Arial;\"> <\/span><\/p>\n<p class=\"MsoNormal\"><span style=\"font-size: 9pt; font-family: Arial;\"> <a name=\"0.2_table05\"><\/a><\/span><\/p>\n<p class=\"MsoNormal\"><strong><span style=\"font-size: 9pt; font-family: Arial;\">CLASSIF.<\/span><\/strong><span style=\"font-size: 9pt; font-family: Arial;\"><span> <\/span><strong>NOME DO ATLETA<\/strong><span> <\/span><strong>ESCOLA<\/strong><span> <\/span><strong>RESULTADO<\/strong><\/span><\/p>\n<p class=\"MsoNormal\"><span style=\"font-size: 9pt; font-family: Arial;\">1\u00ba<span> <\/span>CAMILA CRISTINA F. SOUZA<span> <\/span>J.FRANCISCO<span> <\/span>5,45<\/span><\/p>\n<p class=\"MsoNormal\"><span style=\"font-size: 9pt; font-family: Arial;\"> <\/span><\/p>\n<p class=\"MsoNormal\" style=\"margin-left: 0cm; text-indent: 0cm;\"><!--[if !supportLists]--><span style=\"font-size: 10pt; font-family: Symbol;\"><span>\u00b7<span style=\"font-family: &quot;Times New Roman&quot;; font-style: normal; font-variant: normal; font-weight: normal; font-size: 7pt; line-height: normal; font-size-adjust: none; font-stretch: normal;\"> <\/span><\/span><\/span><!--[endif]--><span style=\"text-decoration: underline;\"><span style=\"font-size: 9pt; font-family: Arial;\">LAN\u00c7AMENTO DE DARDO INFANTIL FEMININO<\/span><\/span><span style=\"font-size: 9pt; font-family: Arial;\"> <\/span><\/p>\n<p class=\"MsoNormal\"><span style=\"font-size: 9pt; font-family: Arial;\"> <a name=\"0.2_table06\"><\/a><\/span><\/p>\n<p class=\"MsoNormal\"><strong><span style=\"font-size: 9pt; font-family: Arial;\">CLASSIF.<\/span><\/strong><span style=\"font-size: 9pt; font-family: Arial;\"><span> <\/span><strong>NOME DO ATLETA<\/strong><span> <\/span><strong>ESCOLA<\/strong><span> <\/span><strong>RESULTADO<\/strong><\/span><\/p>\n<p class=\"MsoNormal\"><span style=\"font-size: 9pt; font-family: Arial;\">1\u00ba<span> <\/span>CAMILA CRISTINA F.SOUZA<span> <\/span>J.FRANCISCO<span> <\/span>14,39<\/span><\/p>\n<p class=\"MsoNormal\"><span style=\"font-size: 9pt; font-family: Arial;\"> <\/span><\/p>\n<p class=\"MsoNormal\" style=\"margin-left: 0cm; text-indent: 0cm;\"><!--[if !supportLists]--><span style=\"font-size: 10pt; font-family: Symbol;\"><span>\u00b7<span style=\"font-family: &quot;Times New Roman&quot;; font-style: normal; font-variant: normal; font-weight: normal; font-size: 7pt; line-height: normal; font-size-adjust: none; font-stretch: normal;\"> <\/span><\/span><\/span><!--[endif]--><span style=\"text-decoration: underline;\"><span style=\"font-size: 9pt; font-family: Arial;\">SALTO EM DIST\u00c2NCIA INFANTIL FEMININO<\/span><\/span><span style=\"font-size: 9pt; font-family: Arial;\"> <\/span><\/p>\n<p class=\"MsoNormal\"><span style=\"font-size: 9pt; font-family: Arial;\"> <a name=\"0.2_table07\"><\/a><\/span><\/p>\n<p class=\"MsoNormal\"><strong><span style=\"font-size: 9pt; font-family: Arial;\">CLASSIF.<\/span><\/strong><span style=\"font-size: 9pt; font-family: Arial;\"><span> <\/span><strong>NOME DO ATLETA<\/strong><span> <\/span><strong>ESCOLA<\/strong><span> <\/span><strong>RESULTADO<\/strong><\/span><\/p>\n<p class=\"MsoNormal\"><span style=\"font-size: 9pt; font-family: Arial;\"><span> <\/span>CRISLEY P. MEDEIROS<span> <\/span>J.FRANCISCO<span> <\/span>3,31<\/span><\/p>\n<p class=\"MsoNormal\"><span style=\"font-size: 9pt; font-family: Arial;\"><span> <\/span>AIMEE LORENA M.MORAIS<span> <\/span>J.FRANCISCO<span> <\/span>3,16<\/span><\/p>\n<p class=\"MsoNormal\"><span style=\"font-size: 9pt; font-family: Arial;\"><span> <\/span>ANA PAULA S.SOUZA<span> <\/span>A.FERREIRA<span> <\/span>3,10<\/span><\/p>\n<p class=\"MsoNormal\"><span style=\"font-size: 9pt; font-family: Arial;\"><br \/>\n<\/span><\/p>\n<p style=\"margin: 0cm 0cm 0.0001pt; text-align: center;\" align=\"center\"><strong><span style=\"text-decoration: underline;\"><span style=\"font-size: 9pt; font-family: Arial;\">CATEGORIA: INFANTIL MASCULINO<\/span><\/span><\/strong><span style=\"font-size: 9pt; font-family: Arial;\"><br \/>\n<\/span><\/p>\n<p class=\"MsoNormal\" style=\"margin-left: 0cm; text-indent: 0cm;\"><!--[if !supportLists]--><span style=\"font-size: 10pt; font-family: Symbol;\"><span>\u00b7<span style=\"font-family: &quot;Times New Roman&quot;; font-style: normal; font-variant: normal; font-weight: normal; font-size: 7pt; line-height: normal; font-size-adjust: none; font-stretch: normal;\"> <\/span><\/span><\/span><!--[endif]--><span style=\"text-decoration: underline;\"><span style=\"font-size: 9pt; font-family: Arial;\">75 METROS RASOS INFANTIL MASCULINO<\/span><\/span><span style=\"font-size: 9pt; font-family: Arial;\"> <\/span><\/p>\n<p class=\"MsoNormal\"><span style=\"font-size: 9pt; font-family: Arial;\"> <a name=\"0.2_table08\"><\/a><\/span><\/p>\n<p class=\"MsoNormal\"><strong><span style=\"font-size: 9pt; font-family: Arial;\">CLASSIF.<\/span><\/strong><span style=\"font-size: 9pt; font-family: Arial;\"><span> <\/span><strong>NOME DO ATLETA<\/strong><span> <\/span><strong>ESCOLA<\/strong><span> <\/span><strong>RESULTADO<\/strong><\/span><\/p>\n<p class=\"MsoNormal\"><span style=\"font-size: 9pt; font-family: Arial;\">1\u00ba<span> <\/span>RODRIGO S. SOUZA<span> <\/span>A.FERREIRA<span> <\/span>10\u2019\u201930<\/span><\/p>\n<p class=\"MsoNormal\"><span style=\"font-size: 9pt; font-family: Arial;\">2\u00ba<span> <\/span>RODRIGO ESTEVES <span> <\/span>A.FERREIRA<span> <\/span>10\u2019\u201996<\/span><\/p>\n<p class=\"MsoNormal\"><span style=\"font-size: 9pt; font-family: Arial;\">3\u00ba<span> <\/span>CARMINDO M. DOS SANTOS<span> <\/span>C.ROCCO<span> <\/span>11\u2019\u201934<\/span><\/p>\n<p class=\"MsoNormal\"><span style=\"font-size: 9pt; font-family: Arial;\">4\u00ba<span> <\/span>IGOR U. BERGAMIM<span> <\/span>G. DIAS<span> <\/span>11\u2019\u201967<\/span><\/p>\n<p class=\"MsoNormal\"><span style=\"font-size: 9pt; font-family: Arial;\">5\u00ba<span> <\/span>EVONEY COSTA SILVA<span> <\/span>N.BRAS\u00cdLIA<span> <\/span>11\u2019\u201996<\/span><\/p>\n<p class=\"MsoNormal\"><span style=\"font-size: 9pt; font-family: Arial;\">6\u00ba<span> <\/span>LUCAS CORDEIRO<span> <\/span>M.BISPO\u00a0<span> <\/span>12\u2019\u201925<\/span><\/p>\n<p class=\"MsoNormal\"><span style=\"font-size: 9pt; font-family: Arial;\">7\u00ba<span> <\/span>IAGO ALVES DOS SANTOS<span> <\/span>G.DIAS<span> <\/span>12\u2019\u201935<\/span><\/p>\n<p class=\"MsoNormal\"><span style=\"font-size: 9pt; font-family: Arial;\"> <\/span><\/p>\n<p class=\"MsoNormal\" style=\"margin-left: 0cm; text-indent: 0cm;\"><!--[if !supportLists]--><span style=\"font-size: 10pt; font-family: Symbol;\"><span>\u00b7<span style=\"font-family: &quot;Times New Roman&quot;; font-style: normal; font-variant: normal; font-weight: normal; font-size: 7pt; line-height: normal; font-size-adjust: none; font-stretch: normal;\"> <\/span><\/span><\/span><!--[endif]--><span style=\"text-decoration: underline;\"><span style=\"font-size: 9pt; font-family: Arial;\">250 METROS RASOS INFANTIL MASCULINO<\/span><\/span><span style=\"font-size: 9pt; font-family: Arial;\"> <\/span><\/p>\n<p class=\"MsoNormal\"><span style=\"font-size: 9pt; font-family: Arial;\"> <a name=\"0.2_table09\"><\/a><\/span><\/p>\n<p class=\"MsoNormal\"><strong><span style=\"font-size: 9pt; font-family: Arial;\">CLASSIF.<\/span><\/strong><span style=\"font-size: 9pt; font-family: Arial;\"><span> <\/span><strong>NOME DO ATLETA<\/strong><span> <\/span><strong>ESCOLA<\/strong><span> <\/span><strong>RESULTADO<\/strong><\/span><\/p>\n<p class=\"MsoNormal\"><span style=\"font-size: 9pt; font-family: Arial;\">1\u00ba<span> <\/span>HERCILIO F.DA SILVA<span> <\/span>A.FERREIRA<span> <\/span>37\u2019\u201916<\/span><\/p>\n<p class=\"MsoNormal\"><span style=\"font-size: 9pt; font-family: Arial;\">2\u00ba<span> <\/span>GILSON E.P. DA GLORIA<span> <\/span>G.DIAS<span> <\/span>39\u2019\u201930<\/span><\/p>\n<p class=\"MsoNormal\"><span style=\"font-size: 9pt; font-family: Arial;\">3\u00ba<span> <\/span>CLAUDINEI MOREIRA<span> <\/span>C.ROCCO<span> <\/span>42\u2019\u201969<\/span><\/p>\n<p class=\"MsoNormal\"><span style=\"font-size: 9pt; font-family: Arial;\">4\u00ba<span> <\/span>EBERSON CARLOS<span> <\/span>J.FRANCISCO<span> <\/span>43\u2019\u201980<\/span><\/p>\n<p class=\"MsoNormal\"><span style=\"font-size: 9pt; font-family: Arial;\">5\u00ba<span> <\/span>RODRIGO ALVES<span> <\/span>C.ROCCO<span> <\/span>54\u2019\u201956<\/span><\/p>\n<p class=\"MsoNormal\"><span style=\"font-size: 9pt; font-family: Arial;\"> <\/span><\/p>\n<p class=\"MsoNormal\" style=\"margin-left: 0cm; text-indent: 0cm;\"><!--[if !supportLists]--><span style=\"font-size: 10pt; font-family: Symbol;\"><span>\u00b7<span style=\"font-family: &quot;Times New Roman&quot;; font-style: normal; font-variant: normal; font-weight: normal; font-size: 7pt; line-height: normal; font-size-adjust: none; font-stretch: normal;\"> <\/span><\/span><\/span><!--[endif]--><span style=\"text-decoration: underline;\"><span style=\"font-size: 9pt; font-family: Arial;\">1.000 METROS RASOS INFANTIL MASCULINO<\/span><\/span><span style=\"font-size: 9pt; font-family: Arial;\"> <\/span><\/p>\n<p class=\"MsoNormal\"><span style=\"font-size: 9pt; font-family: Arial;\"> <a name=\"0.2_table0A\"><\/a><\/span><\/p>\n<p class=\"MsoNormal\"><strong><span style=\"font-size: 9pt; font-family: Arial;\">CLASSIF.<\/span><\/strong><span style=\"font-size: 9pt; font-family: Arial;\"><span> <\/span><strong>NOME DO ATLETA<\/strong><span> <\/span><strong>ESCOLA<\/strong><span> <\/span><strong>RESULTADO<\/strong><\/span><\/p>\n<p class=\"MsoNormal\"><span style=\"font-size: 9pt; font-family: Arial;\"><span> <\/span>HERCILIO FERNANDES<span> <\/span>A.FERREIRA<span> <\/span>3\u201949\u2019\u201954<\/span><\/p>\n<p class=\"MsoNormal\"><span style=\"font-size: 9pt; font-family: Arial;\"><span> <\/span>LUIS AFONSO MARTINS<span> <\/span>G.DIAS<span> <\/span>3\u201954\u2019\u201923<\/span><\/p>\n<p class=\"MsoNormal\"><span style=\"font-size: 9pt; font-family: Arial;\"><span> <\/span>EBERSON CARLOS<span> <\/span>J.FRANCISCO<span> <\/span>3\u2019\u201955\u2019\u201997<\/span><\/p>\n<p class=\"MsoNormal\"><span style=\"font-size: 9pt; font-family: Arial;\"><span> <\/span>IGOR BERGAMIM<span> <\/span>G. DIAS<span> <\/span>5\u201929\u2019\u201923<\/span><\/p>\n<p class=\"MsoNormal\"><span style=\"font-size: 9pt; font-family: Arial;\"> <\/span><\/p>\n<p class=\"MsoNormal\" style=\"margin-left: 0cm; text-indent: 0cm;\"><!--[if !supportLists]--><span style=\"font-size: 10pt; font-family: Symbol;\"><span>\u00b7<span style=\"font-family: &quot;Times New Roman&quot;; font-style: normal; font-variant: normal; font-weight: normal; font-size: 7pt; line-height: normal; font-size-adjust: none; font-stretch: normal;\"> <\/span><\/span><\/span><!--[endif]--><span style=\"text-decoration: underline;\"><span style=\"font-size: 9pt; font-family: Arial;\">REVEZAMENTO 4 x 75 METROS\u00a0 INFANTIL MASCULINO<\/span><\/span><span style=\"font-size: 9pt; font-family: Arial;\"> <\/span><\/p>\n<p class=\"MsoNormal\"><span style=\"font-size: 9pt; font-family: Arial;\"> <a name=\"0.2_table0B\"><\/a><\/span><\/p>\n<p class=\"MsoNormal\"><strong><span style=\"font-size: 9pt; font-family: Arial;\">CLASSIF.<\/span><\/strong><span style=\"font-size: 9pt; font-family: Arial;\"><span> <\/span><strong>NOME DO ATLETA<\/strong><span> <\/span><strong>ESCOLA<\/strong><span> <\/span><strong>RESULTADO<\/strong><\/span><\/p>\n<p class=\"MsoNormal\"><span style=\"font-size: 9pt; font-family: Arial;\"><span> <\/span>GILSON ERICKS P.GLORIA<span> <\/span>G.DIAS<span> <\/span>47\u201d00<\/span><\/p>\n<p class=\"MsoNormal\"><span style=\"font-size: 9pt; font-family: Arial;\"><span> <\/span>IAGO ALVES DOS SANTOS<\/span><\/p>\n<p class=\"MsoNormal\"><span style=\"font-size: 9pt; font-family: Arial;\"><span> <\/span>IGOR U. BERGAMIN<\/span><\/p>\n<p class=\"MsoNormal\"><span style=\"font-size: 9pt; font-family: Arial;\"><span> <\/span>LUIS AFONSO MARTINS<\/span><\/p>\n<p class=\"MsoNormal\"><span style=\"font-size: 9pt; font-family: Arial;\"><span> <\/span>FELIPE D. SILVA<span> <\/span>C.ROCCO<span> <\/span>47\u201d70<span> <\/span><\/span><\/p>\n<p class=\"MsoNormal\"><span style=\"font-size: 9pt; font-family: Arial;\"><span> <\/span>CLAUDINEI M. SANTOS<span> <\/span><\/span><\/p>\n<p class=\"MsoNormal\"><span style=\"font-size: 9pt; font-family: Arial;\"><span> <\/span>CARMINDO M. SANTOS<span> <\/span><\/span><\/p>\n<p class=\"MsoNormal\"><span style=\"font-size: 9pt; font-family: Arial;\"><span> <\/span>M\u00c1RCIO SANTIAGO LIMA<span> <\/span><\/span><\/p>\n<p class=\"MsoNormal\"><span style=\"font-size: 9pt; font-family: Arial;\"><br \/>\n<\/span><\/p>\n<p class=\"MsoNormal\" style=\"margin-left: 0cm; text-indent: 0cm;\"><!--[if !supportLists]--><span style=\"font-size: 10pt; font-family: Symbol;\"><span>\u00b7<span style=\"font-family: &quot;Times New Roman&quot;; font-style: normal; font-variant: normal; font-weight: normal; font-size: 7pt; line-height: normal; font-size-adjust: none; font-stretch: normal;\"> <\/span><\/span><\/span><!--[endif]--><span style=\"text-decoration: underline;\"><span style=\"font-size: 9pt; font-family: Arial;\">ARREMESSO DE PESO INFANTIL MASCULINO<\/span><\/span><span style=\"font-size: 9pt; font-family: Arial;\"> <\/span><\/p>\n<p class=\"MsoNormal\"><span style=\"font-size: 9pt; font-family: Arial;\"> <a name=\"0.2_table0C\"><\/a><\/span><\/p>\n<p class=\"MsoNormal\"><strong><span style=\"font-size: 9pt; font-family: Arial;\">CLASSIF.<\/span><\/strong><span style=\"font-size: 9pt; font-family: Arial;\"><span> <\/span><strong>NOME DO ATLETA<\/strong><span> <\/span><strong>ESCOLA<\/strong><span> <\/span><strong>RESULTADO<\/strong><\/span><\/p>\n<p class=\"MsoNormal\"><span style=\"font-size: 9pt; font-family: Arial;\">1\u00ba<span> <\/span>WESLEY FERREIRA<span> <\/span>L.BENNO\u00a0<span> <\/span>7,86<\/span><\/p>\n<p class=\"MsoNormal\"><span style=\"font-size: 9pt; font-family: Arial;\">2\u00ba<span> <\/span>LUCAS OLIVEIRA<span> <\/span>M.BISPO\u00a0<span> <\/span>5,90<\/span><\/p>\n<p class=\"MsoNormal\"><span style=\"font-size: 9pt; font-family: Arial;\"><\/p>\n<p><\/span><\/p>\n<p class=\"MsoNormal\" style=\"margin-left: 0cm; text-indent: 0cm;\"><!--[if !supportLists]--><span style=\"font-size: 10pt; font-family: Symbol;\"><span>\u00b7<span style=\"font-family: &quot;Times New Roman&quot;; font-style: normal; font-variant: normal; font-weight: normal; font-size: 7pt; line-height: normal; font-size-adjust: none; font-stretch: normal;\"> <\/span><\/span><\/span><!--[endif]--><span style=\"text-decoration: underline;\"><span style=\"font-size: 9pt; font-family: Arial;\">LAN\u00c7AMENTO DE DARDO INFANTIL MASCULINO<\/span><\/span><span style=\"font-size: 9pt; font-family: Arial;\"> <\/span><\/p>\n<p class=\"MsoNormal\"><span style=\"font-size: 9pt; font-family: Arial;\"> <a name=\"0.2_table0D\"><\/a><\/span><\/p>\n<p class=\"MsoNormal\"><strong><span style=\"font-size: 9pt; font-family: Arial;\">CLASSIF.<\/span><\/strong><span style=\"font-size: 9pt; font-family: Arial;\"><span> <\/span><strong>NOME DO ATLETA<\/strong><span> <\/span><strong>ESCOLA<\/strong><span> <\/span><strong>RESULTADO<\/strong><\/span><\/p>\n<p class=\"MsoNormal\"><span style=\"font-size: 9pt; font-family: Arial;\">1\u00ba<span> <\/span>GEAN DE SOUZA BRAGA<span> <\/span>L.BENNO\u00a0<span> <\/span>22,29<\/span><\/p>\n<p class=\"MsoNormal\"><span style=\"font-size: 9pt; font-family: Arial;\">2\u00ba<span> <\/span>GUSTAVO PEREIRA<span> <\/span>L.BENNO\u00a0<span> <\/span>20,63<\/span><\/p>\n<p class=\"MsoNormal\"><span style=\"font-size: 9pt; font-family: Arial;\">3\u00ba<span> <\/span>LUCAS DE OLIVEIRA<span> <\/span>M.BISPO\u00a0<span> <\/span>18,70<\/span><\/p>\n<p class=\"MsoNormal\"><span style=\"font-size: 9pt; font-family: Arial;\">4\u00ba<span> <\/span>RODRIGO ALVES<span> <\/span>C.ROCCO\u00a0<span> <\/span>11,05<\/span><\/p>\n<p class=\"MsoNormal\"><span style=\"font-size: 9pt; font-family: Arial;\"> <\/span><\/p>\n<p class=\"MsoNormal\" style=\"margin-left: 0cm; text-indent: 0cm;\"><!--[if !supportLists]--><span style=\"font-size: 10pt; font-family: Symbol;\"><span>\u00b7<span style=\"font-family: &quot;Times New Roman&quot;; font-style: normal; font-variant: normal; font-weight: normal; font-size: 7pt; line-height: normal; font-size-adjust: none; font-stretch: normal;\"> <\/span><\/span><\/span><!--[endif]--><span style=\"text-decoration: underline;\"><span style=\"font-size: 9pt; font-family: Arial;\">LAN\u00c7AMENTO DE DISCO INFANTIL MASCULINO<\/span><\/span><span style=\"font-size: 9pt; font-family: Arial;\"> <\/span><\/p>\n<p class=\"MsoNormal\"><span style=\"font-size: 9pt; font-family: Arial;\"> <a name=\"0.2_table0E\"><\/a><\/span><\/p>\n<p class=\"MsoNormal\"><strong><span style=\"font-size: 9pt; font-family: Arial;\">CLASSIF.<\/span><\/strong><span style=\"font-size: 9pt; font-family: Arial;\"><span> <\/span><strong>NOME DO ATLETA<\/strong><span> <\/span><strong>ESCOLA<\/strong><span> <\/span><strong>RESULTADO<\/strong><\/span><\/p>\n<p class=\"MsoNormal\"><span style=\"font-size: 9pt; font-family: Arial;\">1\u00ba<span> <\/span>GUSTAVO P. CABRAL<span> <\/span>L.BENNO<span> <\/span>19,79<\/span><\/p>\n<p class=\"MsoNormal\"><span style=\"font-size: 9pt; font-family: Arial;\">2\u00ba<span> <\/span>GEAN DE SOUZA BRAGA<span> <\/span>L.BENNO<span> <\/span>17,14<\/span><\/p>\n<p class=\"MsoNormal\"><span style=\"font-size: 9pt; font-family: Arial;\"> <\/span><\/p>\n<p class=\"MsoNormal\" style=\"margin-left: 0cm; text-indent: 0cm;\"><!--[if !supportLists]--><span style=\"font-size: 10pt; font-family: Symbol;\"><span>\u00b7<span style=\"font-family: &quot;Times New Roman&quot;; font-style: normal; font-variant: normal; font-weight: normal; font-size: 7pt; line-height: normal; font-size-adjust: none; font-stretch: normal;\"> <\/span><\/span><\/span><!--[endif]--><span style=\"text-decoration: underline;\"><span style=\"font-size: 9pt; font-family: Arial;\">SALTO EM ALTURA INFANTIL MASCULINO<\/span><\/span><span style=\"font-size: 9pt; font-family: Arial;\"> <\/span><\/p>\n<p class=\"MsoNormal\"><span style=\"font-size: 9pt; font-family: Arial;\"> <a name=\"0.2_table0F\"><\/a><\/span><\/p>\n<p class=\"MsoNormal\"><strong><span style=\"font-size: 9pt; font-family: Arial;\">CLASSIF.<\/span><\/strong><span style=\"font-size: 9pt; font-family: Arial;\"><span> <\/span><strong>NOME DO ATLETA<\/strong><span> <\/span><strong>ESCOLA<\/strong><span> <\/span><strong>RESULTADO<\/strong><\/span><\/p>\n<p class=\"MsoNormal\"><span style=\"font-size: 9pt; font-family: Arial;\"><span> <\/span>LUCAS CORDEIRO MACHADO<span> <\/span>M. BISPO<span> <\/span>1,26<\/span><\/p>\n<p class=\"MsoNormal\"><span style=\"font-size: 9pt; font-family: Arial;\"><span> <\/span>CARMINDO MOREIRA<span> <\/span>C.ROCCO\u00a0<span> <\/span>1,23<\/span><\/p>\n<p class=\"MsoNormal\"><span style=\"font-size: 9pt; font-family: Arial;\"><span> <\/span>FELIPE DIAS<span> <\/span>C.ROCCO\u00a0<span> <\/span>1,20<\/span><\/p>\n<p class=\"MsoNormal\"><span style=\"font-size: 9pt; font-family: Arial;\"> <\/span><\/p>\n<p class=\"MsoNormal\" style=\"margin-left: 0cm; text-indent: 0cm;\"><!--[if !supportLists]--><span style=\"font-size: 10pt; font-family: Symbol;\"><span>\u00b7<span style=\"font-family: &quot;Times New Roman&quot;; font-style: normal; font-variant: normal; font-weight: normal; font-size: 7pt; line-height: normal; font-size-adjust: none; font-stretch: normal;\"> <\/span><\/span><\/span><!--[endif]--><span style=\"text-decoration: underline;\"><span style=\"font-size: 9pt; font-family: Arial;\">SALTO EM DIST\u00c2NCIA INFANTIL MASCULINO<\/span><\/span><span style=\"font-size: 9pt; font-family: Arial;\"> <\/span><\/p>\n<p class=\"MsoNormal\"><span style=\"font-size: 9pt; font-family: Arial;\"> <a name=\"0.2_table10\"><\/a><\/span><\/p>\n<p class=\"MsoNormal\"><strong><span style=\"font-size: 9pt; font-family: Arial;\">CLASSIF.<\/span><\/strong><span style=\"font-size: 9pt; font-family: Arial;\"><span> <\/span><strong>NOME DO ATLETA<\/strong><span> <\/span><strong>ESCOLA<\/strong><span> <\/span><strong>RESULTADO<\/strong><\/span><\/p>\n<p class=\"MsoNormal\"><span style=\"font-size: 9pt; font-family: Arial;\"><span> <\/span>RODRIGO S. DE SOUZA<span> <\/span>A.FERREIRA<span> <\/span>4,30<\/span><\/p>\n<p class=\"MsoNormal\"><span style=\"font-size: 9pt; font-family: Arial;\"><span> <\/span>GILSON E.P.GLORIA<span> <\/span>G.DIAS<span> <\/span>4,26<\/span><\/p>\n<p class=\"MsoNormal\"><span style=\"font-size: 9pt; font-family: Arial;\"><span> <\/span>W\u00c9RICKS LICK DA SILVA<span> <\/span>N.BRASILIA<span> <\/span>3,76<\/span><\/p>\n<p class=\"MsoNormal\"><span style=\"font-size: 9pt; font-family: Arial;\"><span> <\/span>CLAUDINEI M.SANTOS<span> <\/span>C.ROCCO<span> <\/span>3,70<\/span><\/p>\n<p class=\"MsoNormal\"><span style=\"font-size: 9pt; font-family: Arial;\"><span> <\/span>IAGO ALVES SANTOS<span> <\/span>G.DIAS<span> <\/span>3,30<\/span><\/p>\n<p class=\"MsoNormal\"><span style=\"font-size: 9pt; font-family: Arial;\"><span> <\/span>FELIPE DIAS SILVA<span> <\/span>C.ROCCO<span> <\/span>3,26<\/span><\/p>\n<p class=\"MsoNormal\"><span style=\"font-size: 9pt; font-family: Arial;\"><br \/>\n<\/span><\/p>\n<p style=\"margin: 0cm 0cm 0.0001pt; text-align: center;\" align=\"center\"><strong><span style=\"text-decoration: underline;\"><span style=\"font-size: 9pt; font-family: Arial;\">CATEGORIA: JUVENIL FEMININO<\/span><\/span><\/strong><span style=\"font-size: 9pt; font-family: Arial;\"> <\/span><\/p>\n<p class=\"MsoNormal\" style=\"margin-left: 0cm; text-indent: 0cm;\"><!--[if !supportLists]--><span style=\"font-size: 10pt; font-family: Symbol;\"><span>\u00b7<span style=\"font-family: &quot;Times New Roman&quot;; font-style: normal; font-variant: normal; font-weight: normal; font-size: 7pt; line-height: normal; font-size-adjust: none; font-stretch: normal;\"> <\/span><\/span><\/span><!--[endif]--><span style=\"text-decoration: underline;\"><span style=\"font-size: 9pt; font-family: Arial;\">100 METROS RASOS JUVENIL FEMININO<\/span><\/span><span style=\"font-size: 9pt; font-family: Arial;\"> <\/span><\/p>\n<p class=\"MsoNormal\"><span style=\"font-size: 9pt; font-family: Arial;\"> <a name=\"0.2_table11\"><\/a><\/span><\/p>\n<p class=\"MsoNormal\"><strong><span style=\"font-size: 9pt; font-family: Arial;\">CLASSIF.<\/span><\/strong><span style=\"font-size: 9pt; font-family: Arial;\"><span> <\/span><strong>NOME DO ATLETA<\/strong><span> <\/span><strong>ESCOLA<\/strong><span> <\/span><strong>RESULTADO<\/strong><\/span><\/p>\n<p class=\"MsoNormal\"><span style=\"font-size: 9pt; font-family: Arial;\">1\u00ba<span> <\/span>ALINE CAVICHIOLE BRAVO<span> <\/span>M.BISPO<span> <\/span>15\u2019\u201943<\/span><\/p>\n<p class=\"MsoNormal\"><span style=\"font-size: 9pt; font-family: Arial;\"> <\/span><\/p>\n<p class=\"MsoNormal\" style=\"margin-left: 0cm; text-indent: 0cm;\"><!--[if !supportLists]--><span style=\"font-size: 10pt; font-family: Symbol;\"><span>\u00b7<span style=\"font-family: &quot;Times New Roman&quot;; font-style: normal; font-variant: normal; font-weight: normal; font-size: 7pt; line-height: normal; font-size-adjust: none; font-stretch: normal;\"> <\/span><\/span><\/span><!--[endif]--><span style=\"text-decoration: underline;\"><span style=\"font-size: 9pt; font-family: Arial;\">200 METROS RASOS JUVENIL FEMININO<\/span><\/span><span style=\"font-size: 9pt; font-family: Arial;\"> <\/span><\/p>\n<p class=\"MsoNormal\"><span style=\"font-size: 9pt; font-family: Arial;\"> <a name=\"0.2_table12\"><\/a><\/span><\/p>\n<p class=\"MsoNormal\"><strong><span style=\"font-size: 9pt; font-family: Arial;\">CLASSIF.<\/span><\/strong><span style=\"font-size: 9pt; font-family: Arial;\"><span> <\/span><strong>NOME DO ATLETA<\/strong><span> <\/span><strong>ESCOLA<\/strong><span> <\/span><strong>RESULTADO<\/strong><\/span><\/p>\n<p class=\"MsoNormal\"><span style=\"font-size: 9pt; font-family: Arial;\"><span> <\/span>VANESSA R.DA SILVA<span> <\/span>A.FERREIRA<span> <\/span>34\u201d19<\/span><\/p>\n<p class=\"MsoNormal\"><span style=\"font-size: 9pt; font-family: Arial;\"><span> <\/span>PAMELA P.VILANOVA<span> <\/span>M.BISPO<span> <\/span>41\u201d46<\/span><\/p>\n<p class=\"MsoNormal\"><span style=\"font-size: 9pt; font-family: Arial;\"> <\/span><\/p>\n<p class=\"MsoNormal\" style=\"margin-left: 0cm; text-indent: 0cm;\"><!--[if !supportLists]--><span style=\"font-size: 10pt; font-family: Symbol;\"><span>\u00b7<span style=\"font-family: &quot;Times New Roman&quot;; font-style: normal; font-variant: normal; font-weight: normal; font-size: 7pt; line-height: normal; font-size-adjust: none; font-stretch: normal;\"> <\/span><\/span><\/span><!--[endif]--><span style=\"text-decoration: underline;\"><span style=\"font-size: 9pt; font-family: Arial;\">400 METROS RASOS JUVENIL FEMININO<\/span><\/span><span style=\"font-size: 9pt; font-family: Arial;\"> <\/span><\/p>\n<p class=\"MsoNormal\"><span style=\"font-size: 9pt; font-family: Arial;\"> <a name=\"0.2_table13\"><\/a><\/span><\/p>\n<p class=\"MsoNormal\"><strong><span style=\"font-size: 9pt; font-family: Arial;\">CLASSIF.<\/span><\/strong><span style=\"font-size: 9pt; font-family: Arial;\"><span> <\/span><strong>NOME DO ATLETA<\/strong><span> <\/span><strong>ESCOLA<\/strong><span> <\/span><strong>RESULTADO<\/strong><\/span><\/p>\n<p class=\"MsoNormal\"><span style=\"font-size: 9pt; font-family: Arial;\">1\u00ba<span> <\/span>ALINE CAVICHIOLE BRAVO<span> <\/span>M.BISPO<span> <\/span>1\u201927\u2019\u201992<\/span><\/p>\n<p class=\"MsoNormal\"><span style=\"font-size: 9pt; font-family: Arial;\"> <\/span><\/p>\n<p class=\"MsoNormal\" style=\"margin-left: 0cm; text-indent: 0cm;\"><!--[if !supportLists]--><span style=\"font-size: 10pt; font-family: Symbol;\"><span>\u00b7<span style=\"font-family: &quot;Times New Roman&quot;; font-style: normal; font-variant: normal; font-weight: normal; font-size: 7pt; line-height: normal; font-size-adjust: none; font-stretch: normal;\"> <\/span><\/span><\/span><!--[endif]--><span style=\"text-decoration: underline;\"><span style=\"font-size: 9pt; font-family: Arial;\">800 METROS RASOS JUVENIL FEMININO<\/span><\/span><span style=\"font-size: 9pt; font-family: Arial;\"> <\/span><\/p>\n<p class=\"MsoNormal\"><span style=\"font-size: 9pt; font-family: Arial;\"> <a name=\"0.2_table14\"><\/a><\/span><\/p>\n<p class=\"MsoNormal\"><strong><span style=\"font-size: 9pt; font-family: Arial;\">CLASSIF.<\/span><\/strong><span style=\"font-size: 9pt; font-family: Arial;\"><span> <\/span><strong>NOME DO ATLETA<\/strong><span> <\/span><strong>ESCOLA<\/strong><span> <\/span><strong>RESULTADO<\/strong><\/span><\/p>\n<p class=\"MsoNormal\"><span style=\"font-size: 9pt; font-family: Arial;\"><span> <\/span>CRISMIELLY C.P.OLIVEIRA<span> <\/span>M.BISPO<span> <\/span>3\u201927\u201d41<\/span><\/p>\n<p class=\"MsoNormal\"><span style=\"font-size: 9pt; font-family: Arial;\"><span> <\/span>JAYNE UCHOA DE ABREU<span> <\/span>M.BISPO<span> <\/span>3\u201946\u201d88<\/span><\/p>\n<p class=\"MsoNormal\"><span style=\"font-size: 9pt; font-family: Arial;\"> <\/span><\/p>\n<p class=\"MsoNormal\" style=\"margin-left: 0cm; text-indent: 0cm;\"><!--[if !supportLists]--><span style=\"font-size: 10pt; font-family: Symbol;\"><span>\u00b7<span style=\"font-family: &quot;Times New Roman&quot;; font-style: normal; font-variant: normal; font-weight: normal; font-size: 7pt; line-height: normal; font-size-adjust: none; font-stretch: normal;\"> <\/span><\/span><\/span><!--[endif]--><span style=\"text-decoration: underline;\"><span style=\"font-size: 9pt; font-family: Arial;\">3.000 METROS RASOS JUVENIL FEMININO<\/span><\/span><span style=\"font-size: 9pt; font-family: Arial;\"> <\/span><\/p>\n<p class=\"MsoNormal\"><span style=\"font-size: 9pt; font-family: Arial;\"> <a name=\"0.2_table15\"><\/a><\/span><\/p>\n<p class=\"MsoNormal\"><strong><span style=\"font-size: 9pt; font-family: Arial;\">CLASSIF.<\/span><\/strong><span style=\"font-size: 9pt; font-family: Arial;\"><span> <\/span><strong>NOME DO ATLETA<\/strong><span> <\/span><strong>ESCOLA<\/strong><span> <\/span><strong>RESULTADO<\/strong><\/span><\/p>\n<p class=\"MsoNormal\"><span style=\"font-size: 9pt; font-family: Arial;\">1\u00ba<span> <\/span>CRISMIIELLY C.P.OLIVEIRA<span> <\/span>M.BISPO<span> <\/span>19\u201909\u2019\u201928<\/span><\/p>\n<p class=\"MsoNormal\"><span style=\"font-size: 9pt; font-family: Arial;\">2\u00ba<span> <\/span>JAYNE U. DE ABREU<span> <\/span>M.BISPO<span> <\/span>19\u201910\u2019\u201925<\/span><\/p>\n<p class=\"MsoNormal\"><span style=\"font-size: 9pt; font-family: Arial;\"> <\/span><\/p>\n<p class=\"MsoNormal\" style=\"margin-left: 0cm; text-indent: 0cm;\"><!--[if !supportLists]--><span style=\"font-size: 10pt; font-family: Symbol;\"><span>\u00b7<span style=\"font-family: &quot;Times New Roman&quot;; font-style: normal; font-variant: normal; font-weight: normal; font-size: 7pt; line-height: normal; font-size-adjust: none; font-stretch: normal;\"> <\/span><\/span><\/span><!--[endif]--><span style=\"text-decoration: underline;\"><span style=\"font-size: 9pt; font-family: Arial;\">REVEZAMENTO MEDLEY JUVENIL FEMININO<\/span><\/span><span style=\"font-size: 9pt; font-family: Arial;\"> <\/span><\/p>\n<p class=\"MsoNormal\"><span style=\"font-size: 9pt; font-family: Arial;\"> <a name=\"0.2_table16\"><\/a><\/span><\/p>\n<p class=\"MsoNormal\"><strong><span style=\"font-size: 9pt; font-family: Arial;\">CLASSIF.<\/span><\/strong><span style=\"font-size: 9pt; font-family: Arial;\"><span> <\/span><strong>NOME DO ATLETA<\/strong><span> <\/span><strong>ESCOLA<\/strong><span> <\/span><strong>RESULTADO<\/strong><\/span><\/p>\n<p class=\"MsoNormal\"><span style=\"font-size: 9pt; font-family: Arial;\">1\u00ba <span> <\/span>JAYNE UCHOA DE ABREU<span> <\/span>M.BISPO<span> <\/span>3\u201922\u2019\u201958<\/span><\/p>\n<p class=\"MsoNormal\"><span style=\"font-size: 9pt; font-family: Arial;\"><span> <\/span>CRISMIELLY C.P. OLIVEIRA<span> <\/span><\/span><\/p>\n<p class=\"MsoNormal\"><span style=\"font-size: 9pt; font-family: Arial;\"><span> <\/span>ALINE C. BRAVO<span> <\/span><\/span><\/p>\n<p class=\"MsoNormal\"><span style=\"font-size: 9pt; font-family: Arial;\"><span> <\/span>PAMELA P. VILANOVA<span> <\/span><\/span><\/p>\n<p class=\"MsoNormal\"><span style=\"font-size: 9pt; font-family: Arial;\"><br \/>\n<\/span><\/p>\n<p class=\"MsoNormal\" style=\"margin-left: 0cm; text-indent: 0cm;\"><!--[if !supportLists]--><span style=\"font-size: 10pt; font-family: Symbol;\"><span>\u00b7<span style=\"font-family: &quot;Times New Roman&quot;; font-style: normal; font-variant: normal; font-weight: normal; font-size: 7pt; line-height: normal; font-size-adjust: none; font-stretch: normal;\"> <\/span><\/span><\/span><!--[endif]--><span style=\"text-decoration: underline;\"><span style=\"font-size: 9pt; font-family: Arial;\">SALTO EM DIST\u00c2NCIA JUVENIL FEMININO<\/span><\/span><span style=\"font-size: 9pt; font-family: Arial;\"> <\/span><\/p>\n<p class=\"MsoNormal\"><span style=\"font-size: 9pt; font-family: Arial;\"> <a name=\"0.2_table17\"><\/a><\/span><\/p>\n<p class=\"MsoNormal\"><strong><span style=\"font-size: 9pt; font-family: Arial;\">CLASSIF.<\/span><\/strong><span style=\"font-size: 9pt; font-family: Arial;\"><span> <\/span><strong>NOME DO ATLETA<\/strong><span> <\/span><strong>ESCOLA<\/strong><span> <\/span><strong>RESULTADO<\/strong><\/span><\/p>\n<p class=\"MsoNormal\"><span style=\"font-size: 9pt; font-family: Arial;\"><span> <\/span>PAMELA P.APOLINARIO<span> <\/span>L.BENNO<span> <\/span>3,94<\/span><\/p>\n<p class=\"MsoNormal\"><span style=\"font-size: 9pt; font-family: Arial;\"><span> <\/span>PAMELA PINHEIRO VILANOVA<span> <\/span>M,BISPO<span> <\/span>3,43<\/span><\/p>\n<p class=\"MsoNormal\"><span style=\"font-size: 9pt; font-family: Arial;\"><span> <\/span>ALANA JAMILI SILVA<span> <\/span>COOPEJI<span> <\/span>3,25<\/span><\/p>\n<p class=\"MsoNormal\"><span style=\"font-size: 9pt; font-family: Arial;\"> <\/span><\/p>\n<p class=\"MsoNormal\" style=\"margin-left: 0cm; text-indent: 0cm;\"><!--[if !supportLists]--><span style=\"font-size: 10pt; font-family: Symbol;\"><span>\u00b7<span style=\"font-family: &quot;Times New Roman&quot;; font-style: normal; font-variant: normal; font-weight: normal; font-size: 7pt; line-height: normal; font-size-adjust: none; font-stretch: normal;\"> <\/span><\/span><\/span><!--[endif]--><span style=\"text-decoration: underline;\"><span style=\"font-size: 9pt; font-family: Arial;\">ARREMESSO DE PESO JUVENIL FEMININO<\/span><\/span><span style=\"font-size: 9pt; font-family: Arial;\"> <\/span><\/p>\n<p class=\"MsoNormal\"><span style=\"font-size: 9pt; font-family: Arial;\"> <a name=\"0.2_table18\"><\/a><\/span><\/p>\n<p class=\"MsoNormal\"><strong><span style=\"font-size: 9pt; font-family: Arial;\">CLASSIF.<\/span><\/strong><span style=\"font-size: 9pt; font-family: Arial;\"><span> <\/span><strong>NOME DO ATLETA<\/strong><span> <\/span><strong>ESCOLA<\/strong><span> <\/span><strong>RESULTADO<\/strong><\/span><\/p>\n<p class=\"MsoNormal\"><span style=\"font-size: 9pt; font-family: Arial;\">1\u00ba<span> <\/span>RUBIA C.F. BEZERRA<span> <\/span>A.FERREIRA<span> <\/span>7,86<\/span><\/p>\n<p class=\"MsoNormal\"><span style=\"font-size: 9pt; font-family: Arial;\">2\u00ba<span> <\/span>FABIANA DO N. QUARESMA<span> <\/span>L.BENNO<span> <\/span>6,80<\/span><\/p>\n<p class=\"MsoNormal\"><span style=\"font-size: 9pt; font-family: Arial;\"> <\/span><\/p>\n<p class=\"MsoNormal\" style=\"margin-left: 0cm; text-indent: 0cm;\"><!--[if !supportLists]--><span style=\"font-size: 10pt; font-family: Symbol;\"><span>\u00b7<span style=\"font-family: &quot;Times New Roman&quot;; font-style: normal; font-variant: normal; font-weight: normal; font-size: 7pt; line-height: normal; font-size-adjust: none; font-stretch: normal;\"> <\/span><\/span><\/span><!--[endif]--><span style=\"text-decoration: underline;\"><span style=\"font-size: 9pt; font-family: Arial;\">LAN\u00c7AMENTO DE DISCO JUVENIL FEMININO<\/span><\/span><span style=\"font-size: 9pt; font-family: Arial;\"> <\/span><\/p>\n<p class=\"MsoNormal\"><span style=\"font-size: 9pt; font-family: Arial;\"> <a name=\"0.2_table19\"><\/a><\/span><\/p>\n<p class=\"MsoNormal\"><strong><span style=\"font-size: 9pt; font-family: Arial;\">CLASSIF.<\/span><\/strong><span style=\"font-size: 9pt; font-family: Arial;\"><span> <\/span><strong>NOME DO ATLETA<\/strong><span> <\/span><strong>ESCOLA<\/strong><span> <\/span><strong>RESULTADO<\/strong><\/span><\/p>\n<p class=\"MsoNormal\"><span style=\"font-size: 9pt; font-family: Arial;\">1\u00ba<span> <\/span>HEGLEYCIANE O. SOUZA<span> <\/span>L.BENNO<span> <\/span>19,70<\/span><\/p>\n<p class=\"MsoNormal\"><span style=\"font-size: 9pt; font-family: Arial;\"> <\/span><\/p>\n<p class=\"MsoNormal\" style=\"margin-left: 0cm; text-indent: 0cm;\"><!--[if !supportLists]--><span style=\"font-size: 10pt; font-family: Symbol;\"><span>\u00b7<span style=\"font-family: &quot;Times New Roman&quot;; font-style: normal; font-variant: normal; font-weight: normal; font-size: 7pt; line-height: normal; font-size-adjust: none; font-stretch: normal;\"> <\/span><\/span><\/span><!--[endif]--><span style=\"text-decoration: underline;\"><span style=\"font-size: 9pt; font-family: Arial;\">LAN\u00c7AMENTO DE DARDO JUVENIL FEMININO<\/span><\/span><span style=\"font-size: 9pt; font-family: Arial;\"> <\/span><\/p>\n<p class=\"MsoNormal\"><span style=\"font-size: 9pt; font-family: Arial;\"> <a name=\"0.2_table1A\"><\/a><\/span><\/p>\n<p class=\"MsoNormal\"><strong><span style=\"font-size: 9pt; font-family: Arial;\">CLASSIF.<\/span><\/strong><span style=\"font-size: 9pt; font-family: Arial;\"><span> <\/span><strong>NOME DO ATLETA<\/strong><span> <\/span><strong>ESCOLA<\/strong><span> <\/span><strong>RESULTADO<\/strong><\/span><\/p>\n<p class=\"MsoNormal\"><span style=\"font-size: 9pt; font-family: Arial;\">1\u00ba<span> <\/span>HEGLEYCIANE O. SOUZA<span> <\/span>L. BENNO<span> <\/span>21,83<\/span><\/p>\n<p class=\"MsoNormal\"><span style=\"font-size: 9pt; font-family: Arial;\"><\/p>\n<p><\/span><\/p>\n<p style=\"margin: 0cm 0cm 0.0001pt; text-align: center;\" align=\"center\"><strong><span style=\"text-decoration: underline;\"><span style=\"font-size: 9pt; font-family: Arial;\">CATEGORIA: JUVENIL MASCULINO<\/span><\/span><\/strong><span style=\"font-size: 9pt; font-family: Arial;\"><br \/>\n<\/span><\/p>\n<p class=\"MsoNormal\" style=\"margin-left: 0cm; text-indent: 0cm;\"><!--[if !supportLists]--><span style=\"font-size: 10pt; font-family: Symbol;\"><span>\u00b7<span style=\"font-family: &quot;Times New Roman&quot;; font-style: normal; font-variant: normal; font-weight: normal; font-size: 7pt; line-height: normal; font-size-adjust: none; font-stretch: normal;\"> <\/span><\/span><\/span><!--[endif]--><span style=\"text-decoration: underline;\"><span style=\"font-size: 9pt; font-family: Arial;\">100 METROS RASOS JUVENIL MASCULINO<\/span><\/span><span style=\"font-size: 9pt; font-family: Arial;\"> <\/span><\/p>\n<p class=\"MsoNormal\"><span style=\"font-size: 9pt; font-family: Arial;\"> <a name=\"0.2_table1B\"><\/a><\/span><\/p>\n<p class=\"MsoNormal\"><strong><span style=\"font-size: 9pt; font-family: Arial;\">CLASSIF.<\/span><\/strong><span style=\"font-size: 9pt; font-family: Arial;\"><span> <\/span><strong>NOME DO ATLETA<\/strong><span> <\/span><strong>ESCOLA<\/strong><span> <\/span><strong>RESULTADO<\/strong><\/span><\/p>\n<p class=\"MsoNormal\"><span style=\"font-size: 9pt; font-family: Arial;\">1\u00ba<span> <\/span>WILDYSON H. DA SILVA<span> <\/span>J,FRANCISCO<span> <\/span>12\u2019\u201990<\/span><\/p>\n<p class=\"MsoNormal\"><span style=\"font-size: 9pt; font-family: Arial;\">2\u00ba<span> <\/span>CARLOS G. CAMPOS JUNIOR<span> <\/span>A.FERREIRA<span> <\/span>13\u2019\u201919<\/span><\/p>\n<p class=\"MsoNormal\"><span style=\"font-size: 9pt; font-family: Arial;\">3\u00ba<span> <\/span>ISAN FERREIRA AGUIAR<span> <\/span>A.FERREIRA<span> <\/span>13\u2019\u201984<\/span><\/p>\n<p class=\"MsoNormal\"><span style=\"font-size: 9pt; font-family: Arial;\">4\u00ba<span> <\/span>GABRIEL C. N. FREIRE<span> <\/span>J. VILELA<span> <\/span>14\u2019\u201905<\/span><\/p>\n<p class=\"MsoNormal\"><span style=\"font-size: 9pt; font-family: Arial;\">5\u00ba<span> <\/span>JOSUEL PINHEIRO<span> <\/span>G. DIAS<span> <\/span>14\u2019\u201944<\/span><\/p>\n<p class=\"MsoNormal\"><span style=\"font-size: 9pt; font-family: Arial;\">6\u00ba<span> <\/span>CLEYTON ALEXANDRINO<span> <\/span>CELSO ROCCO<span> <\/span>14\u2019\u201988<\/span><\/p>\n<p class=\"MsoNormal\"><span style=\"font-size: 9pt; font-family: Arial;\">7\u00ba<span> <\/span>MARCOS S.F. SILVA<span> <\/span>N.BRASILIA<span> <\/span>16\u2019\u201959<\/span><\/p>\n<p class=\"MsoNormal\"><span style=\"font-size: 9pt; font-family: Arial;\"> <\/span><\/p>\n<p class=\"MsoNormal\" style=\"margin-left: 0cm; text-indent: 0cm;\"><!--[if !supportLists]--><span style=\"font-size: 10pt; font-family: Symbol;\"><span>\u00b7<span style=\"font-family: &quot;Times New Roman&quot;; font-style: normal; font-variant: normal; font-weight: normal; font-size: 7pt; line-height: normal; font-size-adjust: none; font-stretch: normal;\"> <\/span><\/span><\/span><!--[endif]--><span style=\"text-decoration: underline;\"><span style=\"font-size: 9pt; font-family: Arial;\">200 METROS RASOS JUVENIL MASCULINO<\/span><\/span><span style=\"font-size: 9pt; font-family: Arial;\"> <\/span><\/p>\n<p class=\"MsoNormal\"><span style=\"font-size: 9pt; font-family: Arial;\"> <a name=\"0.2_table1C\"><\/a><\/span><\/p>\n<p class=\"MsoNormal\"><strong><span style=\"font-size: 9pt; font-family: Arial;\">CLASSIF.<\/span><\/strong><span style=\"font-size: 9pt; font-family: Arial;\"><span> <\/span><strong>NOME DO ATLETA<\/strong><span> <\/span><strong>ESCOLA<\/strong><span> <\/span><strong>RESULTADO<\/strong><\/span><\/p>\n<p class=\"MsoNormal\"><span style=\"font-size: 9pt; font-family: Arial;\"><span> <\/span>CLAUDEIR S .BENTO<span> <\/span>L.BENNO<span> <\/span>27\u201d88<\/span><\/p>\n<p class=\"MsoNormal\"><span style=\"font-size: 9pt; font-family: Arial;\"><span> <\/span>LUIZ ERICK T.P.SILVA<span> <\/span>J.GUERRA\u00a0<span> <\/span>29\u201d25<\/span><\/p>\n<p class=\"MsoNormal\"><span style=\"font-size: 9pt; font-family: Arial;\"><span> <\/span>GABRIEL CAMPOS N. FREIRE<span> <\/span>J.VILELA<span> <\/span>29\u201d33<\/span><\/p>\n<p class=\"MsoNormal\"><span style=\"font-size: 9pt; font-family: Arial;\"><span> <\/span>BRUNO C. MAGALH\u00c3ES<span> <\/span>J.FRANCISCO<span> <\/span>32\u201d12<\/span><\/p>\n<p class=\"MsoNormal\"><span style=\"font-size: 9pt; font-family: Arial;\"> <\/span><\/p>\n<p class=\"MsoNormal\" style=\"margin-left: 0cm; text-indent: 0cm;\"><!--[if !supportLists]--><span style=\"font-size: 10pt; font-family: Symbol;\"><span>\u00b7<span style=\"font-family: &quot;Times New Roman&quot;; font-style: normal; font-variant: normal; font-weight: normal; font-size: 7pt; line-height: normal; font-size-adjust: none; font-stretch: normal;\"> <\/span><\/span><\/span><!--[endif]--><span style=\"text-decoration: underline;\"><span style=\"font-size: 9pt; font-family: Arial;\">400 METROS RASOS JUVENIL MASCULINO<\/span><\/span><span style=\"font-size: 9pt; font-family: Arial;\"> <\/span><\/p>\n<p class=\"MsoNormal\"><span style=\"font-size: 9pt; font-family: Arial;\"> <a name=\"0.2_table1D\"><\/a><\/span><\/p>\n<p class=\"MsoNormal\"><strong><span style=\"font-size: 9pt; font-family: Arial;\">CLASSIF.<\/span><\/strong><span style=\"font-size: 9pt; font-family: Arial;\"><span> <\/span><strong>NOME DO ATLETA<\/strong><span> <\/span><strong>ESCOLA<\/strong><span> <\/span><strong>RESULTADO<\/strong><\/span><\/p>\n<p class=\"MsoNormal\"><span style=\"font-size: 9pt; font-family: Arial;\">1\u00ba<span> <\/span>RUAN PERES SANT\u2019ANA<span> <\/span>A.FERREIRA<span> <\/span>1\u201904\u2019\u201979<\/span><\/p>\n<p class=\"MsoNormal\"><span style=\"font-size: 9pt; font-family: Arial;\">2\u00ba<span> <\/span>ALBERTO FERREIRA SILVA<span> <\/span>L.BENNO<span> <\/span>1\u201908\u2019\u201953<\/span><\/p>\n<p class=\"MsoNormal\"><span style=\"font-size: 9pt; font-family: Arial;\">3\u00ba<span> <\/span>UCLEITON S. SANTOS<span> <\/span>M.BISPO<span> <\/span>1\u201913\u2019\u201906<\/span><\/p>\n<p class=\"MsoNormal\"><span style=\"font-size: 9pt; font-family: Arial;\">4\u00ba<span> <\/span>JEREMIAS P.GALV\u00c3O<span> <\/span>J.FRANCISCO<span> <\/span>1\u201914\u2019\u201953<\/span><\/p>\n<p class=\"MsoNormal\"><span style=\"font-size: 9pt; font-family: Arial;\"><br \/>\n<\/span><\/p>\n<p class=\"MsoNormal\" style=\"margin-left: 0cm; text-indent: 0cm;\"><!--[if !supportLists]--><span style=\"font-size: 10pt; font-family: Symbol;\"><span>\u00b7<span style=\"font-family: &quot;Times New Roman&quot;; font-style: normal; font-variant: normal; font-weight: normal; font-size: 7pt; line-height: normal; font-size-adjust: none; font-stretch: normal;\"> <\/span><\/span><\/span><!--[endif]--><span style=\"text-decoration: underline;\"><span style=\"font-size: 9pt; font-family: Arial;\">800 METROS RASOS JUVENIL MASCULINO<\/span><\/span><span style=\"font-size: 9pt; font-family: Arial;\"> <\/span><\/p>\n<p class=\"MsoNormal\"><span style=\"font-size: 9pt; font-family: Arial;\"> <a name=\"0.2_table1E\"><\/a><\/span><\/p>\n<p class=\"MsoNormal\"><strong><span style=\"font-size: 9pt; font-family: Arial;\">CLASSIF.<\/span><\/strong><span style=\"font-size: 9pt; font-family: Arial;\"><span> <\/span><strong>NOME DO ATLETA<\/strong><span> <\/span><strong>ESCOLA<\/strong><span> <\/span><strong>RESULTADO<\/strong><\/span><\/p>\n<p class=\"MsoNormal\"><span style=\"font-size: 9pt; font-family: Arial;\"><span> <\/span>MARCIANO P.DA SILVA<span> <\/span>J.TEIXEIRA<span> <\/span>2\u201929\u201d94<\/span><\/p>\n<p class=\"MsoNormal\"><span style=\"font-size: 9pt; font-family: Arial;\"><span> <\/span>ROG\u00c9RIO D.S. BONIN<span> <\/span>L. BENNO<span> <\/span>3\u201922\u201d18<\/span><\/p>\n<p class=\"MsoNormal\"><span style=\"font-size: 9pt; font-family: Arial;\"> <\/span><\/p>\n<p class=\"MsoNormal\" style=\"margin-left: 0cm; text-indent: 0cm;\"><!--[if !supportLists]--><span style=\"font-size: 10pt; font-family: Symbol;\"><span>\u00b7<span style=\"font-family: &quot;Times New Roman&quot;; font-style: normal; font-variant: normal; font-weight: normal; font-size: 7pt; line-height: normal; font-size-adjust: none; font-stretch: normal;\"> <\/span><\/span><\/span><!--[endif]--><span style=\"text-decoration: underline;\"><span style=\"font-size: 9pt; font-family: Arial;\">3.000 METROS RASOS JUVENIL MASCULINO<\/span><\/span><span style=\"font-size: 9pt; font-family: Arial;\"> <\/span><\/p>\n<p class=\"MsoNormal\"><span style=\"font-size: 9pt; font-family: Arial;\"> <a name=\"0.2_table1F\"><\/a><\/span><\/p>\n<p class=\"MsoNormal\"><strong><span style=\"font-size: 9pt; font-family: Arial;\">CLASSIF.<\/span><\/strong><span style=\"font-size: 9pt; font-family: Arial;\"><span> <\/span><strong>NOME DO ATLETA<\/strong><span> <\/span><strong>ESCOLA<\/strong><span> <\/span><strong>RESULTADO<\/strong><\/span><\/p>\n<p class=\"MsoNormal\"><span style=\"font-size: 9pt; font-family: Arial;\">1\u00ba<span> <\/span>CARLOS G.C. JUNIOR<span> <\/span>A.FERREIRA<span> <\/span>11\u201910\u2019\u201952<\/span><\/p>\n<p class=\"MsoNormal\"><span style=\"font-size: 9pt; font-family: Arial;\"> <\/span><\/p>\n<p class=\"MsoNormal\" style=\"margin-left: 0cm; text-indent: 0cm;\"><!--[if !supportLists]--><span style=\"font-size: 10pt; font-family: Symbol;\"><span>\u00b7<span style=\"font-family: &quot;Times New Roman&quot;; font-style: normal; font-variant: normal; font-weight: normal; font-size: 7pt; line-height: normal; font-size-adjust: none; font-stretch: normal;\"> <\/span><\/span><\/span><!--[endif]--><span style=\"text-decoration: underline;\"><span style=\"font-size: 9pt; font-family: Arial;\">REVEZAMENTO MEDLEY JUVENIL MASCULINO<\/span><\/span><span style=\"font-size: 9pt; font-family: Arial;\"> <\/span><\/p>\n<p class=\"MsoNormal\"><span style=\"font-size: 9pt; font-family: Arial;\"> <a name=\"0.2_table20\"><\/a><\/span><\/p>\n<p class=\"MsoNormal\"><strong><span style=\"font-size: 9pt; font-family: Arial;\">CLASSIF.<\/span><\/strong><span style=\"font-size: 9pt; font-family: Arial;\"><span> <\/span><strong>NOME DO ATLETA<\/strong><span> <\/span><strong>ESCOLA<\/strong><span> <\/span><strong>RESULTADO<\/strong><\/span><\/p>\n<p class=\"MsoNormal\"><span style=\"font-size: 9pt; font-family: Arial;\">1\u00ba <span> <\/span>DOUGLAS F. TRINDADE<span> <\/span>J.FRANCISCO<span> <\/span>2\u201958\u2019\u201942<\/span><\/p>\n<p class=\"MsoNormal\"><span style=\"font-size: 9pt; font-family: Arial;\"><span> <\/span>MAYCON L.M. LUIZ<span> <\/span><\/span><\/p>\n<p class=\"MsoNormal\"><span style=\"font-size: 9pt; font-family: Arial;\"><span> <\/span>JEREMIAS P. GALVAO<span> <\/span><\/span><\/p>\n<p class=\"MsoNormal\"><span style=\"font-size: 9pt; font-family: Arial;\"><span> <\/span>BRUNO C. MAGALHAES<span> <\/span><\/span><\/p>\n<p class=\"MsoNormal\"><span style=\"font-size: 9pt; font-family: Arial;\"><br \/>\n<\/span><\/p>\n<p class=\"MsoNormal\" style=\"margin-left: 0cm; text-indent: 0cm;\"><!--[if !supportLists]--><span style=\"font-size: 10pt; font-family: Symbol;\"><span>\u00b7<span style=\"font-family: &quot;Times New Roman&quot;; font-style: normal; font-variant: normal; font-weight: normal; font-size: 7pt; line-height: normal; font-size-adjust: none; font-stretch: normal;\"> <\/span><\/span><\/span><!--[endif]--><span style=\"text-decoration: underline;\"><span style=\"font-size: 9pt; font-family: Arial;\">SALTO EM ALTURA JUVENIL MASCULINO<\/span><\/span><span style=\"font-size: 9pt; font-family: Arial;\"> <\/span><\/p>\n<p class=\"MsoNormal\"><span style=\"font-size: 9pt; font-family: Arial;\"> <a name=\"0.2_table21\"><\/a><\/span><\/p>\n<p class=\"MsoNormal\"><strong><span style=\"font-size: 9pt; font-family: Arial;\">CLASSIF.<\/span><\/strong><span style=\"font-size: 9pt; font-family: Arial;\"><span> <\/span><strong>NOME DO ATLETA<\/strong><span> <\/span><strong>ESCOLA<\/strong><span> <\/span><strong>RESULTADO<\/strong><\/span><\/p>\n<p class=\"MsoNormal\"><span style=\"font-size: 9pt; font-family: Arial;\"><span> <\/span>CLAUDEIR DA SILVA BENTO<span> <\/span>L. BENNO<span> <\/span>1,40<\/span><\/p>\n<p class=\"MsoNormal\"><span style=\"font-size: 9pt; font-family: Arial;\"> <\/span><\/p>\n<p class=\"MsoNormal\" style=\"margin-left: 0cm; text-indent: 0cm;\"><!--[if !supportLists]--><span style=\"font-size: 10pt; font-family: Symbol;\"><span>\u00b7<span style=\"font-family: &quot;Times New Roman&quot;; font-style: normal; font-variant: normal; font-weight: normal; font-size: 7pt; line-height: normal; font-size-adjust: none; font-stretch: normal;\"> <\/span><\/span><\/span><!--[endif]--><span style=\"text-decoration: underline;\"><span style=\"font-size: 9pt; font-family: Arial;\">SALTO EM DIST\u00c2NCIA JUVENIL MASCULINO<\/span><\/span><span style=\"font-size: 9pt; font-family: Arial;\"> <\/span><\/p>\n<p class=\"MsoNormal\"><span style=\"font-size: 9pt; font-family: Arial;\"> <a name=\"0.2_table22\"><\/a><\/span><\/p>\n<p class=\"MsoNormal\"><strong><span style=\"font-size: 9pt; font-family: Arial;\">CLASSIF.<\/span><\/strong><span style=\"font-size: 9pt; font-family: Arial;\"><span> <\/span><strong>NOME DO ATLETA<\/strong><span> <\/span><strong>ESCOLA<\/strong><span> <\/span><strong>RESULTADO<\/strong><\/span><\/p>\n<p class=\"MsoNormal\"><span style=\"font-size: 9pt; font-family: Arial;\"><span> <\/span>WAGNER R. DE A. MARTINS<span> <\/span>L,BENNO<span> <\/span>5,68<\/span><\/p>\n<p class=\"MsoNormal\"><span style=\"font-size: 9pt; font-family: Arial;\"><span> <\/span>JEREMIAS PEREIRA GALV\u00c3O<span> <\/span>J.FRANCISCO<span> <\/span>4,50<\/span><\/p>\n<p class=\"MsoNormal\"><span style=\"font-size: 9pt; font-family: Arial;\"><span> <\/span>ROG\u00c9RIO DA S.BONIN<span> <\/span>L.BENNO<span> <\/span>4,49<\/span><\/p>\n<p class=\"MsoNormal\"><span style=\"font-size: 9pt; font-family: Arial;\"><span> <\/span>CLEYTON A.JATOB\u00c1<span> <\/span>C,ROCCO<span> <\/span>3,90<\/span><\/p>\n<p class=\"MsoNormal\"><span style=\"font-size: 9pt; font-family: Arial;\"><span> <\/span>MARCOS SAMUEL F.SILVA<span> <\/span>N.BRAS\u00cdLIA<span> <\/span>3,70<\/span><\/p>\n<p class=\"MsoNormal\"><span style=\"font-size: 9pt; font-family: Arial;\"> <\/span><\/p>\n<p class=\"MsoNormal\" style=\"margin-left: 0cm; text-indent: 0cm;\"><!--[if !supportLists]--><span style=\"font-size: 10pt; font-family: Symbol;\"><span>\u00b7<span style=\"font-family: &quot;Times New Roman&quot;; font-style: normal; font-variant: normal; font-weight: normal; font-size: 7pt; line-height: normal; font-size-adjust: none; font-stretch: normal;\"> <\/span><\/span><\/span><!--[endif]--><span style=\"text-decoration: underline;\"><span style=\"font-size: 9pt; font-family: Arial;\">ARREMESSO DE PESO JUVENIL MASCULINO<\/span><\/span><span style=\"font-size: 9pt; font-family: Arial;\"> <\/span><\/p>\n<p class=\"MsoNormal\"><span style=\"font-size: 9pt; font-family: Arial;\"> <a name=\"0.2_table23\"><\/a><\/span><\/p>\n<p class=\"MsoNormal\"><strong><span style=\"font-size: 9pt; font-family: Arial;\">CLASSIF.<\/span><\/strong><span style=\"font-size: 9pt; font-family: Arial;\"><span> <\/span><strong>NOME DO ATLETA<\/strong><span> <\/span><strong>ESCOLA<\/strong><span> <\/span><strong>RESULTADO<\/strong><\/span><\/p>\n<p class=\"MsoNormal\"><span style=\"font-size: 9pt; font-family: Arial;\">1\u00ba<span> <\/span>MAYCON V.GON\u00c7ALVES<span> <\/span>L.BENNO<span> <\/span>11,18<\/span><\/p>\n<p class=\"MsoNormal\"><span style=\"font-size: 9pt; font-family: Arial;\">2\u00ba<span> <\/span>MAYCON L.M. LUZ<span> <\/span>J.FRANCISCO<span> <\/span>7,40<\/span><\/p>\n<p class=\"MsoNormal\"><span style=\"font-size: 9pt; font-family: Arial;\">3\u00ba<span> <\/span>BRUNO C. MAGALH\u00c3ES<span> <\/span>J.FRANCISCO<span> <\/span>6,95<\/span><\/p>\n<p class=\"MsoNormal\" style=\"margin-left: 0cm; text-indent: 0cm;\"><!--[if !supportLists]--><span style=\"font-size: 10pt; font-family: Symbol;\"><span>\u00b7<span style=\"font-family: &quot;Times New Roman&quot;; font-style: normal; font-variant: normal; font-weight: normal; font-size: 7pt; line-height: normal; font-size-adjust: none; font-stretch: normal;\"> <\/span><\/span><\/span><!--[endif]--><span style=\"text-decoration: underline;\"><span style=\"font-size: 9pt; font-family: Arial;\">LAN\u00c7AMENTO DE DISCO JUVENIL MASCULINO<\/span><\/span><span style=\"font-size: 9pt; font-family: Arial;\"> <\/span><\/p>\n<p class=\"MsoNormal\"><span style=\"font-size: 9pt; font-family: Arial;\"> <a name=\"0.2_table24\"><\/a><\/span><\/p>\n<p class=\"MsoNormal\"><strong><span style=\"font-size: 9pt; font-family: Arial;\">CLASSIF.<\/span><\/strong><span style=\"font-size: 9pt; font-family: Arial;\"><span> <\/span><strong>NOME DO ATLETA<\/strong><span> <\/span><strong>ESCOLA<\/strong><span> <\/span><strong>RESULTADO<\/strong><\/span><\/p>\n<p class=\"MsoNormal\"><span style=\"font-size: 9pt; font-family: Arial;\">1\u00ba<span> <\/span>ERICSON W D.FRANCISQUETTI<span> <\/span>A.FERREIRA<span> <\/span>24,35<\/span><\/p>\n<p class=\"MsoNormal\"><span style=\"font-size: 9pt; font-family: Arial;\">2\u00ba<span> <\/span>RUAN PERES SANT\u2019\u00c1NA<span> <\/span>A.FERREIRA<span> <\/span>20,57<\/span><\/p>\n<p class=\"MsoNormal\"><span style=\"font-size: 9pt; font-family: Arial;\">3\u00ba<span> <\/span>DOUGLAS F. TRINDADE<span> <\/span>J.FRANCISCO<span> <\/span>19,45<\/span><\/p>\n<p class=\"MsoNormal\"><span style=\"font-size: 9pt; font-family: Arial;\">4\u00ba<span> <\/span>MAYCON L.M. LUIZ<span> <\/span>J.FRANCISCO<span> <\/span>12,40<\/span><\/p>\n<p class=\"MsoNormal\"><span style=\"font-size: 9pt; font-family: Arial;\"> <\/span><\/p>\n<p class=\"MsoNormal\" style=\"margin-left: 0cm; text-indent: 0cm;\"><!--[if !supportLists]--><span style=\"font-size: 10pt; font-family: Symbol;\"><span>\u00b7<span style=\"font-family: &quot;Times New Roman&quot;; font-style: normal; font-variant: normal; font-weight: normal; font-size: 7pt; line-height: normal; font-size-adjust: none; font-stretch: normal;\"> <\/span><\/span><\/span><!--[endif]--><span style=\"text-decoration: underline;\"><span style=\"font-size: 9pt; font-family: Arial;\">LAN\u00c7AMENTO DE DARDO JUVENIL MASCULINO<\/span><\/span><span style=\"font-size: 9pt; font-family: Arial;\"> <\/span><\/p>\n<p class=\"MsoNormal\"><span style=\"font-size: 9pt; font-family: Arial;\"> <a name=\"0.2_table25\"><\/a><\/span><\/p>\n<p class=\"MsoNormal\"><strong><span style=\"font-size: 9pt; font-family: Arial;\">CLASSIF.<\/span><\/strong><span style=\"font-size: 9pt; font-family: Arial;\"><span> <\/span><strong>NOME DO ATLETA<\/strong><span> <\/span><strong>ESCOLA<\/strong><span> <\/span><strong>RESULTADO<\/strong><\/span><\/p>\n<p class=\"MsoNormal\"><span style=\"font-size: 9pt; font-family: Arial;\">1\u00ba<span> <\/span>WAGNER ROG\u00c9RIO<span> <\/span>L.BENNO<span> <\/span>27,47<\/span><\/p>\n<p class=\"MsoNormal\"><span style=\"font-size: 9pt; font-family: Arial;\">2\u00ba<span> <\/span>WILDYSON HENRIQUE<span> <\/span>J.FRANCISCO\u00a0<span> <\/span>26,05<\/span><\/p>\n<p><span style=\"font-size: 9pt; font-family: Arial;\">3\u00ba<span> <\/span>DOUGLAS FERREIRA <span> <\/span>J.FRANCISCO\u00a0<span> <\/span>25,06<\/span><\/p>\n<p><span style=\"font-size: 9pt; font-family: Arial;\">4\u00ba<span> <\/span>UCLEITON DA SILVA<span> <\/span>M.BISPO<span> <\/span>21,32<\/span><\/p>\n","protected":false},"excerpt":{"rendered":"<p>A organiza\u00e7\u00e3o dos jogos escolares de Ji-Paran\u00e1 divulgou a rela\u00e7\u00e3o dos atletas classificados no atletismo. Veja os campe\u00f5es: RESULTADO DO JEM\u2019s 2009 ATLETISMO CATEGORIA: INFANTIL FEMININO \u00b7 75 METROS RASOS INFANTIL FEMININO 1\u00ba ANA CAROLINA GOMES 2\u00ba JOSANA DA SILVA OLIVEIRA 3\u00ba RENATA LAIS PRESTES 4\u00ba JAINE CAVICHIOLE ROSSI 5\u00ba CRISLEY P. DE MEDEIROS 6\u00ba [&hellip;]<\/p>\n","protected":false},"author":3,"featured_media":0,"comment_status":"open","ping_status":"open","sticky":false,"template":"","format":"standard","meta":{"tdm_status":"","tdm_grid_status":"","footnotes":""},"categories":[22],"tags":[],"class_list":{"0":"post-2210","1":"post","2":"type-post","3":"status-publish","4":"format-standard","6":"category-brasil"},"_links":{"self":[{"href":"https:\/\/migracao.redenoticia.com.br\/noticia\/wp-json\/wp\/v2\/posts\/2210","targetHints":{"allow":["GET"]}}],"collection":[{"href":"https:\/\/migracao.redenoticia.com.br\/noticia\/wp-json\/wp\/v2\/posts"}],"about":[{"href":"https:\/\/migracao.redenoticia.com.br\/noticia\/wp-json\/wp\/v2\/types\/post"}],"author":[{"embeddable":true,"href":"https:\/\/migracao.redenoticia.com.br\/noticia\/wp-json\/wp\/v2\/users\/3"}],"replies":[{"embeddable":true,"href":"https:\/\/migracao.redenoticia.com.br\/noticia\/wp-json\/wp\/v2\/comments?post=2210"}],"version-history":[{"count":0,"href":"https:\/\/migracao.redenoticia.com.br\/noticia\/wp-json\/wp\/v2\/posts\/2210\/revisions"}],"wp:attachment":[{"href":"https:\/\/migracao.redenoticia.com.br\/noticia\/wp-json\/wp\/v2\/media?parent=2210"}],"wp:term":[{"taxonomy":"category","embeddable":true,"href":"https:\/\/migracao.redenoticia.com.br\/noticia\/wp-json\/wp\/v2\/categories?post=2210"},{"taxonomy":"post_tag","embeddable":true,"href":"https:\/\/migracao.redenoticia.com.br\/noticia\/wp-json\/wp\/v2\/tags?post=2210"}],"curies":[{"name":"wp","href":"https:\/\/api.w.org\/{rel}","templated":true}]}}