{"id":221029,"date":"2022-06-15T16:26:51","date_gmt":"2022-06-15T19:26:51","guid":{"rendered":"https:\/\/www.redenoticia.com.br\/noticia\/?p=221029"},"modified":"2022-06-15T16:26:51","modified_gmt":"2022-06-15T19:26:51","slug":"resumo-cara-e-coragem-16-06-vini-incentiva-martha-a-deixar-empresa-com-leonardo","status":"publish","type":"post","link":"https:\/\/migracao.redenoticia.com.br\/noticia\/2022\/resumo-cara-e-coragem-16-06-vini-incentiva-martha-a-deixar-empresa-com-leonardo\/221029","title":{"rendered":"Resumo \u201cCara e Coragem\u201d 16\/06: Vini incentiva Martha a deixar empresa com Leonardo"},"content":{"rendered":"<p><img loading=\"lazy\" decoding=\"async\" src=\"https:\/\/migracao.redenoticia.com.br\/noticia\/imagens\/cara-e-coragem.jpg\" alt=\"\" width=\"1280\" height=\"720\" class=\"aligncenter size-full wp-image-220184\" srcset=\"https:\/\/migracao.redenoticia.com.br\/noticia\/imagens\/cara-e-coragem.jpg 1280w, https:\/\/migracao.redenoticia.com.br\/noticia\/imagens\/cara-e-coragem-250x140.jpg 250w, https:\/\/migracao.redenoticia.com.br\/noticia\/imagens\/cara-e-coragem-400x225.jpg 400w, https:\/\/migracao.redenoticia.com.br\/noticia\/imagens\/cara-e-coragem-768x432.jpg 768w, https:\/\/migracao.redenoticia.com.br\/noticia\/imagens\/cara-e-coragem-150x84.jpg 150w\" sizes=\"auto, (max-width: 1280px) 100vw, 1280px\" \/><\/p>\n<p><strong><em>Resumo da novela \u201cCara e Coragem\u201d<\/em><\/strong> em 16\/06: no cap\u00edtulo 016(*) da novela, Moa decide contar toda a verdade para Rico e explica sobre a pasta com a f\u00f3rmula. Rebeca descobre que Chiquinho est\u00e1 na casa de Milton, pai de Moa. Danilo manda investigar a vida de Duarte. O seguran\u00e7a da sider\u00fargica avisa a Martha que a empresa foi invadida.<\/p>\n<p>\u00cdtalo, Pat e Moa concordam quando Rico diz que quer mostrar a foto de Clarice para Teca. Renan briga com Lou na frente dos bailarinos, e \u00cdsis adora. Pat convida Lou para almo\u00e7ar. Moa se irrita ao ver Rebeca na casa de Milton. Rico e \u00cdtalo procuram fotos de Clarice e Leonardo nos pertences de Teca. Duarte conta sobre Anita para J\u00e9ssica.<\/p>\n<p>Vini incentiva Martha a deixar a presid\u00eancia da empresa com Leonardo. J\u00e9ssica conhece Anita e fica intrigada com a semelhan\u00e7a entre a massoterapeuta e Clarice. Rico mostra a foto de Clarice para a m\u00e3e e questiona se Teca tem informa\u00e7\u00f5es sobre os antigos h\u00e1bitos de Clarice.<\/p>\n<p>(*) edi\u00e7\u00e3o das novelas da Globo, \u201cCara e Coragem\u201d, sujeito a altera\u00e7\u00e3o de data e conte\u00fado.<\/p>\n<p>Sinopse \u201cCara e Coragem\u201d: Os dubl\u00eas profissionais Pat e Moa ter\u00e3o seus caminhos tra\u00e7ados com o da empres\u00e1ria Clarice Gusm\u00e3o, diretora da Sider\u00fargica Gusm\u00e3o e inventora de uma f\u00f3rmula secreta milion\u00e1ria, que ser\u00e1 invejada por Leonardo, irm\u00e3o de Clarice, sua amante Regina, e Danilo, tamb\u00e9m empres\u00e1rio.<\/p>\n<p>Enquanto os dubl\u00eas se descobrir\u00e3o apaixonados um pelo outro, mesmo que eles n\u00e3o admitam, Clarice ter\u00e1 um caso com \u00cdtalo, um instrutor de parkur, al\u00e9m de outros segredos obscuros dentro da trama. Uma reviravolta em sua vida acontece ao descobrir a exist\u00eancia de Anita, uma s\u00f3sia sua, mas com uma personalidade totalmente oposta.<\/p>\n","protected":false},"excerpt":{"rendered":"<p>Resumo da novela \u201cCara e Coragem\u201d em 16\/06: no cap\u00edtulo 016(*) da novela, Moa decide contar toda a verdade para Rico e explica sobre a pasta com a f\u00f3rmula. Rebeca descobre que Chiquinho est\u00e1 na casa de Milton, pai de Moa. Danilo manda investigar a vida de Duarte. O seguran\u00e7a da sider\u00fargica avisa a Martha [&hellip;]<\/p>\n","protected":false},"author":4,"featured_media":220185,"comment_status":"closed","ping_status":"closed","sticky":false,"template":"","format":"standard","meta":{"tdm_status":"","tdm_grid_status":"","footnotes":""},"categories":[2281,379,375,2025,343],"tags":[441],"class_list":{"0":"post-221029","1":"post","2":"type-post","3":"status-publish","4":"format-standard","5":"has-post-thumbnail","7":"category-cara-e-coragem","8":"category-novelas","9":"category-rede-globo","10":"category-resumo","11":"category-televisao","12":"tag-resumo-do-dia"},"_links":{"self":[{"href":"https:\/\/migracao.redenoticia.com.br\/noticia\/wp-json\/wp\/v2\/posts\/221029","targetHints":{"allow":["GET"]}}],"collection":[{"href":"https:\/\/migracao.redenoticia.com.br\/noticia\/wp-json\/wp\/v2\/posts"}],"about":[{"href":"https:\/\/migracao.redenoticia.com.br\/noticia\/wp-json\/wp\/v2\/types\/post"}],"author":[{"embeddable":true,"href":"https:\/\/migracao.redenoticia.com.br\/noticia\/wp-json\/wp\/v2\/users\/4"}],"replies":[{"embeddable":true,"href":"https:\/\/migracao.redenoticia.com.br\/noticia\/wp-json\/wp\/v2\/comments?post=221029"}],"version-history":[{"count":0,"href":"https:\/\/migracao.redenoticia.com.br\/noticia\/wp-json\/wp\/v2\/posts\/221029\/revisions"}],"wp:featuredmedia":[{"embeddable":true,"href":"https:\/\/migracao.redenoticia.com.br\/noticia\/wp-json\/wp\/v2\/media\/220185"}],"wp:attachment":[{"href":"https:\/\/migracao.redenoticia.com.br\/noticia\/wp-json\/wp\/v2\/media?parent=221029"}],"wp:term":[{"taxonomy":"category","embeddable":true,"href":"https:\/\/migracao.redenoticia.com.br\/noticia\/wp-json\/wp\/v2\/categories?post=221029"},{"taxonomy":"post_tag","embeddable":true,"href":"https:\/\/migracao.redenoticia.com.br\/noticia\/wp-json\/wp\/v2\/tags?post=221029"}],"curies":[{"name":"wp","href":"https:\/\/api.w.org\/{rel}","templated":true}]}}