{"id":221077,"date":"2022-06-17T16:36:28","date_gmt":"2022-06-17T19:36:28","guid":{"rendered":"https:\/\/www.redenoticia.com.br\/noticia\/?p=221077"},"modified":"2022-06-17T16:36:28","modified_gmt":"2022-06-17T19:36:28","slug":"resumo-cara-e-coragem-18-06-moa-confunde-andrea-com-pat","status":"publish","type":"post","link":"https:\/\/migracao.redenoticia.com.br\/noticia\/2022\/resumo-cara-e-coragem-18-06-moa-confunde-andrea-com-pat\/221077","title":{"rendered":"Resumo \u201cCara e Coragem\u201d 18\/06: Moa confunde Andr\u00e9a com Pat"},"content":{"rendered":"<p><img loading=\"lazy\" decoding=\"async\" src=\"https:\/\/migracao.redenoticia.com.br\/noticia\/imagens\/cara-e-coragem.jpg\" alt=\"\" width=\"1280\" height=\"720\" class=\"aligncenter size-full wp-image-220184\" srcset=\"https:\/\/migracao.redenoticia.com.br\/noticia\/imagens\/cara-e-coragem.jpg 1280w, https:\/\/migracao.redenoticia.com.br\/noticia\/imagens\/cara-e-coragem-250x140.jpg 250w, https:\/\/migracao.redenoticia.com.br\/noticia\/imagens\/cara-e-coragem-400x225.jpg 400w, https:\/\/migracao.redenoticia.com.br\/noticia\/imagens\/cara-e-coragem-768x432.jpg 768w, https:\/\/migracao.redenoticia.com.br\/noticia\/imagens\/cara-e-coragem-150x84.jpg 150w\" sizes=\"auto, (max-width: 1280px) 100vw, 1280px\" \/><\/p>\n<p><strong><em>Resumo da novela \u201cCara e Coragem\u201d<\/em><\/strong> em 18\/06: no cap\u00edtulo 018(*) da novela, Pat pensa em como se aproximar de Andr\u00e9a Pratini. Dalva v\u00ea o broche em forma de flor igual ao de Clarice nas bijuterias de Anita. Lou discute com Joca. Andr\u00e9a dispensa o trabalho de Pat como dubl\u00ea na grava\u00e7\u00e3o do comercial, e Moa fica preocupado. Ol\u00edvia repreende Joca por seu comportamento com Lou.<\/p>\n<p>Baby faz um relat\u00f3rio sobre Duarte para Danilo. Martha questiona Leonardo sobre seu relacionamento com Regina e decide investigar a mo\u00e7a. Moa confunde Andr\u00e9a com Pat e come\u00e7a a puxar conversa com a atriz. Andrea pergunta a uma produtora se Moa \u00e9 solteiro.<\/p>\n<p>Joca pede a Ol\u00edvia para fazer Lou desistir da ideia de ser amiga de Pat. Baby mostra as fotos de Duarte como faxineiro para Danilo, que delira. O comercial com Andr\u00e9a \u00e9 um sucesso e Pat fica enciumada. Danilo questiona Bob sobre a tela que ele doou para o leil\u00e3o na frente de Teca e Gustavo. Pat sente ci\u00fames de Andr\u00e9a com Moa. Anita percebe Samuel olhando para ela e se incomoda.<\/p>\n<p>(*) edi\u00e7\u00e3o das novelas da Globo, \u201cCara e Coragem\u201d, sujeito a altera\u00e7\u00e3o de data e conte\u00fado.<\/p>\n<p>Sinopse \u201cCara e Coragem\u201d: Os dubl\u00eas profissionais Pat e Moa ter\u00e3o seus caminhos tra\u00e7ados com o da empres\u00e1ria Clarice Gusm\u00e3o, diretora da Sider\u00fargica Gusm\u00e3o e inventora de uma f\u00f3rmula secreta milion\u00e1ria, que ser\u00e1 invejada por Leonardo, irm\u00e3o de Clarice, sua amante Regina, e Danilo, tamb\u00e9m empres\u00e1rio.<\/p>\n<p>Enquanto os dubl\u00eas se descobrir\u00e3o apaixonados um pelo outro, mesmo que eles n\u00e3o admitam, Clarice ter\u00e1 um caso com \u00cdtalo, um instrutor de parkur, al\u00e9m de outros segredos obscuros dentro da trama. Uma reviravolta em sua vida acontece ao descobrir a exist\u00eancia de Anita, uma s\u00f3sia sua, mas com uma personalidade totalmente oposta.<\/p>\n","protected":false},"excerpt":{"rendered":"<p>Resumo da novela \u201cCara e Coragem\u201d em 18\/06: no cap\u00edtulo 018(*) da novela, Pat pensa em como se aproximar de Andr\u00e9a Pratini. Dalva v\u00ea o broche em forma de flor igual ao de Clarice nas bijuterias de Anita. Lou discute com Joca. Andr\u00e9a dispensa o trabalho de Pat como dubl\u00ea na grava\u00e7\u00e3o do comercial, e [&hellip;]<\/p>\n","protected":false},"author":4,"featured_media":220185,"comment_status":"closed","ping_status":"closed","sticky":false,"template":"","format":"standard","meta":{"tdm_status":"","tdm_grid_status":"","footnotes":""},"categories":[2281,379,375,2025,343],"tags":[441],"class_list":{"0":"post-221077","1":"post","2":"type-post","3":"status-publish","4":"format-standard","5":"has-post-thumbnail","7":"category-cara-e-coragem","8":"category-novelas","9":"category-rede-globo","10":"category-resumo","11":"category-televisao","12":"tag-resumo-do-dia"},"_links":{"self":[{"href":"https:\/\/migracao.redenoticia.com.br\/noticia\/wp-json\/wp\/v2\/posts\/221077","targetHints":{"allow":["GET"]}}],"collection":[{"href":"https:\/\/migracao.redenoticia.com.br\/noticia\/wp-json\/wp\/v2\/posts"}],"about":[{"href":"https:\/\/migracao.redenoticia.com.br\/noticia\/wp-json\/wp\/v2\/types\/post"}],"author":[{"embeddable":true,"href":"https:\/\/migracao.redenoticia.com.br\/noticia\/wp-json\/wp\/v2\/users\/4"}],"replies":[{"embeddable":true,"href":"https:\/\/migracao.redenoticia.com.br\/noticia\/wp-json\/wp\/v2\/comments?post=221077"}],"version-history":[{"count":0,"href":"https:\/\/migracao.redenoticia.com.br\/noticia\/wp-json\/wp\/v2\/posts\/221077\/revisions"}],"wp:featuredmedia":[{"embeddable":true,"href":"https:\/\/migracao.redenoticia.com.br\/noticia\/wp-json\/wp\/v2\/media\/220185"}],"wp:attachment":[{"href":"https:\/\/migracao.redenoticia.com.br\/noticia\/wp-json\/wp\/v2\/media?parent=221077"}],"wp:term":[{"taxonomy":"category","embeddable":true,"href":"https:\/\/migracao.redenoticia.com.br\/noticia\/wp-json\/wp\/v2\/categories?post=221077"},{"taxonomy":"post_tag","embeddable":true,"href":"https:\/\/migracao.redenoticia.com.br\/noticia\/wp-json\/wp\/v2\/tags?post=221077"}],"curies":[{"name":"wp","href":"https:\/\/api.w.org\/{rel}","templated":true}]}}