{"id":221123,"date":"2022-06-20T12:01:25","date_gmt":"2022-06-20T15:01:25","guid":{"rendered":"https:\/\/www.redenoticia.com.br\/noticia\/?p=221123"},"modified":"2022-06-20T12:01:25","modified_gmt":"2022-06-20T15:01:25","slug":"resumo-o-cravo-e-a-rosa-20-06-petruchio-vai-dormir-no-estabulo","status":"publish","type":"post","link":"https:\/\/migracao.redenoticia.com.br\/noticia\/2022\/resumo-o-cravo-e-a-rosa-20-06-petruchio-vai-dormir-no-estabulo\/221123","title":{"rendered":"Resumo &#8220;O Cravo e a Rosa&#8221; 20\/06: Petruchio vai dormir no est\u00e1bulo"},"content":{"rendered":"<p><img loading=\"lazy\" decoding=\"async\" src=\"https:\/\/migracao.redenoticia.com.br\/noticia\/imagens\/o-cravo-e-a-rosa-elenco-resumo-sinopse.jpeg\" alt=\"\" width=\"1280\" height=\"720\" class=\"aligncenter size-full wp-image-213217\" srcset=\"https:\/\/migracao.redenoticia.com.br\/noticia\/imagens\/o-cravo-e-a-rosa-elenco-resumo-sinopse.jpeg 1280w, https:\/\/migracao.redenoticia.com.br\/noticia\/imagens\/o-cravo-e-a-rosa-elenco-resumo-sinopse-250x140.jpeg 250w, https:\/\/migracao.redenoticia.com.br\/noticia\/imagens\/o-cravo-e-a-rosa-elenco-resumo-sinopse-400x225.jpeg 400w, https:\/\/migracao.redenoticia.com.br\/noticia\/imagens\/o-cravo-e-a-rosa-elenco-resumo-sinopse-768x432.jpeg 768w, https:\/\/migracao.redenoticia.com.br\/noticia\/imagens\/o-cravo-e-a-rosa-elenco-resumo-sinopse-150x85.jpeg 150w\" sizes=\"auto, (max-width: 1280px) 100vw, 1280px\" \/><\/p>\n<p><em><strong>Resumo da novela &#8220;O Cravo e a Rosa&#8221;<\/strong><\/em> em 20\/06: no cap\u00edtulo 140(*) da novela, Petruchio vai dormir no est\u00e1bulo. Catarina fica arrasada. Josefa sugere que Dinor\u00e1 tire o dinheiro da carteira de Heitor. Marcela e Batista n\u00e3o conseguem dormir, pois os dois roncam. Petruchio acorda ardendo em febre e desmaia. Dinor\u00e1 d\u00e1 a Marcela parte do dinheiro do colar. Bianca marca encontro com Edmundo. Candoca come\u00e7a a desconfiar de Edmundo. Catarina decide chamar um m\u00e9dico para examinar Petruchio. Catarina cuida de Petruchio.<\/p>\n<p>Joaquim arca com os preju\u00edzos provocados por Janu\u00e1rio \u00e0 companhia de bondes. Hildegard hipnotiza F\u00e1bio. Dinor\u00e1 confirma que Edmundo esteve no casamento de Batista. Corn\u00e9lio avisa Dalva que Serafim deve meses de aluguel. Bianca marca encontro com Edmundo. F\u00e1bio entra em transe com a hipnose de Hildegard. Lourdes e B\u00e1rbara tamb\u00e9m. Dalva pede que Kiki descubra se Dinor\u00e1 e Celso est\u00e3o juntos. Batista dorme durante uma reuni\u00e3o pol\u00edtica. O m\u00e9dico avisa que Petruchio est\u00e1 gravemente doente. <\/p>\n<p>(*) edi\u00e7\u00e3o das novelas da Globo, &#8220;O Cravo e a Rosa&#8221;, sujeito a altera\u00e7\u00e3o de data e conte\u00fado.<\/p>\n<p>Sinopse &#8220;O Cravo e a Rosa&#8221;: Catarina Batista \u00e9 uma mulher moderna, na r\u00edgida sociedade paulista da d\u00e9cada de 1920, que recusa o papel feminino de se restringir a lavar ceroulas em um tanque. Juli\u00e3o Petruchio \u00e9 um homem rude, para quem a mulher deve ser a &#8220;rainha do lar&#8221;. Duas pessoas t\u00e3o diferentes vivem um romance contradit\u00f3rio.<\/p>\n<p>Conhecida como &#8216;a fera&#8217;, por botar todos os seus pretendentes para correr, Catarina vai esbarrar na teimosia c\u00ednica de Petruchio que, inicialmente, decide conquist\u00e1-la para, com o dote do casamento, salvar sua fazenda de ser hipotecada. Eles acabam se apaixonando, mas n\u00e3o d\u00e3o o bra\u00e7o a torcer, vivenciando cenas muito bem-humoradas de discuss\u00f5es e brigas vulc\u00e2nicas. Ele fingindo-se de &#8216;cordeirinho&#8217;, e ela cada vez mais furiosa com sua insist\u00eancia.<\/p>\n","protected":false},"excerpt":{"rendered":"<p>Resumo da novela &#8220;O Cravo e a Rosa&#8221; em 20\/06: no cap\u00edtulo 140(*) da novela, Petruchio vai dormir no est\u00e1bulo. Catarina fica arrasada. Josefa sugere que Dinor\u00e1 tire o dinheiro da carteira de Heitor. Marcela e Batista n\u00e3o conseguem dormir, pois os dois roncam. Petruchio acorda ardendo em febre e desmaia. Dinor\u00e1 d\u00e1 a Marcela [&hellip;]<\/p>\n","protected":false},"author":4,"featured_media":213218,"comment_status":"closed","ping_status":"closed","sticky":false,"template":"","format":"standard","meta":{"tdm_status":"","tdm_grid_status":"","footnotes":""},"categories":[379,2227,375,2025,343],"tags":[441],"class_list":{"0":"post-221123","1":"post","2":"type-post","3":"status-publish","4":"format-standard","5":"has-post-thumbnail","7":"category-novelas","8":"category-o-cravo-e-a-rosa","9":"category-rede-globo","10":"category-resumo","11":"category-televisao","12":"tag-resumo-do-dia"},"_links":{"self":[{"href":"https:\/\/migracao.redenoticia.com.br\/noticia\/wp-json\/wp\/v2\/posts\/221123","targetHints":{"allow":["GET"]}}],"collection":[{"href":"https:\/\/migracao.redenoticia.com.br\/noticia\/wp-json\/wp\/v2\/posts"}],"about":[{"href":"https:\/\/migracao.redenoticia.com.br\/noticia\/wp-json\/wp\/v2\/types\/post"}],"author":[{"embeddable":true,"href":"https:\/\/migracao.redenoticia.com.br\/noticia\/wp-json\/wp\/v2\/users\/4"}],"replies":[{"embeddable":true,"href":"https:\/\/migracao.redenoticia.com.br\/noticia\/wp-json\/wp\/v2\/comments?post=221123"}],"version-history":[{"count":0,"href":"https:\/\/migracao.redenoticia.com.br\/noticia\/wp-json\/wp\/v2\/posts\/221123\/revisions"}],"wp:featuredmedia":[{"embeddable":true,"href":"https:\/\/migracao.redenoticia.com.br\/noticia\/wp-json\/wp\/v2\/media\/213218"}],"wp:attachment":[{"href":"https:\/\/migracao.redenoticia.com.br\/noticia\/wp-json\/wp\/v2\/media?parent=221123"}],"wp:term":[{"taxonomy":"category","embeddable":true,"href":"https:\/\/migracao.redenoticia.com.br\/noticia\/wp-json\/wp\/v2\/categories?post=221123"},{"taxonomy":"post_tag","embeddable":true,"href":"https:\/\/migracao.redenoticia.com.br\/noticia\/wp-json\/wp\/v2\/tags?post=221123"}],"curies":[{"name":"wp","href":"https:\/\/api.w.org\/{rel}","templated":true}]}}