{"id":22113,"date":"2010-01-20T18:09:07","date_gmt":"2010-01-20T22:09:07","guid":{"rendered":"http:\/\/www.redenoticia.com.br\/noticia\/?p=22113"},"modified":"2010-01-20T18:09:07","modified_gmt":"2010-01-20T22:09:07","slug":"carnaval-em-recife-muito-alem-do-frevo-e-dos-ritmos-locais","status":"publish","type":"post","link":"https:\/\/migracao.redenoticia.com.br\/noticia\/2010\/carnaval-em-recife-muito-alem-do-frevo-e-dos-ritmos-locais\/22113","title":{"rendered":"Carnaval em Recife: Muito al\u00e9m do frevo e dos ritmos locais"},"content":{"rendered":"<p><em>Apostando no perfil de multicultural da cidade, frevo e rock convivem em harmonia no Carnaval recifense<\/em><\/p>\n<p>Mundialmente conhecido por abrigar o Carnaval mais aut\u00eantico do Brasil &#8211; com o maior bloco do mundo, o Galo da Madrugada &#8211; a folia de Momo recifense vai muito al\u00e9m do culto ao frevo, ritmo que \u00e9 s\u00edmbolo m\u00e1ximo da pernambucanidade. H\u00e1 tempos, a cidade adotou a ideia de multiculturalidade, na qual ritmos como o coco de roda e o heavy metal podem conviver pacificamente. Nesse ano de 2010, a programa\u00e7\u00e3o carnavalesca n\u00e3o poderia ser diferente e recebe nomes internacionais como Sting e brasileiros pesos pesados, como \u00e9 o caso dos Tit\u00e3s.<\/p>\n<p>O quinteto (formado por S\u00e9rgio Britto, Branco Mello, Paulo Miklos, Tony Bellotto e Charles Gavin) traz ao Recife o lan\u00e7amento de &#8220;Sacos Pl\u00e1sticos&#8221;, primeiro disco de in\u00e9ditas desde &#8220;Como Est\u00e3o Voc\u00eas?&#8221; (de 2003). O grupo se apresenta no Guaiamum Treloso, no pr\u00f3ximo 29 de Janeiro, bloco recifense de renome nacional, e faz um grande balan\u00e7o dos seus 27 anos de carreira. Com can\u00e7\u00f5es inspiradas, letras diretas e a mistura r\u00edtmica de rock, reggae, funk, punk e pop, os Tit\u00e3s mostram for\u00e7a criativa, capacidade de perman\u00eancia e reinven\u00e7\u00e3o na hist\u00f3ria da m\u00fasica brasileira.<\/p>\n<p>Ao lado deles se apresenta a sambista Tereza Cristina. Respons\u00e1vel pelo renascimento do samba, na Lapa (Rio de Janeiro), ela lan\u00e7ou no ano passado seu segundo disco &#8220;A Vida Me Fez Assim&#8221;, com repert\u00f3rio autoral e que passa por todas as vertentes do g\u00eanero<\/p>\n<p>O mesmo acontece com a estreante Maria Gad\u00fa, com 23 anos. A int\u00e9rprete vem arrebatando f\u00e3s entusiasmados em todo pa\u00eds, principalmente pelo seu carisma c\u00eanico. Ganhadora do pr\u00eamio APCA de revela\u00e7\u00e3o e melhor cantora, e citada por Nelson Mota como a maior promessa de 2010, ela faz MPB com jeito de rock, com a predomin\u00e2ncia de timbres ac\u00fasticos. No curr\u00edculo, tem ainda participa\u00e7\u00f5es na miniss\u00e9rie Ma\u00edsa e est\u00e1 na trilha da novela &#8220;Viver a Vida&#8221; com a m\u00fasica Shibalai\u00ea (da personagem Sandrinha, irm\u00e3 de Helena). Ela tamb\u00e9m se apresenta no Guaiamum Treloso.<\/p>\n<p>Outro bloco carnavalesco que vem participando dessa invas\u00e3o roqueira ao Carnaval recifense \u00e9 o Sala da Justi\u00e7a. Famoso por abrigar foli\u00f5es fantasiados de super her\u00f3is de todos os tipos, a agremia\u00e7\u00e3o recebe os m\u00fasicos da Na\u00e7\u00e3o Zumbi em apresenta\u00e7\u00e3o que conta com a participa\u00e7\u00e3o de Arnaldo Antunes,\u00a0 B Neg\u00e3o, Eddie, a Orquestra Popular da Bomba do Hemet\u00e9rio e a Orquestra do Homem da Meia Noite. O destaque, contudo, fica nas m\u00e3os da carioca Mart&#8217;n\u00e1lia.<\/p>\n<p>Festival<\/p>\n<p>Um dos principais espa\u00e7os para as manifesta\u00e7\u00f5es alternativas \u00e9 o Festival Recbeat que esse ano completa 15 anos e promete dar um tempero especial ao Carnaval, explorando novas fronteiras sonoras. Ovacionado por ser o espa\u00e7o que vem desvelando novas bandas, o Festival, realizado no Cais da Alf\u00e2ndega, Recife Antigo, entre 13 e 16 de fevereiro, receber\u00e1 atra\u00e7\u00f5es internacionais. Os colombianos Puerto Candelaria e os mexicanos Cabezas de Cera s\u00e3o os representantes da Am\u00e9rica Latina desta edi\u00e7\u00e3o, tradi\u00e7\u00e3o que o festival come\u00e7ou alguns anos atr\u00e1s. A terceira banda internacional confirmada \u00e9 a Madensuyu, da B\u00e9lgica. J\u00e1 a artista nacional com presen\u00e7a garantida nos 15 anos de Recbeat \u00e9 a cantora Stela Campos, trazendo seu mais novo disco, &#8220;Mustang Bar&#8221;. A programa\u00e7\u00e3o contar\u00e1 ainda com outras 20 atra\u00e7\u00f5es.<\/p>\n<p><strong>Servi\u00e7o<\/strong><\/p>\n<p>Guaiamum Treloso<\/p>\n<p>Show com Tit\u00e3s, Maria Gad\u00fa e Teresa Cristina<\/p>\n<p>Quando: 29 de Janeiro<\/p>\n<p>Quanto: R$ 50 (camarote), R$ 40 (inteira), R$ 20 (meia)<\/p>\n<p>Informa\u00e7\u00f5es: 3268-9546<\/p>\n<p>Enquanto Isso na Saja da Justi\u00e7a<\/p>\n<p>Show com Na\u00e7\u00e3o Zumbi,Arnaldo Antunes e Mart\u00b4n\u00e1lia (RJ)<\/p>\n<p>Quando: 6 de fevereiro<\/p>\n<p>Quanto: R$50 (inteira) e 25 (meia)<\/p>\n<p>Festival Rec Beat<\/p>\n<p>V\u00e1rias atra\u00e7\u00f5es<\/p>\n<p>Quando: 13 a 16 de fevereiro<\/p>\n<p>Quanto: entrada franca<\/p>\n<p><a href=\"http:\/\/recbeat.uol.com.br\/\" target=\"_blank\">Informa\u00e7\u00f5es no site<\/a><\/p>\n","protected":false},"excerpt":{"rendered":"<p>Apostando no perfil de multicultural da cidade, frevo e rock convivem em harmonia no Carnaval recifense Mundialmente conhecido por abrigar o Carnaval mais aut\u00eantico do Brasil &#8211; com o maior bloco do mundo, o Galo da Madrugada &#8211; a folia de Momo recifense vai muito al\u00e9m do culto ao frevo, ritmo que \u00e9 s\u00edmbolo m\u00e1ximo [&hellip;]<\/p>\n","protected":false},"author":2,"featured_media":0,"comment_status":"open","ping_status":"open","sticky":false,"template":"","format":"standard","meta":{"tdm_status":"","tdm_grid_status":"","footnotes":""},"categories":[22],"tags":[],"class_list":{"0":"post-22113","1":"post","2":"type-post","3":"status-publish","4":"format-standard","6":"category-brasil"},"_links":{"self":[{"href":"https:\/\/migracao.redenoticia.com.br\/noticia\/wp-json\/wp\/v2\/posts\/22113","targetHints":{"allow":["GET"]}}],"collection":[{"href":"https:\/\/migracao.redenoticia.com.br\/noticia\/wp-json\/wp\/v2\/posts"}],"about":[{"href":"https:\/\/migracao.redenoticia.com.br\/noticia\/wp-json\/wp\/v2\/types\/post"}],"author":[{"embeddable":true,"href":"https:\/\/migracao.redenoticia.com.br\/noticia\/wp-json\/wp\/v2\/users\/2"}],"replies":[{"embeddable":true,"href":"https:\/\/migracao.redenoticia.com.br\/noticia\/wp-json\/wp\/v2\/comments?post=22113"}],"version-history":[{"count":0,"href":"https:\/\/migracao.redenoticia.com.br\/noticia\/wp-json\/wp\/v2\/posts\/22113\/revisions"}],"wp:attachment":[{"href":"https:\/\/migracao.redenoticia.com.br\/noticia\/wp-json\/wp\/v2\/media?parent=22113"}],"wp:term":[{"taxonomy":"category","embeddable":true,"href":"https:\/\/migracao.redenoticia.com.br\/noticia\/wp-json\/wp\/v2\/categories?post=22113"},{"taxonomy":"post_tag","embeddable":true,"href":"https:\/\/migracao.redenoticia.com.br\/noticia\/wp-json\/wp\/v2\/tags?post=22113"}],"curies":[{"name":"wp","href":"https:\/\/api.w.org\/{rel}","templated":true}]}}