{"id":221131,"date":"2022-06-20T12:11:06","date_gmt":"2022-06-20T15:11:06","guid":{"rendered":"https:\/\/www.redenoticia.com.br\/noticia\/?p=221131"},"modified":"2022-06-20T12:11:06","modified_gmt":"2022-06-20T15:11:06","slug":"resumo-pantanal-20-06-trindade-ve-morte-cair-sobre-a-casa-de-jose-leoncio","status":"publish","type":"post","link":"https:\/\/migracao.redenoticia.com.br\/noticia\/2022\/resumo-pantanal-20-06-trindade-ve-morte-cair-sobre-a-casa-de-jose-leoncio\/221131","title":{"rendered":"Resumo \u201cPantanal\u201d 20\/06: Trindade v\u00ea morte cair sobre a casa de Jos\u00e9 Le\u00f4ncio"},"content":{"rendered":"<p><img loading=\"lazy\" decoding=\"async\" class=\"aligncenter size-full wp-image-217356\" src=\"https:\/\/migracao.redenoticia.com.br\/noticia\/imagens\/pantanal_rei_do_gado_2022.jpg\" alt=\"\" width=\"1280\" height=\"720\" srcset=\"https:\/\/migracao.redenoticia.com.br\/noticia\/imagens\/pantanal_rei_do_gado_2022.jpg 1280w, https:\/\/migracao.redenoticia.com.br\/noticia\/imagens\/pantanal_rei_do_gado_2022-250x140.jpg 250w, https:\/\/migracao.redenoticia.com.br\/noticia\/imagens\/pantanal_rei_do_gado_2022-400x225.jpg 400w, https:\/\/migracao.redenoticia.com.br\/noticia\/imagens\/pantanal_rei_do_gado_2022-768x432.jpg 768w, https:\/\/migracao.redenoticia.com.br\/noticia\/imagens\/pantanal_rei_do_gado_2022-150x84.jpg 150w\" sizes=\"auto, (max-width: 1280px) 100vw, 1280px\" \/><\/p>\n<p><strong><em>Resumo da novela \u201cPantanal\u201d<\/em><\/strong> em 20\/06: no cap\u00edtulo 073(*) da novela, Jos\u00e9 Lucas critica Jove para Juma, e o Velho do Rio o reprova. Renato cogita para os irm\u00e3os que Ten\u00f3rio possa ter vergonha dos filhos por serem pretos. Fil\u00f3 demonstra para Muda que duvida do amor de Juma por Jove. Jove diz a Jos\u00e9 Le\u00f4ncio que talvez n\u00e3o seja a pessoa indicada para tocar os neg\u00f3cios do pai.<\/p>\n<p>Trindade diz a Tib\u00e9rio que v\u00ea morte cair sobre a casa de Jos\u00e9 Le\u00f4ncio. Roberto sugere a Zuleica que pressione Ten\u00f3rio para fazer uma escolha. Maria Bruaca procura Alcides, que nega para Guta que esteja tendo um caso com a patroa. Juma n\u00e3o gosta das insinua\u00e7\u00f5es de Irma a respeito de Jos\u00e9 Lucas. Guta pensa em mandar Alcides embora. Marcelo escuta Ten\u00f3rio falando sobre Guta com Zuleica.<\/p>\n<p>(*) edi\u00e7\u00e3o das novelas da Globo, \u201cPantanal\u201d, sujeito a altera\u00e7\u00e3o de data e conte\u00fado.<\/p>\n<p>Sinopse \u201cPantanal\u201d: O tronco central acompanha o velho Joventino (Irandhir Santos) e seu filho, Jos\u00e9 Le\u00f4ncio (Renato G\u00f3es\/Marcos Palmeira). Confiando no conceito de que &#8220;a natureza pode mais que o homem&#8221;, Joventino acaba se tornando o maior pe\u00e3o do Pantanal e ficou famoso por trazer os bois selvagens, os ditos marru\u00e1s, no feiti\u00e7o. Por\u00e9m, foi logo ap\u00f3s essa compreens\u00e3o que Joventino desapareceu, sem deixar rastros, e abandonou o filho.<\/p>\n","protected":false},"excerpt":{"rendered":"<p>Resumo da novela \u201cPantanal\u201d em 20\/06: no cap\u00edtulo 073(*) da novela, Jos\u00e9 Lucas critica Jove para Juma, e o Velho do Rio o reprova. Renato cogita para os irm\u00e3os que Ten\u00f3rio possa ter vergonha dos filhos por serem pretos. Fil\u00f3 demonstra para Muda que duvida do amor de Juma por Jove. Jove diz a Jos\u00e9 [&hellip;]<\/p>\n","protected":false},"author":4,"featured_media":217355,"comment_status":"closed","ping_status":"closed","sticky":false,"template":"","format":"standard","meta":{"tdm_status":"","tdm_grid_status":"","footnotes":""},"categories":[379,2260,375,2025,343],"tags":[441],"class_list":{"0":"post-221131","1":"post","2":"type-post","3":"status-publish","4":"format-standard","5":"has-post-thumbnail","7":"category-novelas","8":"category-pantanal","9":"category-rede-globo","10":"category-resumo","11":"category-televisao","12":"tag-resumo-do-dia"},"_links":{"self":[{"href":"https:\/\/migracao.redenoticia.com.br\/noticia\/wp-json\/wp\/v2\/posts\/221131","targetHints":{"allow":["GET"]}}],"collection":[{"href":"https:\/\/migracao.redenoticia.com.br\/noticia\/wp-json\/wp\/v2\/posts"}],"about":[{"href":"https:\/\/migracao.redenoticia.com.br\/noticia\/wp-json\/wp\/v2\/types\/post"}],"author":[{"embeddable":true,"href":"https:\/\/migracao.redenoticia.com.br\/noticia\/wp-json\/wp\/v2\/users\/4"}],"replies":[{"embeddable":true,"href":"https:\/\/migracao.redenoticia.com.br\/noticia\/wp-json\/wp\/v2\/comments?post=221131"}],"version-history":[{"count":0,"href":"https:\/\/migracao.redenoticia.com.br\/noticia\/wp-json\/wp\/v2\/posts\/221131\/revisions"}],"wp:featuredmedia":[{"embeddable":true,"href":"https:\/\/migracao.redenoticia.com.br\/noticia\/wp-json\/wp\/v2\/media\/217355"}],"wp:attachment":[{"href":"https:\/\/migracao.redenoticia.com.br\/noticia\/wp-json\/wp\/v2\/media?parent=221131"}],"wp:term":[{"taxonomy":"category","embeddable":true,"href":"https:\/\/migracao.redenoticia.com.br\/noticia\/wp-json\/wp\/v2\/categories?post=221131"},{"taxonomy":"post_tag","embeddable":true,"href":"https:\/\/migracao.redenoticia.com.br\/noticia\/wp-json\/wp\/v2\/tags?post=221131"}],"curies":[{"name":"wp","href":"https:\/\/api.w.org\/{rel}","templated":true}]}}