{"id":22116,"date":"2010-01-20T18:14:44","date_gmt":"2010-01-20T22:14:44","guid":{"rendered":"http:\/\/www.redenoticia.com.br\/noticia\/?p=22116"},"modified":"2010-01-20T18:14:44","modified_gmt":"2010-01-20T22:14:44","slug":"escola-sao-paulo-organiza-visita-para-a-feira-internacional-de-arte-contemporanea-arco-em-madri","status":"publish","type":"post","link":"https:\/\/migracao.redenoticia.com.br\/noticia\/2010\/escola-sao-paulo-organiza-visita-para-a-feira-internacional-de-arte-contemporanea-arco-em-madri\/22116","title":{"rendered":"Escola S\u00e3o Paulo organiza visita para a Feira Internacional de Arte Contempor\u00e2nea ARCO em Madri"},"content":{"rendered":"<p>A <strong>Escola S\u00e3o Paulo<\/strong> elaborou esta viagem cultural com o objetivo de levar um grupo a Madri, para visitar a <strong>Feira Internacional de Arte Contempor\u00e2nea ARCO<\/strong> de forma exclusiva, com acessos a exposi\u00e7\u00f5es, performances, recep\u00e7\u00f5es, cole\u00e7\u00f5es particulares e institui\u00e7\u00f5es culturais.<\/p>\n<p><strong>Itiner\u00e1rio previsto*<\/strong><\/p>\n<p>15\/02 &#8211; Sa\u00edda S\u00e3o Paulo \u2013 aeroporto GRU<\/p>\n<p>16\/02 \u2013 Chegada Madrid \u2013 Hotel<\/p>\n<p>Tarde livre<\/p>\n<p>20h &#8211; Jantar com o grupo<\/p>\n<p>17\/02 \u2013 12h \u2013 Visita a Feira Internacional de Arte ARCO &#8211; abertura exclusiva para convidados VIP<\/p>\n<p>17h \u2013 Visita exclusiva a Galeria Helga de Alvear &#8211; Performance Contempor\u00e2nea \u201cNo, Global Tour\u201d de Santiago Sierra<\/p>\n<p>20h \u2013 Visita exclusiva a Funda\u00e7\u00e3o Juan March<\/p>\n<p>21h \u2013 Jantar oferecido pelo Presidente da Regi\u00e3o de Madrid, Esperanza Aguirre, e pelo prefeito de Madri, Alberto Ruiz-Gallard\u00f3n em comemora\u00e7\u00e3o \u00e0 Feira ARCO<\/p>\n<p>18\/02 \u2013 9h &#8211; Visita exclusiva com caf\u00e9 da manh\u00e3 no Museu Thyssen Bornemisza<\/p>\n<p>12h \u2013 Abertura Oficial da Feira ARCO 2010<\/p>\n<p>14h \u2013 Almo\u00e7o na Feira<\/p>\n<p>15h30 \u2013 Visita ao Museu do Prado<\/p>\n<p>19h \u2013 Visita a La Casa Encendida \u2013 Visita exclusia a \u201cRyan Mc Ginness: Studio Franchise\u201d &amp; \u201cFrom I to J\u201d. Isabel Coixet \/ John Berger<\/p>\n<p>21h \u2013 Jantar com grupo<\/p>\n<p>23h \u2013 \u201cMango Party\u201d \u2013 Festa no Matadero Madrid<\/p>\n<p>19\/02 \u2013 10h00 \u2013 14h00\u00a0 &#8211; Brunch na Galer\u00eda Elba Ben\u00edtez. Visita \u00e0 exposi\u00e7\u00e3o curada por Mario Garc\u00eda Torres para celebrar o 20\u00ba anivers\u00e1rio da Galeria.<\/p>\n<p>Tarde livre<\/p>\n<p>20h \u2013 Visita com recep\u00e7\u00e3o a Funda\u00e7\u00e3o \u201cLa Caixa\u201d Cole\u00e7\u00e3o de Arte Contempor\u00e2nea \u2013 Exposi\u00e7\u00e3o \u201cMiquel Barcel\u00f3 1983-2009\u201d e \u201cHannah Collins. Historia en Curso. Pel\u00edculas y fotografias\u201d<\/p>\n<p>22h \u2013 Visita exclusiva ao Museu Nacional Centro de Arte Reina Sof\u00eda<\/p>\n<p>20\/02 \u2013 10h &#8211; Visita exclusiva a Funda\u00e7\u00e3o MAPFRE \u2013 exposi\u00e7\u00e3o \u201cManet y el entusiasmo por la modernidad\u201d.<\/p>\n<p>12h \u2013 Visita a cole\u00e7\u00e3o particular \u2013 a confirmar<\/p>\n<p>Sa\u00edda aeroporto Madrid<\/p>\n<p>21\/02 \u2013 Chegada S\u00e3o Paulo aeroporto GRU<\/p>\n<p>*Hor\u00e1rios e atividades podem sofrer altera\u00e7\u00f5es.<\/p>\n<p>Escola S\u00e3o Paulo<\/p>\n<p>Rua Augusta, 2239<\/p>\n<p>Informa\u00e7\u00f5es e Reservas: (11) 3060.3636<\/p>\n<p>Ou no <a href=\"http:\/\/www.escolasaopaulo.org\/\" target=\"_blank\">site da Escola S\u00e3o Paulo<\/a><\/p>\n<p>Inscri\u00e7\u00f5es: Maring\u00e1 Turismo<\/p>\n<p>Vera Campacci \u2013 Projetos especiais<\/p>\n<p>11 3156-8031 \/ 3066-3600<\/p>\n","protected":false},"excerpt":{"rendered":"<p>A Escola S\u00e3o Paulo elaborou esta viagem cultural com o objetivo de levar um grupo a Madri, para visitar a Feira Internacional de Arte Contempor\u00e2nea ARCO de forma exclusiva, com acessos a exposi\u00e7\u00f5es, performances, recep\u00e7\u00f5es, cole\u00e7\u00f5es particulares e institui\u00e7\u00f5es culturais. Itiner\u00e1rio previsto* 15\/02 &#8211; Sa\u00edda S\u00e3o Paulo \u2013 aeroporto GRU 16\/02 \u2013 Chegada Madrid \u2013 [&hellip;]<\/p>\n","protected":false},"author":2,"featured_media":0,"comment_status":"open","ping_status":"open","sticky":false,"template":"","format":"standard","meta":{"tdm_status":"","tdm_grid_status":"","footnotes":""},"categories":[370,353],"tags":[],"class_list":{"0":"post-22116","1":"post","2":"type-post","3":"status-publish","4":"format-standard","6":"category-inscricao","7":"category-oportunidades"},"_links":{"self":[{"href":"https:\/\/migracao.redenoticia.com.br\/noticia\/wp-json\/wp\/v2\/posts\/22116","targetHints":{"allow":["GET"]}}],"collection":[{"href":"https:\/\/migracao.redenoticia.com.br\/noticia\/wp-json\/wp\/v2\/posts"}],"about":[{"href":"https:\/\/migracao.redenoticia.com.br\/noticia\/wp-json\/wp\/v2\/types\/post"}],"author":[{"embeddable":true,"href":"https:\/\/migracao.redenoticia.com.br\/noticia\/wp-json\/wp\/v2\/users\/2"}],"replies":[{"embeddable":true,"href":"https:\/\/migracao.redenoticia.com.br\/noticia\/wp-json\/wp\/v2\/comments?post=22116"}],"version-history":[{"count":0,"href":"https:\/\/migracao.redenoticia.com.br\/noticia\/wp-json\/wp\/v2\/posts\/22116\/revisions"}],"wp:attachment":[{"href":"https:\/\/migracao.redenoticia.com.br\/noticia\/wp-json\/wp\/v2\/media?parent=22116"}],"wp:term":[{"taxonomy":"category","embeddable":true,"href":"https:\/\/migracao.redenoticia.com.br\/noticia\/wp-json\/wp\/v2\/categories?post=22116"},{"taxonomy":"post_tag","embeddable":true,"href":"https:\/\/migracao.redenoticia.com.br\/noticia\/wp-json\/wp\/v2\/tags?post=22116"}],"curies":[{"name":"wp","href":"https:\/\/api.w.org\/{rel}","templated":true}]}}