{"id":221183,"date":"2022-06-22T17:33:56","date_gmt":"2022-06-22T20:33:56","guid":{"rendered":"https:\/\/www.redenoticia.com.br\/noticia\/?p=221183"},"modified":"2022-06-22T17:33:56","modified_gmt":"2022-06-22T20:33:56","slug":"resumo-cuidado-com-o-anjo-23-06-joao-miguel-confirma-que-vai-se-casar-com-estefania","status":"publish","type":"post","link":"https:\/\/migracao.redenoticia.com.br\/noticia\/2022\/resumo-cuidado-com-o-anjo-23-06-joao-miguel-confirma-que-vai-se-casar-com-estefania\/221183","title":{"rendered":"Resumo &#8220;Cuidado com o Anjo&#8221; 23\/06: Jo\u00e3o Miguel confirma que vai se casar com Estef\u00e2nia"},"content":{"rendered":"<p><img loading=\"lazy\" decoding=\"async\" class=\"aligncenter size-full wp-image-220665\" src=\"https:\/\/migracao.redenoticia.com.br\/noticia\/imagens\/cuidado-com-anjo-levi-maite.jpg\" alt=\"\" width=\"1280\" height=\"720\" srcset=\"https:\/\/migracao.redenoticia.com.br\/noticia\/imagens\/cuidado-com-anjo-levi-maite.jpg 1280w, https:\/\/migracao.redenoticia.com.br\/noticia\/imagens\/cuidado-com-anjo-levi-maite-250x140.jpg 250w, https:\/\/migracao.redenoticia.com.br\/noticia\/imagens\/cuidado-com-anjo-levi-maite-400x225.jpg 400w, https:\/\/migracao.redenoticia.com.br\/noticia\/imagens\/cuidado-com-anjo-levi-maite-768x432.jpg 768w, https:\/\/migracao.redenoticia.com.br\/noticia\/imagens\/cuidado-com-anjo-levi-maite-150x84.jpg 150w\" sizes=\"auto, (max-width: 1280px) 100vw, 1280px\" \/><\/p>\n<p><em><strong>Resumo da novela &#8220;Cuidado com o Anjo&#8221;<\/strong><\/em> em 23\/06: no cap\u00edtulo 014(*) da novela, Estef\u00e2nia convida Jo\u00e3o Miguel para jantar<\/p>\n<p>Mal\u00fa fica arrasada ao saber do relacionamento de Estef\u00e2nia e Jo\u00e3o Miguel. Viviana percebe que Burny a rouba, mas ele amea\u00e7a mat\u00e1-la caso pense em denunci\u00e1-lo. Isabela conta a Mal\u00fa que Estef\u00e2nia e Jo\u00e3o Miguel v\u00e3o se casar. Cec\u00edlia fica chateada ao ver que Patr\u00edcio n\u00e3o trata Mal\u00fa como uma filha. Mal\u00fa telefona para Jo\u00e3o Miguel e pergunta se \u00e9 verdade que est\u00e1 comprometido com Estef\u00e2nia.<\/p>\n<p>Patr\u00edcio acredita que foi Mal\u00fa quem convidou Amador para a festa e chama a aten\u00e7\u00e3o dela. Of\u00e9lia pede explica\u00e7\u00f5es a Jo\u00e3o Miguel sobre seu suposto compromisso com Estef\u00e2nia. Estef\u00e2nia convida Jo\u00e3o Miguel para jantar em sua casa. Mal\u00fa pergunta se vai mesmo se casar com Estef\u00e2nia e ele confirma.<\/p>\n<p>(*) edi\u00e7\u00e3o das novelas do SBT, &#8220;Cuidado com o Anjo&#8221;, sujeito a altera\u00e7\u00e3o de data e conte\u00fado.<\/p>\n<p>Sinopse &#8220;Cuidado com o Anjo&#8221;: Quando Maria de Jesus &#8220;Mal\u00fa&#8221; nasceu, sua m\u00e3e, crendo estar \u00e0 beira da morte, entregou-a a um sacerdote que levou-a para um orfanato. Aos 14 anos, ela foge de l\u00e1 e come\u00e7a a caminhar pelas ruas, sobrevivendo como pode. Passam-se anos e uma noite Mal\u00fa \u00e9 atacada por um b\u00eabado, o que a faz sentir rancor pelos homens e ter pesadelos que a desesperam.<\/p>\n<p>Candel\u00e1ria, uma lavadeira, lhe d\u00e1 abrigo e se transforma numa m\u00e3e para ela. Mal\u00fa trabalha no que pode para ajudar Candel\u00e1ria. Um dia se mete numa confus\u00e3o, na qual vai parar numa delegacia, onde \u00e9 julgada por seu pr\u00f3prio pai, ambos desconhecendo a rela\u00e7\u00e3o parental. E \u00e9 defendida por Jo\u00e3o Miguel S\u00e3o Rom\u00e3o, um psicanalista.<\/p>\n","protected":false},"excerpt":{"rendered":"<p>Resumo da novela &#8220;Cuidado com o Anjo&#8221; em 23\/06: no cap\u00edtulo 014(*) da novela, Estef\u00e2nia convida Jo\u00e3o Miguel para jantar Mal\u00fa fica arrasada ao saber do relacionamento de Estef\u00e2nia e Jo\u00e3o Miguel. Viviana percebe que Burny a rouba, mas ele amea\u00e7a mat\u00e1-la caso pense em denunci\u00e1-lo. Isabela conta a Mal\u00fa que Estef\u00e2nia e Jo\u00e3o Miguel [&hellip;]<\/p>\n","protected":false},"author":4,"featured_media":220666,"comment_status":"closed","ping_status":"closed","sticky":false,"template":"","format":"standard","meta":{"tdm_status":"","tdm_grid_status":"","footnotes":""},"categories":[2284,379,2025,372,343],"tags":[441],"class_list":{"0":"post-221183","1":"post","2":"type-post","3":"status-publish","4":"format-standard","5":"has-post-thumbnail","7":"category-cuidado-com-o-anjo","8":"category-novelas","9":"category-resumo","10":"category-sbt","11":"category-televisao","12":"tag-resumo-do-dia"},"_links":{"self":[{"href":"https:\/\/migracao.redenoticia.com.br\/noticia\/wp-json\/wp\/v2\/posts\/221183","targetHints":{"allow":["GET"]}}],"collection":[{"href":"https:\/\/migracao.redenoticia.com.br\/noticia\/wp-json\/wp\/v2\/posts"}],"about":[{"href":"https:\/\/migracao.redenoticia.com.br\/noticia\/wp-json\/wp\/v2\/types\/post"}],"author":[{"embeddable":true,"href":"https:\/\/migracao.redenoticia.com.br\/noticia\/wp-json\/wp\/v2\/users\/4"}],"replies":[{"embeddable":true,"href":"https:\/\/migracao.redenoticia.com.br\/noticia\/wp-json\/wp\/v2\/comments?post=221183"}],"version-history":[{"count":0,"href":"https:\/\/migracao.redenoticia.com.br\/noticia\/wp-json\/wp\/v2\/posts\/221183\/revisions"}],"wp:featuredmedia":[{"embeddable":true,"href":"https:\/\/migracao.redenoticia.com.br\/noticia\/wp-json\/wp\/v2\/media\/220666"}],"wp:attachment":[{"href":"https:\/\/migracao.redenoticia.com.br\/noticia\/wp-json\/wp\/v2\/media?parent=221183"}],"wp:term":[{"taxonomy":"category","embeddable":true,"href":"https:\/\/migracao.redenoticia.com.br\/noticia\/wp-json\/wp\/v2\/categories?post=221183"},{"taxonomy":"post_tag","embeddable":true,"href":"https:\/\/migracao.redenoticia.com.br\/noticia\/wp-json\/wp\/v2\/tags?post=221183"}],"curies":[{"name":"wp","href":"https:\/\/api.w.org\/{rel}","templated":true}]}}