{"id":221186,"date":"2022-06-22T17:35:12","date_gmt":"2022-06-22T20:35:12","guid":{"rendered":"https:\/\/www.redenoticia.com.br\/noticia\/?p=221186"},"modified":"2022-06-22T17:35:12","modified_gmt":"2022-06-22T20:35:12","slug":"resumo-amanha-e-para-sempre-23-06-eduardo-descobre-que-fernanda-sabe-a-verdade-sobre-ele","status":"publish","type":"post","link":"https:\/\/migracao.redenoticia.com.br\/noticia\/2022\/resumo-amanha-e-para-sempre-23-06-eduardo-descobre-que-fernanda-sabe-a-verdade-sobre-ele\/221186","title":{"rendered":"Resumo \u201cAmanh\u00e3 \u00e9 para sempre\u201d 23\/06: Eduardo descobre que Fernanda sabe a verdade sobre ele"},"content":{"rendered":"<p><img loading=\"lazy\" decoding=\"async\" class=\"aligncenter size-full wp-image-212995\" src=\"https:\/\/migracao.redenoticia.com.br\/noticia\/imagens\/amanha-e-para-sempre.jpeg\" alt=\"\" width=\"1280\" height=\"720\" srcset=\"https:\/\/migracao.redenoticia.com.br\/noticia\/imagens\/amanha-e-para-sempre.jpeg 1280w, https:\/\/migracao.redenoticia.com.br\/noticia\/imagens\/amanha-e-para-sempre-250x140.jpeg 250w, https:\/\/migracao.redenoticia.com.br\/noticia\/imagens\/amanha-e-para-sempre-400x225.jpeg 400w, https:\/\/migracao.redenoticia.com.br\/noticia\/imagens\/amanha-e-para-sempre-768x432.jpeg 768w, https:\/\/migracao.redenoticia.com.br\/noticia\/imagens\/amanha-e-para-sempre-150x85.jpeg 150w\" sizes=\"auto, (max-width: 1280px) 100vw, 1280px\" \/><\/p>\n<p><strong><em>Resumo da novela \u201cAmanh\u00e3 \u00e9 para sempre\u201d<\/em><\/strong> em 23\/06: no cap\u00edtulo 149(*) da novela, B\u00e1rbara diz a Fernanda que a condi\u00e7\u00e3o de Adriano para entregar Aurora \u00e9 que reatem o casamento. Ela garante a Fernanda que assim que recuperar Aurora, devolver\u00e1 as a\u00e7\u00f5es que Gon\u00e7alo colocou em seu nome e s\u00f3 precisa fazer Adriano acreditar que voltar\u00e1 a ser sua esposa.<\/p>\n<p>Santiago diz a Fernanda que o culpado pela crise do pai \u00e9 Art\u00eamio Bravo, conta que falou com ele no hospital e que afirmou que o pr\u00f3ximo a morrer \u00e9 Franco Santoro. Fernanda pede a &#8220;Franco\u201d que a leve para conversar com Art\u00eamio Bravo e desapare\u00e7a, pois corre perigo, jurado de morte.<\/p>\n<p>B\u00e1rbara diz a Art\u00eamio que Adriano tem que contar para Fernanda onde est\u00e1 Aurora e ele afirma que vai negociar sua liberdade. Camilo diz a Santiago que foi B\u00e1rbara quem preparou tudo para que ele violentasse Aurora. Santiago conta que Rebeca Sanchez, a m\u00e3e de Aurora, e B\u00e1rbara Greco s\u00e3o a mesma pessoa e que foi ela que matou a m\u00e3e deles.<\/p>\n<p>Comovido com as palavras de Fernanda, Adriano diz que vai ordenar que levem Aurora para a fazenda. Por ordem de Art\u00eamio, Adriano \u00e9 brutalmente agredido. Fernanda diz a &#8220;Franco&#8221; que vai denunciar Art\u00eamio e B\u00e1rbara pelo assassinato de sua m\u00e3e. &#8220;Franco&#8221; oferece seu apoio a Fernanda e ela pergunta se vai assinar com Franco Santoro ou Eduardo Juarez. Ele se impacta com a pergunta.<\/p>\n<p>(*) edi\u00e7\u00e3o das novelas do SBT, \u201cAmanh\u00e3 \u00e9 para sempre\u201d, sujeito a altera\u00e7\u00e3o de data e conte\u00fado.<\/p>\n<p>Sinopse \u201cAmanh\u00e3 \u00e9 para sempre\u201d: Fernanda \u00e9 a filha ca\u00e7ula do fazendeiro Gon\u00e7alo Elizalde, dono de uma grande companhia leiteira, e Eduardo \u00e9 filho de Soledade, a governanta da fam\u00edlia Elizalde. As duas crian\u00e7as t\u00eam crescido juntas e unidas por um amor inocente e justo, apesar da diferen\u00e7a de classes sociais.<\/p>\n<p>Gon\u00e7alo vive feliz com sua esposa Montserrat e seus cinco filhos, sem suspeitar que um inimigo implac\u00e1vel acerca aos seus. Art\u00eamio Bravo sente um \u00f3dio intenso e amargo de Gon\u00e7alo, que tem corro\u00eddo sua mente e, sua \u00fanica meta \u00e9 destruir, lenta e dolorosamente, toda a fam\u00edlia Elizalde.<\/p>\n","protected":false},"excerpt":{"rendered":"<p>Resumo da novela \u201cAmanh\u00e3 \u00e9 para sempre\u201d em 23\/06: no cap\u00edtulo 149(*) da novela, B\u00e1rbara diz a Fernanda que a condi\u00e7\u00e3o de Adriano para entregar Aurora \u00e9 que reatem o casamento. Ela garante a Fernanda que assim que recuperar Aurora, devolver\u00e1 as a\u00e7\u00f5es que Gon\u00e7alo colocou em seu nome e s\u00f3 precisa fazer Adriano acreditar [&hellip;]<\/p>\n","protected":false},"author":4,"featured_media":212996,"comment_status":"closed","ping_status":"closed","sticky":false,"template":"","format":"standard","meta":{"tdm_status":"","tdm_grid_status":"","footnotes":""},"categories":[2228,379,2025,372,343],"tags":[441],"class_list":{"0":"post-221186","1":"post","2":"type-post","3":"status-publish","4":"format-standard","5":"has-post-thumbnail","7":"category-amanha-e-para-sempre","8":"category-novelas","9":"category-resumo","10":"category-sbt","11":"category-televisao","12":"tag-resumo-do-dia"},"_links":{"self":[{"href":"https:\/\/migracao.redenoticia.com.br\/noticia\/wp-json\/wp\/v2\/posts\/221186","targetHints":{"allow":["GET"]}}],"collection":[{"href":"https:\/\/migracao.redenoticia.com.br\/noticia\/wp-json\/wp\/v2\/posts"}],"about":[{"href":"https:\/\/migracao.redenoticia.com.br\/noticia\/wp-json\/wp\/v2\/types\/post"}],"author":[{"embeddable":true,"href":"https:\/\/migracao.redenoticia.com.br\/noticia\/wp-json\/wp\/v2\/users\/4"}],"replies":[{"embeddable":true,"href":"https:\/\/migracao.redenoticia.com.br\/noticia\/wp-json\/wp\/v2\/comments?post=221186"}],"version-history":[{"count":0,"href":"https:\/\/migracao.redenoticia.com.br\/noticia\/wp-json\/wp\/v2\/posts\/221186\/revisions"}],"wp:featuredmedia":[{"embeddable":true,"href":"https:\/\/migracao.redenoticia.com.br\/noticia\/wp-json\/wp\/v2\/media\/212996"}],"wp:attachment":[{"href":"https:\/\/migracao.redenoticia.com.br\/noticia\/wp-json\/wp\/v2\/media?parent=221186"}],"wp:term":[{"taxonomy":"category","embeddable":true,"href":"https:\/\/migracao.redenoticia.com.br\/noticia\/wp-json\/wp\/v2\/categories?post=221186"},{"taxonomy":"post_tag","embeddable":true,"href":"https:\/\/migracao.redenoticia.com.br\/noticia\/wp-json\/wp\/v2\/tags?post=221186"}],"curies":[{"name":"wp","href":"https:\/\/api.w.org\/{rel}","templated":true}]}}