{"id":221199,"date":"2022-06-22T17:45:19","date_gmt":"2022-06-22T20:45:19","guid":{"rendered":"https:\/\/www.redenoticia.com.br\/noticia\/?p=221199"},"modified":"2022-06-22T17:45:19","modified_gmt":"2022-06-22T20:45:19","slug":"resumo-cara-e-coragem-23-06-samuel-encontra-regina-a-conversar-com-angelo","status":"publish","type":"post","link":"https:\/\/migracao.redenoticia.com.br\/noticia\/2022\/resumo-cara-e-coragem-23-06-samuel-encontra-regina-a-conversar-com-angelo\/221199","title":{"rendered":"Resumo \u201cCara e Coragem\u201d 23\/06: Samuel encontra Regina a conversar com \u00c2ngelo"},"content":{"rendered":"<p><img loading=\"lazy\" decoding=\"async\" src=\"https:\/\/migracao.redenoticia.com.br\/noticia\/imagens\/cara-e-coragem.jpg\" alt=\"\" width=\"1280\" height=\"720\" class=\"aligncenter size-full wp-image-220184\" srcset=\"https:\/\/migracao.redenoticia.com.br\/noticia\/imagens\/cara-e-coragem.jpg 1280w, https:\/\/migracao.redenoticia.com.br\/noticia\/imagens\/cara-e-coragem-250x140.jpg 250w, https:\/\/migracao.redenoticia.com.br\/noticia\/imagens\/cara-e-coragem-400x225.jpg 400w, https:\/\/migracao.redenoticia.com.br\/noticia\/imagens\/cara-e-coragem-768x432.jpg 768w, https:\/\/migracao.redenoticia.com.br\/noticia\/imagens\/cara-e-coragem-150x84.jpg 150w\" sizes=\"auto, (max-width: 1280px) 100vw, 1280px\" \/><\/p>\n<p><strong><em>Resumo da novela \u201cCara e Coragem\u201d<\/em><\/strong> em 23\/06: no cap\u00edtulo 022(*) da novela, Anita apaga diversas fotos de Clarice com Samuel. Regina manda \u00c2ngelo sumir com Samuel do Rio. Renan muda a ordem das apresenta\u00e7\u00f5es, e Lou fica insegura. \u00c2ngelo avisa a Regina que sua m\u00e3e, Dagmar, n\u00e3o est\u00e1 bem de sa\u00fade. Ela n\u00e3o se importa com a not\u00edcia.<\/p>\n<p>Danilo tenta convencer Vini a colocar Leonardo na presid\u00eancia da SG. Joca se desespera ao saber que Nadir pretende ir \u00e0 apresenta\u00e7\u00e3o de Pat com Lou na companhia de dan\u00e7a. Ol\u00edvia d\u00e1 um ultimato em Joca. A apresenta\u00e7\u00e3o de Lou e Pat no leil\u00e3o \u00e9 um sucesso. Jarbas avisa a \u00cdtalo que Paulo e Marcela est\u00e3o empenhados no caso de Clarice. Moa comunica a Pat que Andr\u00e9a pediu ao diretor uma dubl\u00ea para substitu\u00ed-la. Samuel encontra Regina falando com \u00c2ngelo.<\/p>\n<p>(*) edi\u00e7\u00e3o das novelas da Globo, \u201cCara e Coragem\u201d, sujeito a altera\u00e7\u00e3o de data e conte\u00fado.<\/p>\n<p>Sinopse \u201cCara e Coragem\u201d: Os dubl\u00eas profissionais Pat e Moa ter\u00e3o seus caminhos tra\u00e7ados com o da empres\u00e1ria Clarice Gusm\u00e3o, diretora da Sider\u00fargica Gusm\u00e3o e inventora de uma f\u00f3rmula secreta milion\u00e1ria, que ser\u00e1 invejada por Leonardo, irm\u00e3o de Clarice, sua amante Regina, e Danilo, tamb\u00e9m empres\u00e1rio.<\/p>\n<p>Enquanto os dubl\u00eas se descobrir\u00e3o apaixonados um pelo outro, mesmo que eles n\u00e3o admitam, Clarice ter\u00e1 um caso com \u00cdtalo, um instrutor de parkur, al\u00e9m de outros segredos obscuros dentro da trama. Uma reviravolta em sua vida acontece ao descobrir a exist\u00eancia de Anita, uma s\u00f3sia sua, mas com uma personalidade totalmente oposta.<\/p>\n","protected":false},"excerpt":{"rendered":"<p>Resumo da novela \u201cCara e Coragem\u201d em 23\/06: no cap\u00edtulo 022(*) da novela, Anita apaga diversas fotos de Clarice com Samuel. Regina manda \u00c2ngelo sumir com Samuel do Rio. Renan muda a ordem das apresenta\u00e7\u00f5es, e Lou fica insegura. \u00c2ngelo avisa a Regina que sua m\u00e3e, Dagmar, n\u00e3o est\u00e1 bem de sa\u00fade. Ela n\u00e3o se [&hellip;]<\/p>\n","protected":false},"author":4,"featured_media":220185,"comment_status":"closed","ping_status":"closed","sticky":false,"template":"","format":"standard","meta":{"tdm_status":"","tdm_grid_status":"","footnotes":""},"categories":[2281,379,375,2025,343],"tags":[441],"class_list":{"0":"post-221199","1":"post","2":"type-post","3":"status-publish","4":"format-standard","5":"has-post-thumbnail","7":"category-cara-e-coragem","8":"category-novelas","9":"category-rede-globo","10":"category-resumo","11":"category-televisao","12":"tag-resumo-do-dia"},"_links":{"self":[{"href":"https:\/\/migracao.redenoticia.com.br\/noticia\/wp-json\/wp\/v2\/posts\/221199","targetHints":{"allow":["GET"]}}],"collection":[{"href":"https:\/\/migracao.redenoticia.com.br\/noticia\/wp-json\/wp\/v2\/posts"}],"about":[{"href":"https:\/\/migracao.redenoticia.com.br\/noticia\/wp-json\/wp\/v2\/types\/post"}],"author":[{"embeddable":true,"href":"https:\/\/migracao.redenoticia.com.br\/noticia\/wp-json\/wp\/v2\/users\/4"}],"replies":[{"embeddable":true,"href":"https:\/\/migracao.redenoticia.com.br\/noticia\/wp-json\/wp\/v2\/comments?post=221199"}],"version-history":[{"count":0,"href":"https:\/\/migracao.redenoticia.com.br\/noticia\/wp-json\/wp\/v2\/posts\/221199\/revisions"}],"wp:featuredmedia":[{"embeddable":true,"href":"https:\/\/migracao.redenoticia.com.br\/noticia\/wp-json\/wp\/v2\/media\/220185"}],"wp:attachment":[{"href":"https:\/\/migracao.redenoticia.com.br\/noticia\/wp-json\/wp\/v2\/media?parent=221199"}],"wp:term":[{"taxonomy":"category","embeddable":true,"href":"https:\/\/migracao.redenoticia.com.br\/noticia\/wp-json\/wp\/v2\/categories?post=221199"},{"taxonomy":"post_tag","embeddable":true,"href":"https:\/\/migracao.redenoticia.com.br\/noticia\/wp-json\/wp\/v2\/tags?post=221199"}],"curies":[{"name":"wp","href":"https:\/\/api.w.org\/{rel}","templated":true}]}}