{"id":221233,"date":"2022-06-23T15:44:02","date_gmt":"2022-06-23T18:44:02","guid":{"rendered":"https:\/\/www.redenoticia.com.br\/noticia\/?p=221233"},"modified":"2022-06-23T15:44:02","modified_gmt":"2022-06-23T18:44:02","slug":"resumo-a-favorita-24-06-flora-cai-em-cilada","status":"publish","type":"post","link":"https:\/\/migracao.redenoticia.com.br\/noticia\/2022\/resumo-a-favorita-24-06-flora-cai-em-cilada\/221233","title":{"rendered":"Resumo &#8220;A Favorita&#8221; 24\/06: Flora cai em cilada"},"content":{"rendered":"<p><img loading=\"lazy\" decoding=\"async\" src=\"https:\/\/migracao.redenoticia.com.br\/noticia\/imagens\/afavorita2.jpg\" alt=\"\" width=\"1280\" height=\"720\" class=\"aligncenter size-full wp-image-219854\" srcset=\"https:\/\/migracao.redenoticia.com.br\/noticia\/imagens\/afavorita2.jpg 1280w, https:\/\/migracao.redenoticia.com.br\/noticia\/imagens\/afavorita2-250x140.jpg 250w, https:\/\/migracao.redenoticia.com.br\/noticia\/imagens\/afavorita2-400x225.jpg 400w, https:\/\/migracao.redenoticia.com.br\/noticia\/imagens\/afavorita2-768x432.jpg 768w, https:\/\/migracao.redenoticia.com.br\/noticia\/imagens\/afavorita2-150x84.jpg 150w\" sizes=\"auto, (max-width: 1280px) 100vw, 1280px\" \/><\/p>\n<p><em><strong>Resumo da novela &#8220;A Favorita&#8221;<\/strong><\/em> em 24\/06: no cap\u00edtulo 030(*) da novela, Z\u00e9 Bob diz que ama e acredita em Donatela. Donatela coloca Z\u00e9 Bob para fora de sua casa por que o viu com Flora. Lara se recusa a andar com seguran\u00e7as como deseja Gon\u00e7alo. Gon\u00e7alo contrata Halley como seguran\u00e7a da neta, sem que ela perceba. Gon\u00e7alo recomenda que Halley se matricule na mesma faculdade de Lara e se torne amigo dela. Flora pede que Silveirinha descubra os extratos banc\u00e1rios de Donatela.<\/p>\n<p>Halley se aproxima de Lara no clube. Shiva vai morar com Elias e deixa um bilhete para Augusto. Augusto vai \u00e0 casa de Elias. Shiva diz que s\u00f3 voltar\u00e1 se Ma\u00edra estiver na casa de Augusto. A luz da casa de Rita \u00e9 cortada. Rita pede para voltar a trabalhar com Gurgel. Leonardo assedia C\u00e9u. Catarina v\u00ea a cena e pede explica\u00e7\u00e3o. Catarina pede desculpas a Cida.<\/p>\n<p>Edivaldo tenta levar C\u00e9u embora da casa de Dami\u00e3o, mas ela recusa. Silveirinha conta para Flora que Donatela tem uma grande quantia em euros em uma conta na Su\u00ed\u00e7a. Silveirinha avisa a Flora que Donatela foi \u00e0 casa de Z\u00e9 Bob. Flora finge estar saindo do apartamento de Z\u00e9 Bob quando Donatela chega. As duas discutem e Donatela vai embora. Silveirinha diz que Donatela tem que jogar pesado contra Flora. Halley avisa a Gon\u00e7alo que Lara est\u00e1 num bar com Flora.<\/p>\n<p>Flora mostra a Lara o extrato banc\u00e1rio de Donatela. Flora \u00e9 agredida verbalmente por Tony, que a chama de ladra. Lara sai para pedir socorro. Tony simula que Flora o atacou, fazendo um corte no pr\u00f3prio superc\u00edlio. Lara e Halley entram no bar. Tony, ca\u00eddo no ch\u00e3o, diz que Flora tentou mat\u00e1-lo.<\/p>\n<p>(*) edi\u00e7\u00e3o das novelas da Globo, &#8220;A Favorita&#8221;, sujeito a altera\u00e7\u00e3o de data e conte\u00fado.<\/p>\n<p>Sinopse &#8220;A Favorita&#8221;: Donatela perdeu seus pais num acidente de carro e foi adotada pela fam\u00edlia de Flora, assim, as duas cresceram como irm\u00e3s. Elas sempre tiveram talento para o canto e chegaram a formar uma dupla sertaneja: Fa\u00edsca e Espoleta. As cantoras fizeram sucesso, mas sua carreira foi interrompida depois que conheceram os amigos Marcelo e Dodi. Donatela casou-se com Marcelo e Flora com Dodi, mas o casamento da primeira foi conturbado. O primeiro filho do casal desapareceu com seis meses de idade, e al\u00e9m disso, Flora teve um caso com o marido da melhor amiga, j\u00e1 separada de Dodi e dessa rela\u00e7\u00e3o nasceu Lara, o que a distanciou ainda mais de sua irm\u00e3 de cria\u00e7\u00e3o.<\/p>\n<p>No pior momento de disc\u00f3rdia entre as duas, Marcelo \u00e9 assassinado, e a culpa recai sobre Flora, que foi pega com a arma do crime, sendo sentenciada a dezoito anos de reclus\u00e3o, separando-se assim de sua filha, que \u00e9 adotada e criada por Donatela. Ao sair da pris\u00e3o, Flora quer provar sua inoc\u00eancia, com a ideia de que a verdadeira culpada foi sua ex-amiga. Donatela, por sua vez, faz de tudo para que Lara n\u00e3o se aproxime de sua m\u00e3e biol\u00f3gica, e a menina se torna o alvo da disputa entre as duas.<\/p>\n","protected":false},"excerpt":{"rendered":"<p>Resumo da novela &#8220;A Favorita&#8221; em 24\/06: no cap\u00edtulo 030(*) da novela, Z\u00e9 Bob diz que ama e acredita em Donatela. Donatela coloca Z\u00e9 Bob para fora de sua casa por que o viu com Flora. Lara se recusa a andar com seguran\u00e7as como deseja Gon\u00e7alo. Gon\u00e7alo contrata Halley como seguran\u00e7a da neta, sem que [&hellip;]<\/p>\n","protected":false},"author":4,"featured_media":219850,"comment_status":"closed","ping_status":"closed","sticky":false,"template":"","format":"standard","meta":{"tdm_status":"","tdm_grid_status":"","footnotes":""},"categories":[2278,379,375,2025,343],"tags":[441],"class_list":{"0":"post-221233","1":"post","2":"type-post","3":"status-publish","4":"format-standard","5":"has-post-thumbnail","7":"category-a-favorita","8":"category-novelas","9":"category-rede-globo","10":"category-resumo","11":"category-televisao","12":"tag-resumo-do-dia"},"_links":{"self":[{"href":"https:\/\/migracao.redenoticia.com.br\/noticia\/wp-json\/wp\/v2\/posts\/221233","targetHints":{"allow":["GET"]}}],"collection":[{"href":"https:\/\/migracao.redenoticia.com.br\/noticia\/wp-json\/wp\/v2\/posts"}],"about":[{"href":"https:\/\/migracao.redenoticia.com.br\/noticia\/wp-json\/wp\/v2\/types\/post"}],"author":[{"embeddable":true,"href":"https:\/\/migracao.redenoticia.com.br\/noticia\/wp-json\/wp\/v2\/users\/4"}],"replies":[{"embeddable":true,"href":"https:\/\/migracao.redenoticia.com.br\/noticia\/wp-json\/wp\/v2\/comments?post=221233"}],"version-history":[{"count":0,"href":"https:\/\/migracao.redenoticia.com.br\/noticia\/wp-json\/wp\/v2\/posts\/221233\/revisions"}],"wp:featuredmedia":[{"embeddable":true,"href":"https:\/\/migracao.redenoticia.com.br\/noticia\/wp-json\/wp\/v2\/media\/219850"}],"wp:attachment":[{"href":"https:\/\/migracao.redenoticia.com.br\/noticia\/wp-json\/wp\/v2\/media?parent=221233"}],"wp:term":[{"taxonomy":"category","embeddable":true,"href":"https:\/\/migracao.redenoticia.com.br\/noticia\/wp-json\/wp\/v2\/categories?post=221233"},{"taxonomy":"post_tag","embeddable":true,"href":"https:\/\/migracao.redenoticia.com.br\/noticia\/wp-json\/wp\/v2\/tags?post=221233"}],"curies":[{"name":"wp","href":"https:\/\/api.w.org\/{rel}","templated":true}]}}