{"id":22126,"date":"2010-01-20T20:35:20","date_gmt":"2010-01-21T00:35:20","guid":{"rendered":"http:\/\/www.redenoticia.com.br\/noticia\/?p=22126"},"modified":"2010-01-20T20:35:20","modified_gmt":"2010-01-21T00:35:20","slug":"rede-record-%e2%80%93-leozinho-estreia-na-roca-de-a-fazenda","status":"publish","type":"post","link":"https:\/\/migracao.redenoticia.com.br\/noticia\/2010\/rede-record-%e2%80%93-leozinho-estreia-na-roca-de-a-fazenda\/22126","title":{"rendered":"Rede Record \u2013 Leozinho estr\u00e9ia na ro\u00e7a de A Fazenda"},"content":{"rendered":"<p><strong><em><span style=\"font-style: normal; font-weight: normal;\"><img loading=\"lazy\" decoding=\"async\" class=\"alignleft size-full wp-image-17419\" title=\"a fazenda\" src=\"https:\/\/migracao.redenoticia.com.br\/noticia\/imagens\/a-fazenda.jpg\" alt=\"\" width=\"300\" height=\"193\" srcset=\"https:\/\/migracao.redenoticia.com.br\/noticia\/imagens\/a-fazenda.jpg 300w, https:\/\/migracao.redenoticia.com.br\/noticia\/imagens\/a-fazenda-250x160.jpg 250w, https:\/\/migracao.redenoticia.com.br\/noticia\/imagens\/a-fazenda-150x96.jpg 150w\" sizes=\"auto, (max-width: 300px) 100vw, 300px\" \/><\/span>Rede Record<\/em><\/strong> \u2013 na noite desta quarta-feira (20\/01) teve mais uma vota\u00e7\u00e3o e forma\u00e7\u00e3o de ro\u00e7a no programa <strong><em>A Fazenda<\/em><\/strong>. Karina Bachi j\u00e1 estava na ro\u00e7a por ter perdido o desafio semanal, composto por duas provas de equil\u00edbrio. Por estar na ro\u00e7a Karina come\u00e7ou a vota\u00e7\u00e3o e indicou Leozinho, por ele ter votado nela na \u00faltima semana, quando era fazendeiro. Andr\u00e9 votou em Mateus, porque a outra op\u00e7\u00e3o seria Leozinho, que nunca votou nele antes, no programa A Fazenda da Rede Record. Mas Leozinho votou em Andr\u00e9, porque ele j\u00e1 havia combinado voto com Mateus. E Mateus tamb\u00e9m votou em Andr\u00e9, pela combina\u00e7\u00e3o com Leozinho.<\/p>\n<p>O \u00faltimo voto foi do Fazendeiro Igor, que indicou Leozinho por ele ainda n\u00e3o ter ido parar na ro\u00e7a. Ap\u00f3s a vota\u00e7\u00e3o, Andr\u00e9, Karina e Leozinho tiveram um minuto cada para pedir ao p\u00fablico da Rede Record mais um tempo em A Fazenda. Karina disse que est\u00e1 alegre por chegar at\u00e9 esta fase do jogo e deseja ser merecedora da confian\u00e7a do p\u00fablico. Andr\u00e9 disse que adora os animais e confia no Brasil e no p\u00fablico da Rede Record. Leozinho explicou que at\u00e9 o momento foi verdadeiro e quer ganhar o pr\u00eamio de um milh\u00e3o de reais.<\/p>\n<p>Na noite do pr\u00f3ximo domingo a Rede Record vai mostrar mais uma elimina\u00e7\u00e3o \u00a0\u00a0 ao vivo. Apenas quatro pe\u00f5es ficar\u00e3o para disputar o pr\u00eamio de A Fazenda.<\/p>\n<p>Rede Record \u2013 A Fazenda<\/p>\n","protected":false},"excerpt":{"rendered":"<p>Rede Record \u2013 na noite desta quarta-feira (20\/01) teve mais uma vota\u00e7\u00e3o e forma\u00e7\u00e3o de ro\u00e7a no programa A Fazenda. Karina Bachi j\u00e1 estava na ro\u00e7a por ter perdido o desafio semanal, composto por duas provas de equil\u00edbrio. Por estar na ro\u00e7a Karina come\u00e7ou a vota\u00e7\u00e3o e indicou Leozinho, por ele ter votado nela na [&hellip;]<\/p>\n","protected":false},"author":3,"featured_media":17419,"comment_status":"open","ping_status":"open","sticky":false,"template":"","format":"standard","meta":{"tdm_status":"","tdm_grid_status":"","footnotes":""},"categories":[22,371,343],"tags":[],"class_list":{"0":"post-22126","1":"post","2":"type-post","3":"status-publish","4":"format-standard","5":"has-post-thumbnail","7":"category-brasil","8":"category-rede-record","9":"category-televisao"},"_links":{"self":[{"href":"https:\/\/migracao.redenoticia.com.br\/noticia\/wp-json\/wp\/v2\/posts\/22126","targetHints":{"allow":["GET"]}}],"collection":[{"href":"https:\/\/migracao.redenoticia.com.br\/noticia\/wp-json\/wp\/v2\/posts"}],"about":[{"href":"https:\/\/migracao.redenoticia.com.br\/noticia\/wp-json\/wp\/v2\/types\/post"}],"author":[{"embeddable":true,"href":"https:\/\/migracao.redenoticia.com.br\/noticia\/wp-json\/wp\/v2\/users\/3"}],"replies":[{"embeddable":true,"href":"https:\/\/migracao.redenoticia.com.br\/noticia\/wp-json\/wp\/v2\/comments?post=22126"}],"version-history":[{"count":0,"href":"https:\/\/migracao.redenoticia.com.br\/noticia\/wp-json\/wp\/v2\/posts\/22126\/revisions"}],"wp:featuredmedia":[{"embeddable":true,"href":"https:\/\/migracao.redenoticia.com.br\/noticia\/wp-json\/wp\/v2\/media\/17419"}],"wp:attachment":[{"href":"https:\/\/migracao.redenoticia.com.br\/noticia\/wp-json\/wp\/v2\/media?parent=22126"}],"wp:term":[{"taxonomy":"category","embeddable":true,"href":"https:\/\/migracao.redenoticia.com.br\/noticia\/wp-json\/wp\/v2\/categories?post=22126"},{"taxonomy":"post_tag","embeddable":true,"href":"https:\/\/migracao.redenoticia.com.br\/noticia\/wp-json\/wp\/v2\/tags?post=22126"}],"curies":[{"name":"wp","href":"https:\/\/api.w.org\/{rel}","templated":true}]}}