{"id":22131,"date":"2010-01-21T12:47:08","date_gmt":"2010-01-21T16:47:08","guid":{"rendered":"http:\/\/www.redenoticia.com.br\/noticia\/?p=22131"},"modified":"2018-08-13T10:51:47","modified_gmt":"2018-08-13T13:51:47","slug":"bbb-10-serginho-capricha-na-maquiagem","status":"publish","type":"post","link":"https:\/\/migracao.redenoticia.com.br\/noticia\/2010\/bbb-10-serginho-capricha-na-maquiagem\/22131","title":{"rendered":"BBB 10 \u2013 Serginho capricha na Maquiagem"},"content":{"rendered":"<p><strong><em><span style=\"font-style: normal; font-weight: normal;\"><img loading=\"lazy\" decoding=\"async\" class=\"alignleft size-full wp-image-11563\" title=\"bbb\" src=\"https:\/\/migracao.redenoticia.com.br\/noticia\/imagens\/bbb1.jpg\" alt=\"\" width=\"400\" height=\"300\" srcset=\"https:\/\/migracao.redenoticia.com.br\/noticia\/imagens\/bbb1.jpg 400w, https:\/\/migracao.redenoticia.com.br\/noticia\/imagens\/bbb1-250x187.jpg 250w, https:\/\/migracao.redenoticia.com.br\/noticia\/imagens\/bbb1-150x113.jpg 150w, https:\/\/migracao.redenoticia.com.br\/noticia\/imagens\/bbb1-265x198.jpg 265w, https:\/\/migracao.redenoticia.com.br\/noticia\/imagens\/bbb1-149x112.jpg 149w, https:\/\/migracao.redenoticia.com.br\/noticia\/imagens\/bbb1-249x187.jpg 249w\" sizes=\"auto, (max-width: 400px) 100vw, 400px\" \/><\/span>BBB 10<\/em><\/strong> \u2013 na noite desta quarta-feira (20\/01) o estudante e competidor do BBB 10 Serginho caprichou na maquiagem, ao se preparar para a festa produzida pela Rede Globo. Ap\u00f3s a escolha da roupa, Serginho optou por uma maquiagem sofisticada. Ap\u00f3s a produ\u00e7\u00e3o de Serginho estar finalizada, a Rede Globo disponibilizou um novo figurino para cada competidor. Serginho refez toda a maquiagem, mesmo sem a sombra prateada que, segundo ele, combinaria melhor com os novos acess\u00f3rios.<\/p>\n<p>O programa BBB10 &#8211; o BBB 10 vai ao ar do dia 12 de janeiro at\u00e9 o dia 31 de mar\u00e7o, com uma final que garante ao vencedor da competi\u00e7\u00e3o o pr\u00eamio in\u00e9dito de R$ 1,5 milh\u00e3o.<\/p>\n<p>BBB 10 &#8211; Para festejar a d\u00e9cima edi\u00e7\u00e3o do BBB, o pr\u00eamio para os tr\u00eas finalistas est\u00e1 maior. O vencedor da disputa levar\u00e1 para casa R$ 1,5 milh\u00e3o, livre de impostos. O segundo colocado leva R$ 150 mil e o terceiro, R$ 50 mil. De 2005 at\u00e9 o ano passado, os pr\u00eamios eram, respectivamente, de R$ 1 milh\u00e3o, R$ 100 mil e R$ 30 mil. Mas n\u00e3o s\u00f3 os finalistas ganham no BBB. Durante os quase tr\u00eas meses de confinamento, os participantes realizam provas com pr\u00eamios diversos. Nas edi\u00e7\u00f5es passadas, os sortudos ganharam carros, computadores, eletrodom\u00e9sticos e passeios, entre outras maravilhas.<\/p>\n<p>Fonte BBB 10 \u2013 Rede Globo<\/p>\n","protected":false},"excerpt":{"rendered":"<p>BBB 10 \u2013 na noite desta quarta-feira (20\/01) o estudante e competidor do BBB 10 Serginho caprichou na maquiagem, ao se preparar para a festa produzida pela Rede Globo. Ap\u00f3s a escolha da roupa, Serginho optou por uma maquiagem sofisticada. Ap\u00f3s a produ\u00e7\u00e3o de Serginho estar finalizada, a Rede Globo disponibilizou um novo figurino para [&hellip;]<\/p>\n","protected":false},"author":3,"featured_media":0,"comment_status":"open","ping_status":"open","sticky":false,"template":"","format":"standard","meta":{"tdm_status":"","tdm_grid_status":"","footnotes":""},"categories":[520,22,375,343],"tags":[],"class_list":{"0":"post-22131","1":"post","2":"type-post","3":"status-publish","4":"format-standard","6":"category-big-brother-brasil","7":"category-brasil","8":"category-rede-globo","9":"category-televisao"},"_links":{"self":[{"href":"https:\/\/migracao.redenoticia.com.br\/noticia\/wp-json\/wp\/v2\/posts\/22131","targetHints":{"allow":["GET"]}}],"collection":[{"href":"https:\/\/migracao.redenoticia.com.br\/noticia\/wp-json\/wp\/v2\/posts"}],"about":[{"href":"https:\/\/migracao.redenoticia.com.br\/noticia\/wp-json\/wp\/v2\/types\/post"}],"author":[{"embeddable":true,"href":"https:\/\/migracao.redenoticia.com.br\/noticia\/wp-json\/wp\/v2\/users\/3"}],"replies":[{"embeddable":true,"href":"https:\/\/migracao.redenoticia.com.br\/noticia\/wp-json\/wp\/v2\/comments?post=22131"}],"version-history":[{"count":0,"href":"https:\/\/migracao.redenoticia.com.br\/noticia\/wp-json\/wp\/v2\/posts\/22131\/revisions"}],"wp:attachment":[{"href":"https:\/\/migracao.redenoticia.com.br\/noticia\/wp-json\/wp\/v2\/media?parent=22131"}],"wp:term":[{"taxonomy":"category","embeddable":true,"href":"https:\/\/migracao.redenoticia.com.br\/noticia\/wp-json\/wp\/v2\/categories?post=22131"},{"taxonomy":"post_tag","embeddable":true,"href":"https:\/\/migracao.redenoticia.com.br\/noticia\/wp-json\/wp\/v2\/tags?post=22131"}],"curies":[{"name":"wp","href":"https:\/\/api.w.org\/{rel}","templated":true}]}}