{"id":22133,"date":"2010-01-21T13:00:00","date_gmt":"2010-01-21T17:00:00","guid":{"rendered":"http:\/\/www.redenoticia.com.br\/noticia\/?p=22133"},"modified":"2018-08-13T10:51:47","modified_gmt":"2018-08-13T13:51:47","slug":"bbb-10-dicesar-depila-sobrancelha-com-lamina","status":"publish","type":"post","link":"https:\/\/migracao.redenoticia.com.br\/noticia\/2010\/bbb-10-dicesar-depila-sobrancelha-com-lamina\/22133","title":{"rendered":"BBB 10 \u2013 Dicesar depila sobrancelha com lamina"},"content":{"rendered":"<p><strong><em><span style=\"font-style: normal; font-weight: normal;\"><img loading=\"lazy\" decoding=\"async\" class=\"alignleft size-full wp-image-22134\" title=\"BBB 10 Rede Globo\" src=\"https:\/\/migracao.redenoticia.com.br\/noticia\/imagens\/BBB-10-Rede-Globo.jpg\" alt=\"\" width=\"300\" height=\"193\" srcset=\"https:\/\/migracao.redenoticia.com.br\/noticia\/imagens\/BBB-10-Rede-Globo.jpg 300w, https:\/\/migracao.redenoticia.com.br\/noticia\/imagens\/BBB-10-Rede-Globo-250x161.jpg 250w, https:\/\/migracao.redenoticia.com.br\/noticia\/imagens\/BBB-10-Rede-Globo-150x97.jpg 150w\" sizes=\"auto, (max-width: 300px) 100vw, 300px\" \/><\/span>BBB 10<\/em><\/strong> \u2013 as competidoras do BBB 10 est\u00e3o com muita dificuldade para manter a sobrancelha porque a Rede Globo n\u00e3o liberou, at\u00e9 ontem, a entrada de pin\u00e7as. O maquiador e competidor Dicesar, para amenizar o problema, improvisou a depila\u00e7\u00e3o com o uso de l\u00e2minas de barbear. Ele auxiliou as competidoras mas quando foi fazer nele mesmo, a lamina escorregou e cortou al\u00e9m do necess\u00e1rio. Dicesar completou a falha na sua sobrancelha com l\u00e1pis.<\/p>\n<p>Regras do BBB 10 &#8211; os dezessete participantes do programa BBB 10\u2013 pela primeira vez mais mulheres do que homens \u2013 devem conviver diariamente uns com os outros em um ambiente fechado, que nesta edi\u00e7\u00e3o \u00e9 composto por duas casas. Vigiados por c\u00e2meras 24 horas por dia, eles ficam confinados e proibidos de fazer liga\u00e7\u00f5es telef\u00f4nicas, enviar e receber correspond\u00eancias (por carta ou e-mail), assistir televis\u00e3o, ouvir r\u00e1dio ou ler jornais e revistas.<\/p>\n<p>A exce\u00e7\u00e3o \u00e0 regra de nenhum contato com o mundo externo fica por conta das conversas que os participantes t\u00eam com o apresentador do BBB 10 Pedro Bial, por meio de uma televis\u00e3o instalada na sala da casa, e de visitas que eles podem receber de convidados especiais, como cantores, atores e apresentadores da Rede Globo. Durante todo o confinamento BBB 10, os participantes s\u00e3o respons\u00e1veis por preparar suas pr\u00f3prias refei\u00e7\u00f5es, lavar a lou\u00e7a e as roupas.<\/p>\n<p>Fonte BBB 10 \u2013 Rede Globo<\/p>\n","protected":false},"excerpt":{"rendered":"<p>BBB 10 \u2013 as competidoras do BBB 10 est\u00e3o com muita dificuldade para manter a sobrancelha porque a Rede Globo n\u00e3o liberou, at\u00e9 ontem, a entrada de pin\u00e7as. O maquiador e competidor Dicesar, para amenizar o problema, improvisou a depila\u00e7\u00e3o com o uso de l\u00e2minas de barbear. Ele auxiliou as competidoras mas quando foi fazer [&hellip;]<\/p>\n","protected":false},"author":3,"featured_media":22134,"comment_status":"open","ping_status":"open","sticky":false,"template":"","format":"standard","meta":{"tdm_status":"","tdm_grid_status":"","footnotes":""},"categories":[520,22,375,343],"tags":[],"class_list":{"0":"post-22133","1":"post","2":"type-post","3":"status-publish","4":"format-standard","5":"has-post-thumbnail","7":"category-big-brother-brasil","8":"category-brasil","9":"category-rede-globo","10":"category-televisao"},"_links":{"self":[{"href":"https:\/\/migracao.redenoticia.com.br\/noticia\/wp-json\/wp\/v2\/posts\/22133","targetHints":{"allow":["GET"]}}],"collection":[{"href":"https:\/\/migracao.redenoticia.com.br\/noticia\/wp-json\/wp\/v2\/posts"}],"about":[{"href":"https:\/\/migracao.redenoticia.com.br\/noticia\/wp-json\/wp\/v2\/types\/post"}],"author":[{"embeddable":true,"href":"https:\/\/migracao.redenoticia.com.br\/noticia\/wp-json\/wp\/v2\/users\/3"}],"replies":[{"embeddable":true,"href":"https:\/\/migracao.redenoticia.com.br\/noticia\/wp-json\/wp\/v2\/comments?post=22133"}],"version-history":[{"count":0,"href":"https:\/\/migracao.redenoticia.com.br\/noticia\/wp-json\/wp\/v2\/posts\/22133\/revisions"}],"wp:featuredmedia":[{"embeddable":true,"href":"https:\/\/migracao.redenoticia.com.br\/noticia\/wp-json\/wp\/v2\/media\/22134"}],"wp:attachment":[{"href":"https:\/\/migracao.redenoticia.com.br\/noticia\/wp-json\/wp\/v2\/media?parent=22133"}],"wp:term":[{"taxonomy":"category","embeddable":true,"href":"https:\/\/migracao.redenoticia.com.br\/noticia\/wp-json\/wp\/v2\/categories?post=22133"},{"taxonomy":"post_tag","embeddable":true,"href":"https:\/\/migracao.redenoticia.com.br\/noticia\/wp-json\/wp\/v2\/tags?post=22133"}],"curies":[{"name":"wp","href":"https:\/\/api.w.org\/{rel}","templated":true}]}}