{"id":22136,"date":"2010-01-21T13:02:37","date_gmt":"2010-01-21T17:02:37","guid":{"rendered":"http:\/\/www.redenoticia.com.br\/noticia\/?p=22136"},"modified":"2018-08-13T10:51:46","modified_gmt":"2018-08-13T13:51:46","slug":"bbb-10-dicesar-repreende-dourado","status":"publish","type":"post","link":"https:\/\/migracao.redenoticia.com.br\/noticia\/2010\/bbb-10-dicesar-repreende-dourado\/22136","title":{"rendered":"BBB 10 \u2013 Dicesar repreende Dourado"},"content":{"rendered":"<p><strong><em><span style=\"font-style: normal; font-weight: normal;\"><img loading=\"lazy\" decoding=\"async\" class=\"alignleft size-full wp-image-22137\" title=\"BBB 10\" src=\"https:\/\/migracao.redenoticia.com.br\/noticia\/imagens\/BBB-10.jpg\" alt=\"\" width=\"300\" height=\"193\" srcset=\"https:\/\/migracao.redenoticia.com.br\/noticia\/imagens\/BBB-10.jpg 300w, https:\/\/migracao.redenoticia.com.br\/noticia\/imagens\/BBB-10-250x161.jpg 250w, https:\/\/migracao.redenoticia.com.br\/noticia\/imagens\/BBB-10-150x97.jpg 150w\" sizes=\"auto, (max-width: 300px) 100vw, 300px\" \/><\/span>BBB 10<\/em><\/strong> \u2013 na manh\u00e3 da quarta-feira (20\/01), Dicesar chamou Dourado para conversar e o repreendeu sobre os arrotos dentro da casa BBB 10, at\u00e9 na hora das refei\u00e7\u00f5es e na frente de todas as competidoras, al\u00e9m de outros h\u00e1bitos do ex BBB. Dourado compreendeu os argumentos de Dicesar e se comprometeu a melhorar. Para aproveitar a conversa, Dourado pediu para Dicesar alertar que os competidores que evitassem conversas sobre assuntos \u00edntimos, que o deixaram constrangido. Dicesar falou com Serginho sobre o pedido e Serginho respondeu que n\u00e3o vai mudar seus h\u00e1bitos e brincadeiras. Depois da conversa, Dourado fez p\u00e3o s\u00edrio para agradar os moradores da casa.<\/p>\n<p>As tribos BBB 10 &#8211; a Tribo dos Belos do BBB 10, formada pela dentista Fernanda, pelo engenheiro agr\u00f4nomo Eli\u00e9ser e o professor de dan\u00e7a Uilliam, ganhou o refor\u00e7o de Joseane (primeira eliminada), madrinha que entrou no jogo logo ap\u00f3s a vit\u00f3ria dos Belos na Prova do L\u00edder.<\/p>\n<p>Alex, Tess\u00e1lia e Elenita s\u00e3o &#8216;os Cabe\u00e7as&#8217; do BBB 10 &#8211; A Tribo dos Cabe\u00e7as re\u00fane a publicit\u00e1ria Tess\u00e1lia, o advogado Alex e a doutora em lingu\u00edstica Elenita. Juntos ou separados, est\u00e3o sempre dispostos a um papo-cabe\u00e7a dentro da\u00a0Casa.<\/p>\n<p>Ang\u00e9lica, Dicesar e S\u00e9rgio: trio colorido no BBB 10 &#8211; A Tribo dos Coloridos \u00e9 formada pelo estudante S\u00e9rgio, o maquiador Dicesar e a jornalista Ang\u00e9lica.\u00a0Homossexuais assumidos, defendem com intelig\u00eancia e alto astral\u00a0suas convic\u00e7\u00f5es.<\/p>\n<p>Ana Marcela, Anamara e Michel &#8211; A Tribo dos Ligados no BBB 10 \u00e9 formada pela policial militar Anamara, pelo publicit\u00e1rio Michel e a estudante Ana Marcela. Sempre alertas e comunicativos, os brothers se mant\u00eam antenados com os acontecimentos da casa.<\/p>\n<p>Carlos, Cl\u00e1udia, Eliane e Dourado &#8211; A Tribo dos Sarados BBB 10 \u00e9 composta pela dan\u00e7arina Eliane, pelo professor de Educa\u00e7\u00e3o F\u00edsica Carlos e a organizadora de eventos Cl\u00e1udia. O ex-BBB Dourado passa a integrar o grupo quando a l\u00edder Joseane o convoca para voltar ao programa.<\/p>\n<p>Fonte BBB 10 \u2013 Rede Globo<\/p>\n","protected":false},"excerpt":{"rendered":"<p>BBB 10 \u2013 na manh\u00e3 da quarta-feira (20\/01), Dicesar chamou Dourado para conversar e o repreendeu sobre os arrotos dentro da casa BBB 10, at\u00e9 na hora das refei\u00e7\u00f5es e na frente de todas as competidoras, al\u00e9m de outros h\u00e1bitos do ex BBB. Dourado compreendeu os argumentos de Dicesar e se comprometeu a melhorar. Para [&hellip;]<\/p>\n","protected":false},"author":3,"featured_media":22137,"comment_status":"open","ping_status":"open","sticky":false,"template":"","format":"standard","meta":{"tdm_status":"","tdm_grid_status":"","footnotes":""},"categories":[520,22,375,343],"tags":[],"class_list":{"0":"post-22136","1":"post","2":"type-post","3":"status-publish","4":"format-standard","5":"has-post-thumbnail","7":"category-big-brother-brasil","8":"category-brasil","9":"category-rede-globo","10":"category-televisao"},"_links":{"self":[{"href":"https:\/\/migracao.redenoticia.com.br\/noticia\/wp-json\/wp\/v2\/posts\/22136","targetHints":{"allow":["GET"]}}],"collection":[{"href":"https:\/\/migracao.redenoticia.com.br\/noticia\/wp-json\/wp\/v2\/posts"}],"about":[{"href":"https:\/\/migracao.redenoticia.com.br\/noticia\/wp-json\/wp\/v2\/types\/post"}],"author":[{"embeddable":true,"href":"https:\/\/migracao.redenoticia.com.br\/noticia\/wp-json\/wp\/v2\/users\/3"}],"replies":[{"embeddable":true,"href":"https:\/\/migracao.redenoticia.com.br\/noticia\/wp-json\/wp\/v2\/comments?post=22136"}],"version-history":[{"count":0,"href":"https:\/\/migracao.redenoticia.com.br\/noticia\/wp-json\/wp\/v2\/posts\/22136\/revisions"}],"wp:featuredmedia":[{"embeddable":true,"href":"https:\/\/migracao.redenoticia.com.br\/noticia\/wp-json\/wp\/v2\/media\/22137"}],"wp:attachment":[{"href":"https:\/\/migracao.redenoticia.com.br\/noticia\/wp-json\/wp\/v2\/media?parent=22136"}],"wp:term":[{"taxonomy":"category","embeddable":true,"href":"https:\/\/migracao.redenoticia.com.br\/noticia\/wp-json\/wp\/v2\/categories?post=22136"},{"taxonomy":"post_tag","embeddable":true,"href":"https:\/\/migracao.redenoticia.com.br\/noticia\/wp-json\/wp\/v2\/tags?post=22136"}],"curies":[{"name":"wp","href":"https:\/\/api.w.org\/{rel}","templated":true}]}}