{"id":22148,"date":"2010-01-21T15:36:33","date_gmt":"2010-01-21T19:36:33","guid":{"rendered":"http:\/\/www.redenoticia.com.br\/noticia\/?p=22148"},"modified":"2010-01-21T15:36:33","modified_gmt":"2010-01-21T19:36:33","slug":"concurso-embasa-reabre-inscricoes-para-analista-de-saneamento","status":"publish","type":"post","link":"https:\/\/migracao.redenoticia.com.br\/noticia\/2010\/concurso-embasa-reabre-inscricoes-para-analista-de-saneamento\/22148","title":{"rendered":"Concurso &#8211; Embasa reabre inscri\u00e7\u00f5es para Analista de Saneamento"},"content":{"rendered":"<p><strong><em>Concurso Embasa<\/em><\/strong> &#8211; A Empresa Baiana de \u00c1gua e Saneamento S.A (Embasa) reabriu as inscri\u00e7\u00f5es para os interessados em participar do concurso p\u00fablico para o cargo de Analista de Saneamento, na fun\u00e7\u00e3o Analista de Controle de Qualidade de \u00c1gua e Efluentes. S\u00e3o oferecidas 19 vagas para esse cargo, sendo uma reservada a portador de defici\u00eancia f\u00edsica. O prazo de inscri\u00e7\u00f5es apenas para essa fun\u00e7\u00e3o \u00e9 de 20 de janeiro a 14 de fevereiro no endere\u00e7o <a href=\"http:\/\/www.cespe.unb.br\/concursos\/embasa2009\" target=\"_blank\">www.cespe.unb.br\/concursos\/embasa2009<\/a>, com taxa de R$ 90,00.\u00a0<\/p>\n<p>A reabertura das inscri\u00e7\u00f5es se deve \u00e0s mudan\u00e7as nos requisitos para concorrer ao posto. Os candidatos devem ter forma\u00e7\u00e3o superior em Ci\u00eancias Biol\u00f3gicas ou em Biomedicina, com habilita\u00e7\u00e3o envolvendo an\u00e1lise de \u00e1guas e esgotamento. A remunera\u00e7\u00e3o inicial oferecida \u00e9 de R$ 4.091,60.<\/p>\n<p>A data da realiza\u00e7\u00e3o das provas objetivas para Analista de Saneamento &#8211; fun\u00e7\u00e3o Analista de Controle de Qualidade de \u00c1gua e Efluentes tamb\u00e9m mudou. A nova data prov\u00e1vel \u00e9 no dia 21 de mar\u00e7o de 2010.<\/p>\n<p>Ao todo, a Embasa abriu 2.270 vagas para diversos cargos de n\u00edvel m\u00e9dio e superior. Os postos est\u00e3o distribu\u00eddos em diversos munic\u00edpios baianos, al\u00e9m da capital Salvador. As remunera\u00e7\u00f5es oferecidas est\u00e3o entre R$ 883,10 a R$ 4.091,60, de acordo com a fun\u00e7\u00e3o desempenhada e n\u00edvel de forma\u00e7\u00e3o.<\/p>\n<p>SERVI\u00c7O<br \/>\nConcurso: Empresa Baiana de \u00c1guas e Saneamento (Embasa)<br \/>\nCargo: Analista de Saneamento, fun\u00e7\u00e3o Analista de Controle de Qualidade de \u00c1gua e Efluentes<\/p>\n<p>Vagas: 19 vagas, sendo uma para portador de defici\u00eancia f\u00edsica<br \/>\nInscri\u00e7\u00f5es: de 20 de janeiro a 14 de fevereiro<br \/>\nRemunera\u00e7\u00e3o: R$ 4.091,60<br \/>\nTaxa de inscri\u00e7\u00e3o: R$ 90,00<br \/>\nData da prova objetiva: 21 de mar\u00e7o de 2010<\/p>\n<p>CONTATO<br \/>\nOutras informa\u00e7\u00f5es no site www.cespe.unb.br\/concursos\/embasa2009 ou na Central de Atendimento do Cespe\/UnB, de segunda a sexta, das 8h \u00e0s 19h &#8211; Campus Universit\u00e1rio Darcy Ribeiro, Sede do Cespe\/UnB &#8211; pelo telefone (61) 3448 0100.<\/p>\n<p>Assessoria T\u00e9cnica de Comunica\u00e7\u00e3o do Cespe\/UnB: (61) 2109-5921<\/p>\n","protected":false},"excerpt":{"rendered":"<p>Concurso Embasa &#8211; A Empresa Baiana de \u00c1gua e Saneamento S.A (Embasa) reabriu as inscri\u00e7\u00f5es para os interessados em participar do concurso p\u00fablico para o cargo de Analista de Saneamento, na fun\u00e7\u00e3o Analista de Controle de Qualidade de \u00c1gua e Efluentes. S\u00e3o oferecidas 19 vagas para esse cargo, sendo uma reservada a portador de defici\u00eancia [&hellip;]<\/p>\n","protected":false},"author":3,"featured_media":0,"comment_status":"open","ping_status":"open","sticky":false,"template":"","format":"standard","meta":{"tdm_status":"","tdm_grid_status":"","footnotes":""},"categories":[22,352,370],"tags":[],"class_list":{"0":"post-22148","1":"post","2":"type-post","3":"status-publish","4":"format-standard","6":"category-brasil","7":"category-concursos","8":"category-inscricao"},"_links":{"self":[{"href":"https:\/\/migracao.redenoticia.com.br\/noticia\/wp-json\/wp\/v2\/posts\/22148","targetHints":{"allow":["GET"]}}],"collection":[{"href":"https:\/\/migracao.redenoticia.com.br\/noticia\/wp-json\/wp\/v2\/posts"}],"about":[{"href":"https:\/\/migracao.redenoticia.com.br\/noticia\/wp-json\/wp\/v2\/types\/post"}],"author":[{"embeddable":true,"href":"https:\/\/migracao.redenoticia.com.br\/noticia\/wp-json\/wp\/v2\/users\/3"}],"replies":[{"embeddable":true,"href":"https:\/\/migracao.redenoticia.com.br\/noticia\/wp-json\/wp\/v2\/comments?post=22148"}],"version-history":[{"count":0,"href":"https:\/\/migracao.redenoticia.com.br\/noticia\/wp-json\/wp\/v2\/posts\/22148\/revisions"}],"wp:attachment":[{"href":"https:\/\/migracao.redenoticia.com.br\/noticia\/wp-json\/wp\/v2\/media?parent=22148"}],"wp:term":[{"taxonomy":"category","embeddable":true,"href":"https:\/\/migracao.redenoticia.com.br\/noticia\/wp-json\/wp\/v2\/categories?post=22148"},{"taxonomy":"post_tag","embeddable":true,"href":"https:\/\/migracao.redenoticia.com.br\/noticia\/wp-json\/wp\/v2\/tags?post=22148"}],"curies":[{"name":"wp","href":"https:\/\/api.w.org\/{rel}","templated":true}]}}