{"id":221536,"date":"2022-07-03T22:28:02","date_gmt":"2022-07-04T01:28:02","guid":{"rendered":"https:\/\/www.redenoticia.com.br\/noticia\/?p=221536"},"modified":"2022-07-03T22:28:02","modified_gmt":"2022-07-04T01:28:02","slug":"resumo-pantanal-04-07-tiberio-pede-muda-em-casamento","status":"publish","type":"post","link":"https:\/\/migracao.redenoticia.com.br\/noticia\/2022\/resumo-pantanal-04-07-tiberio-pede-muda-em-casamento\/221536","title":{"rendered":"Resumo \u201cPantanal\u201d 04\/07:  Tib\u00e9rio pede Muda em casamento"},"content":{"rendered":"<p> <img loading=\"lazy\" decoding=\"async\" class=\"aligncenter size-full wp-image-217356\" src=\"https:\/\/migracao.redenoticia.com.br\/noticia\/imagens\/pantanal_rei_do_gado_2022.jpg\" alt=\"\" width=\"1280\" height=\"720\" srcset=\"https:\/\/migracao.redenoticia.com.br\/noticia\/imagens\/pantanal_rei_do_gado_2022.jpg 1280w, https:\/\/migracao.redenoticia.com.br\/noticia\/imagens\/pantanal_rei_do_gado_2022-250x140.jpg 250w, https:\/\/migracao.redenoticia.com.br\/noticia\/imagens\/pantanal_rei_do_gado_2022-400x225.jpg 400w, https:\/\/migracao.redenoticia.com.br\/noticia\/imagens\/pantanal_rei_do_gado_2022-768x432.jpg 768w, https:\/\/migracao.redenoticia.com.br\/noticia\/imagens\/pantanal_rei_do_gado_2022-150x84.jpg 150w\" sizes=\"auto, (max-width: 1280px) 100vw, 1280px\" \/><\/p>\n<p><strong><em>Resumo da novela \u201cPantanal\u201d<\/em><\/strong> em 04\/07: no cap\u00edtulo 085(*) da novela,  Fil\u00f3 e Irma lamentam a discrimina\u00e7\u00e3o dos pe\u00f5es com Zaquieu. Mariana assume para Jos\u00e9 Le\u00f4ncio seus erros do passado, e faz um alerta sobre a possibilidade de que Juma domine Jove. <\/p>\n<p>Guta e Marcelo confessam que ainda se gostam. Irma e Trindade se beijam. Jove deixa Jos\u00e9 Le\u00f4ncio preocupado ao dizer que Juma espera que ele viva com ela na tapera. Eug\u00eanio entrega a encomenda de Tib\u00e9rio e pergunta se ele tem certeza do que pretende fazer. Juma deixa claro para Jove que n\u00e3o deixar\u00e1 a tapera. Tib\u00e9rio pede Muda em casamento.<\/p>\n<p>(*) edi\u00e7\u00e3o das novelas da Globo, \u201cPantanal\u201d, sujeito a altera\u00e7\u00e3o de data e conte\u00fado.<\/p>\n<p>Sinopse \u201cPantanal\u201d: O tronco central acompanha o velho Joventino (Irandhir Santos) e seu filho, Jos\u00e9 Le\u00f4ncio (Renato G\u00f3es\/Marcos Palmeira). Confiando no conceito de que &#8220;a natureza pode mais que o homem&#8221;, Joventino acaba se tornando o maior pe\u00e3o do Pantanal e ficou famoso por trazer os bois selvagens, os ditos marru\u00e1s, no feiti\u00e7o. Por\u00e9m, foi logo ap\u00f3s essa compreens\u00e3o que Joventino desapareceu, sem deixar rastros, e abandonou o filho. <\/p>\n","protected":false},"excerpt":{"rendered":"<p>Resumo da novela \u201cPantanal\u201d em 04\/07: no cap\u00edtulo 085(*) da novela, Fil\u00f3 e Irma lamentam a discrimina\u00e7\u00e3o dos pe\u00f5es com Zaquieu. Mariana assume para Jos\u00e9 Le\u00f4ncio seus erros do passado, e faz um alerta sobre a possibilidade de que Juma domine Jove. Guta e Marcelo confessam que ainda se gostam. Irma e Trindade se beijam. [&hellip;]<\/p>\n","protected":false},"author":2,"featured_media":217355,"comment_status":"closed","ping_status":"closed","sticky":false,"template":"","format":"standard","meta":{"tdm_status":"","tdm_grid_status":"","footnotes":""},"categories":[379,2260,375,2025,343],"tags":[441],"class_list":{"0":"post-221536","1":"post","2":"type-post","3":"status-publish","4":"format-standard","5":"has-post-thumbnail","7":"category-novelas","8":"category-pantanal","9":"category-rede-globo","10":"category-resumo","11":"category-televisao","12":"tag-resumo-do-dia"},"_links":{"self":[{"href":"https:\/\/migracao.redenoticia.com.br\/noticia\/wp-json\/wp\/v2\/posts\/221536","targetHints":{"allow":["GET"]}}],"collection":[{"href":"https:\/\/migracao.redenoticia.com.br\/noticia\/wp-json\/wp\/v2\/posts"}],"about":[{"href":"https:\/\/migracao.redenoticia.com.br\/noticia\/wp-json\/wp\/v2\/types\/post"}],"author":[{"embeddable":true,"href":"https:\/\/migracao.redenoticia.com.br\/noticia\/wp-json\/wp\/v2\/users\/2"}],"replies":[{"embeddable":true,"href":"https:\/\/migracao.redenoticia.com.br\/noticia\/wp-json\/wp\/v2\/comments?post=221536"}],"version-history":[{"count":0,"href":"https:\/\/migracao.redenoticia.com.br\/noticia\/wp-json\/wp\/v2\/posts\/221536\/revisions"}],"wp:featuredmedia":[{"embeddable":true,"href":"https:\/\/migracao.redenoticia.com.br\/noticia\/wp-json\/wp\/v2\/media\/217355"}],"wp:attachment":[{"href":"https:\/\/migracao.redenoticia.com.br\/noticia\/wp-json\/wp\/v2\/media?parent=221536"}],"wp:term":[{"taxonomy":"category","embeddable":true,"href":"https:\/\/migracao.redenoticia.com.br\/noticia\/wp-json\/wp\/v2\/categories?post=221536"},{"taxonomy":"post_tag","embeddable":true,"href":"https:\/\/migracao.redenoticia.com.br\/noticia\/wp-json\/wp\/v2\/tags?post=221536"}],"curies":[{"name":"wp","href":"https:\/\/api.w.org\/{rel}","templated":true}]}}