{"id":221557,"date":"2022-07-04T19:07:04","date_gmt":"2022-07-04T22:07:04","guid":{"rendered":"https:\/\/www.redenoticia.com.br\/noticia\/?p=221557"},"modified":"2022-07-04T19:07:04","modified_gmt":"2022-07-04T22:07:04","slug":"resumo-cuidado-com-o-anjo-05-07-candelaria-manda-malu-esquecer-joao-miguel","status":"publish","type":"post","link":"https:\/\/migracao.redenoticia.com.br\/noticia\/2022\/resumo-cuidado-com-o-anjo-05-07-candelaria-manda-malu-esquecer-joao-miguel\/221557","title":{"rendered":"Resumo &#8220;Cuidado com o Anjo&#8221; 05\/07: Candel\u00e1ria manda Mal\u00fa esquecer Jo\u00e3o Miguel"},"content":{"rendered":"<p> <img loading=\"lazy\" decoding=\"async\" class=\"aligncenter size-full wp-image-220665\" src=\"https:\/\/migracao.redenoticia.com.br\/noticia\/imagens\/cuidado-com-anjo-levi-maite.jpg\" alt=\"\" width=\"1280\" height=\"720\" srcset=\"https:\/\/migracao.redenoticia.com.br\/noticia\/imagens\/cuidado-com-anjo-levi-maite.jpg 1280w, https:\/\/migracao.redenoticia.com.br\/noticia\/imagens\/cuidado-com-anjo-levi-maite-250x140.jpg 250w, https:\/\/migracao.redenoticia.com.br\/noticia\/imagens\/cuidado-com-anjo-levi-maite-400x225.jpg 400w, https:\/\/migracao.redenoticia.com.br\/noticia\/imagens\/cuidado-com-anjo-levi-maite-768x432.jpg 768w, https:\/\/migracao.redenoticia.com.br\/noticia\/imagens\/cuidado-com-anjo-levi-maite-150x84.jpg 150w\" sizes=\"auto, (max-width: 1280px) 100vw, 1280px\" \/><\/p>\n<p><em><strong>Resumo da novela &#8220;Cuidado com o Anjo&#8221;<\/strong><\/em> em 05\/07: no cap\u00edtulo 022(*) da novela, Vicente pensa que Rosa rompeu o compromisso<br \/>\nCandel\u00e1ria diz a Mal\u00fa que Jo\u00e3o Miguel est\u00e1 disposto a entrar com o pedido de div\u00f3rcio quando ela quiser. A not\u00edcia entristece Mal\u00fa, mas Candel\u00e1ria est\u00e1 empenhada em dissolver o casamento. Adriano tamb\u00e9m quer resolver a situa\u00e7\u00e3o e contratar um advogado para dar in\u00edcio ao processo de div\u00f3rcio. Tininha conta para Jo\u00e3o Miguel que se encontrou com sua m\u00e3e e que ela o acusa de tentar mat\u00e1-la. A menina est\u00e1 totalmente convencida de que o pai \u00e9 uma m\u00e1 pessoa e nem Mariana consegue mudar a opini\u00e3o da menina. Os pais de Vicente tentam convenc\u00ea-lo a usar a cadeira de rodas, mas ele fica furioso.<\/p>\n<p>Vicente pensa que Rosa rompeu o compromisso por ele ser um inv\u00e1lido. Ao ver seu desespero, Jo\u00e3o Miguel conta a verdade, diz que Rosa continua internada e que o acidente a deixou desfigurada. A not\u00edcia mexe tanto com Vicente que ele re\u00fane for\u00e7as para se sentar na cadeira de rodas para ir at\u00e9 o quarto visitar Rosa. Candel\u00e1ria tenta convencer Mal\u00fa a esquecer Jo\u00e3o Miguel e come\u00e7ar uma nova vida. O advogado contratado por Adriano vai at\u00e9 o consult\u00f3rio de Jo\u00e3o Miguel, que fica surpreendido ao constatar que Mal\u00fa deu in\u00edcio ao processo de div\u00f3rcio.<\/p>\n<p>Tininha pede ao pai que v\u00e1 embora<br \/>\nO advogado informa a Jo\u00e3o Miguel que Adriano est\u00e1 assessorando Mal\u00fa no processo de div\u00f3rcio. Vicente e Rosa se reconciliam. Of\u00e9lia visita Mal\u00fa, diz que Jo\u00e3o Miguel \u00e9 agora inimigo das duas e pede seu apoio para tirar dele a guarda da filha. Candel\u00e1ria passa mal e desmaia na rua. Viviana diz a Tininha que seu pai \u00e9 um assassino e descobre que Estef\u00e2nia quer conquist\u00e1-lo. Amador confessa a Nestor que est\u00e1 interessado em Mal\u00fa. Mal\u00fa conta ao padre Anselmo que j\u00e1 deu in\u00edcio ao processo de div\u00f3rcio e ele critica sua decis\u00e3o.<\/p>\n<p>Tininha pede ao pai que v\u00e1 embora de casa e tem o apoio de Of\u00e9lia. Estef\u00e2nia se aproveita do momento e se oferece para ajud\u00e1-lo com a filha se em troca se casar com ela. Candel\u00e1ria sofre outro desmaio e o m\u00e9dico diz a Mal\u00fa que \u00e9 um problema cardiol\u00f3gico. Eduardo visita Mal\u00fa para falar de Jo\u00e3o Miguel, mas a encontra com Adriano. Amador diz a Mal\u00fa que pode transform\u00e1-la em uma estrela da televis\u00e3o. Mal\u00fa visita Rosa antes que ela v\u00e1 para o centro cir\u00fargico e l\u00e1 encontra Jo\u00e3o Miguel.<\/p>\n<p>(*) edi\u00e7\u00e3o das novelas do SBT, &#8220;Cuidado com o Anjo&#8221;, sujeito a altera\u00e7\u00e3o de data e conte\u00fado.<\/p>\n<p>Sinopse &#8220;Cuidado com o Anjo&#8221;: Quando Maria de Jesus &#8220;Mal\u00fa&#8221; nasceu, sua m\u00e3e, crendo estar \u00e0 beira da morte, entregou-a a um sacerdote que levou-a para um orfanato. Aos 14 anos, ela foge de l\u00e1 e come\u00e7a a caminhar pelas ruas, sobrevivendo como pode. Passam-se anos e uma noite Mal\u00fa \u00e9 atacada por um b\u00eabado, o que a faz sentir rancor pelos homens e ter pesadelos que a desesperam.<\/p>\n<p>Candel\u00e1ria, uma lavadeira, lhe d\u00e1 abrigo e se transforma numa m\u00e3e para ela. Mal\u00fa trabalha no que pode para ajudar Candel\u00e1ria. Um dia se mete numa confus\u00e3o, na qual vai parar numa delegacia, onde \u00e9 julgada por seu pr\u00f3prio pai, ambos desconhecendo a rela\u00e7\u00e3o parental. E \u00e9 defendida por Jo\u00e3o Miguel S\u00e3o Rom\u00e3o, um psicanalista.<\/p>\n","protected":false},"excerpt":{"rendered":"<p>Resumo da novela &#8220;Cuidado com o Anjo&#8221; em 05\/07: no cap\u00edtulo 022(*) da novela, Vicente pensa que Rosa rompeu o compromisso Candel\u00e1ria diz a Mal\u00fa que Jo\u00e3o Miguel est\u00e1 disposto a entrar com o pedido de div\u00f3rcio quando ela quiser. A not\u00edcia entristece Mal\u00fa, mas Candel\u00e1ria est\u00e1 empenhada em dissolver o casamento. Adriano tamb\u00e9m quer [&hellip;]<\/p>\n","protected":false},"author":2,"featured_media":220666,"comment_status":"closed","ping_status":"closed","sticky":false,"template":"","format":"standard","meta":{"tdm_status":"","tdm_grid_status":"","footnotes":""},"categories":[2284,379,2025,372,343],"tags":[441],"class_list":{"0":"post-221557","1":"post","2":"type-post","3":"status-publish","4":"format-standard","5":"has-post-thumbnail","7":"category-cuidado-com-o-anjo","8":"category-novelas","9":"category-resumo","10":"category-sbt","11":"category-televisao","12":"tag-resumo-do-dia"},"_links":{"self":[{"href":"https:\/\/migracao.redenoticia.com.br\/noticia\/wp-json\/wp\/v2\/posts\/221557","targetHints":{"allow":["GET"]}}],"collection":[{"href":"https:\/\/migracao.redenoticia.com.br\/noticia\/wp-json\/wp\/v2\/posts"}],"about":[{"href":"https:\/\/migracao.redenoticia.com.br\/noticia\/wp-json\/wp\/v2\/types\/post"}],"author":[{"embeddable":true,"href":"https:\/\/migracao.redenoticia.com.br\/noticia\/wp-json\/wp\/v2\/users\/2"}],"replies":[{"embeddable":true,"href":"https:\/\/migracao.redenoticia.com.br\/noticia\/wp-json\/wp\/v2\/comments?post=221557"}],"version-history":[{"count":0,"href":"https:\/\/migracao.redenoticia.com.br\/noticia\/wp-json\/wp\/v2\/posts\/221557\/revisions"}],"wp:featuredmedia":[{"embeddable":true,"href":"https:\/\/migracao.redenoticia.com.br\/noticia\/wp-json\/wp\/v2\/media\/220666"}],"wp:attachment":[{"href":"https:\/\/migracao.redenoticia.com.br\/noticia\/wp-json\/wp\/v2\/media?parent=221557"}],"wp:term":[{"taxonomy":"category","embeddable":true,"href":"https:\/\/migracao.redenoticia.com.br\/noticia\/wp-json\/wp\/v2\/categories?post=221557"},{"taxonomy":"post_tag","embeddable":true,"href":"https:\/\/migracao.redenoticia.com.br\/noticia\/wp-json\/wp\/v2\/tags?post=221557"}],"curies":[{"name":"wp","href":"https:\/\/api.w.org\/{rel}","templated":true}]}}