{"id":221560,"date":"2022-07-04T19:09:04","date_gmt":"2022-07-04T22:09:04","guid":{"rendered":"https:\/\/www.redenoticia.com.br\/noticia\/?p=221560"},"modified":"2022-07-04T19:09:04","modified_gmt":"2022-07-04T22:09:04","slug":"resumo-a-desalmada-05-07-carmelo-atira-em-fernanda","status":"publish","type":"post","link":"https:\/\/migracao.redenoticia.com.br\/noticia\/2022\/resumo-a-desalmada-05-07-carmelo-atira-em-fernanda\/221560","title":{"rendered":"Resumo \u201cA Desalmada\u201d 05\/07: Carmelo atira em Fernanda"},"content":{"rendered":"<p> <img loading=\"lazy\" decoding=\"async\" src=\"https:\/\/migracao.redenoticia.com.br\/noticia\/imagens\/a-desalmada-elenco-1.jpg\" alt=\"\" width=\"1280\" height=\"720\" class=\"aligncenter size-full wp-image-221431\" srcset=\"https:\/\/migracao.redenoticia.com.br\/noticia\/imagens\/a-desalmada-elenco-1.jpg 1280w, https:\/\/migracao.redenoticia.com.br\/noticia\/imagens\/a-desalmada-elenco-1-250x140.jpg 250w, https:\/\/migracao.redenoticia.com.br\/noticia\/imagens\/a-desalmada-elenco-1-400x225.jpg 400w, https:\/\/migracao.redenoticia.com.br\/noticia\/imagens\/a-desalmada-elenco-1-768x432.jpg 768w, https:\/\/migracao.redenoticia.com.br\/noticia\/imagens\/a-desalmada-elenco-1-150x84.jpg 150w\" sizes=\"auto, (max-width: 1280px) 100vw, 1280px\" \/><\/p>\n<p><strong><em>Resumo da novela \u201cA Desalmada\u201d<\/em><\/strong> em 04\/07: no cap\u00edtulo 002(*) da novela, ap\u00f3s a morte de Santiago, Fernanda \u00e9 estuprada, mas ao tentar fugir, Carmelo atira nela e ela perde a consci\u00eancia e cai no rio. Isabela chega \u00e0 cidade e se encontra com Rafael. Juana e Lu\u00eds chegam ao rio e descobrem que Fernanda est\u00e1 ferida, ent\u00e3o a levam para casa para salvar sua vida. Fernanda confessa a Juana o que alguns encapuzados fizeram com ela.<\/p>\n<p>Lu\u00eds informa a Juana que Santiago morreu e eles encenaram sua morte como um acidente de carro. Antonio garante a Ot\u00e1vio que enquanto for prefeito estar\u00e1 sempre bem protegido, ent\u00e3o Octavio deixa uma pasta cheia de dinheiro como agradecimento. Carmelo informa a Oct\u00e1vio que o neg\u00f3cio de compra do terreno de Santiago j\u00e1 foi fechado. Octavio confessa que Julia escolheu Germ\u00e1n em vez dele quando descobriu que Germ\u00e1n tinha uma heran\u00e7a de seus pais, ent\u00e3o agora ele procura lev\u00e1-los \u00e0 ru\u00edna.<\/p>\n<p>(*) edi\u00e7\u00e3o das novelas do SBT, \u201cA Desalmada\u201d, sujeito a altera\u00e7\u00e3o de data e conte\u00fado.<\/p>\n<p>Sinopse \u201cA Desalmada\u201d: Fernanda Linares (Livia Brito), uma mulher sedenta de vingan\u00e7a ap\u00f3s o assassinato de seu marido na noite de n\u00fapcias. No entanto, a vida de Fernanda muda quando ela conhece Rafael Toscano (Jos\u00e9 Ron), um belo jovem que acaba de se formar na universidade, com quem ela tem empatia e devolve a Fernanda a oportunidade de voltar a amar.<\/p>\n<p>\u00c9 protagonizada por Livia Brito e Jos\u00e9 Ron; antagonizada por Eduardo Santamarina, Marjorie de Sousa, Azela Robinson, Alberto Estrella, Kimberly Dos Ramos e Francisco Gattorno; tem atua\u00e7\u00f5es estelares de Marlene Favela, Sergio Basa\u00f1ez, Gonzalo Garc\u00eda Vivanco, Ver\u00f3nica Jaspeado, Laura Carmine e Alejandra Garc\u00eda, Daniel Elbittar e a primeira atriz Ana Mart\u00edn.<\/p>\n","protected":false},"excerpt":{"rendered":"<p>Resumo da novela \u201cA Desalmada\u201d em 04\/07: no cap\u00edtulo 002(*) da novela, ap\u00f3s a morte de Santiago, Fernanda \u00e9 estuprada, mas ao tentar fugir, Carmelo atira nela e ela perde a consci\u00eancia e cai no rio. Isabela chega \u00e0 cidade e se encontra com Rafael. Juana e Lu\u00eds chegam ao rio e descobrem que Fernanda [&hellip;]<\/p>\n","protected":false},"author":2,"featured_media":221430,"comment_status":"closed","ping_status":"closed","sticky":false,"template":"","format":"standard","meta":{"tdm_status":"","tdm_grid_status":"","footnotes":""},"categories":[2286,379,2025,372,343],"tags":[441],"class_list":{"0":"post-221560","1":"post","2":"type-post","3":"status-publish","4":"format-standard","5":"has-post-thumbnail","7":"category-a-desalmada","8":"category-novelas","9":"category-resumo","10":"category-sbt","11":"category-televisao","12":"tag-resumo-do-dia"},"_links":{"self":[{"href":"https:\/\/migracao.redenoticia.com.br\/noticia\/wp-json\/wp\/v2\/posts\/221560","targetHints":{"allow":["GET"]}}],"collection":[{"href":"https:\/\/migracao.redenoticia.com.br\/noticia\/wp-json\/wp\/v2\/posts"}],"about":[{"href":"https:\/\/migracao.redenoticia.com.br\/noticia\/wp-json\/wp\/v2\/types\/post"}],"author":[{"embeddable":true,"href":"https:\/\/migracao.redenoticia.com.br\/noticia\/wp-json\/wp\/v2\/users\/2"}],"replies":[{"embeddable":true,"href":"https:\/\/migracao.redenoticia.com.br\/noticia\/wp-json\/wp\/v2\/comments?post=221560"}],"version-history":[{"count":0,"href":"https:\/\/migracao.redenoticia.com.br\/noticia\/wp-json\/wp\/v2\/posts\/221560\/revisions"}],"wp:featuredmedia":[{"embeddable":true,"href":"https:\/\/migracao.redenoticia.com.br\/noticia\/wp-json\/wp\/v2\/media\/221430"}],"wp:attachment":[{"href":"https:\/\/migracao.redenoticia.com.br\/noticia\/wp-json\/wp\/v2\/media?parent=221560"}],"wp:term":[{"taxonomy":"category","embeddable":true,"href":"https:\/\/migracao.redenoticia.com.br\/noticia\/wp-json\/wp\/v2\/categories?post=221560"},{"taxonomy":"post_tag","embeddable":true,"href":"https:\/\/migracao.redenoticia.com.br\/noticia\/wp-json\/wp\/v2\/tags?post=221560"}],"curies":[{"name":"wp","href":"https:\/\/api.w.org\/{rel}","templated":true}]}}