{"id":221574,"date":"2022-07-04T19:26:46","date_gmt":"2022-07-04T22:26:46","guid":{"rendered":"https:\/\/www.redenoticia.com.br\/noticia\/?p=221574"},"modified":"2022-07-04T19:26:46","modified_gmt":"2022-07-04T22:26:46","slug":"resumo-cara-e-coragem-05-07-jonathan-questiona-italo-sobre-clarice","status":"publish","type":"post","link":"https:\/\/migracao.redenoticia.com.br\/noticia\/2022\/resumo-cara-e-coragem-05-07-jonathan-questiona-italo-sobre-clarice\/221574","title":{"rendered":"Resumo \u201cCara e Coragem\u201d 05\/07: Jonathan questiona \u00cdtalo sobre Clarice"},"content":{"rendered":"<p> <img loading=\"lazy\" decoding=\"async\" src=\"https:\/\/migracao.redenoticia.com.br\/noticia\/imagens\/cara-e-coragem.jpg\" alt=\"\" width=\"1280\" height=\"720\" class=\"aligncenter size-full wp-image-220184\" srcset=\"https:\/\/migracao.redenoticia.com.br\/noticia\/imagens\/cara-e-coragem.jpg 1280w, https:\/\/migracao.redenoticia.com.br\/noticia\/imagens\/cara-e-coragem-250x140.jpg 250w, https:\/\/migracao.redenoticia.com.br\/noticia\/imagens\/cara-e-coragem-400x225.jpg 400w, https:\/\/migracao.redenoticia.com.br\/noticia\/imagens\/cara-e-coragem-768x432.jpg 768w, https:\/\/migracao.redenoticia.com.br\/noticia\/imagens\/cara-e-coragem-150x84.jpg 150w\" sizes=\"auto, (max-width: 1280px) 100vw, 1280px\" \/><\/p>\n<p><strong><em>Resumo da novela \u201cCara e Coragem\u201d<\/em><\/strong> em 05\/07: no cap\u00edtulo 032(*) da novela, Alfredo tenta convencer Soss\u00f4 a esquecer o que Chiquinho disse sobre Pat e Moa. \u00cdtalo pensa em montar uma sala secreta na sede da Coragem.com. Regina mente para Leonardo sobre a conversa que teve com Paulo. Renan discute com Lou. Danilo sugere que Bob fa\u00e7a uma festa em sua mans\u00e3o. Rebeca grava Chiquinho contando sobre a sua queda da escada e o bra\u00e7o quebrado.<\/p>\n<p>Alfredo se aconselha com Joca. Renan \u00e9 simp\u00e1tico com Pat. \u00cdtalo questiona Jonathan sobre seu casamento com Clarice. Alfredo resolve procurar Moa e tira satisfa\u00e7\u00f5es com o dubl\u00ea. Alfredo acerta um soco em Moa, que fica surpreso. Moa diz que ama Pat, mas que ela \u00e9 apaixonada pelo marido. Pat v\u00ea Anita na companhia de dan\u00e7a e se surpreende com a semelhan\u00e7a entre a massoterapeuta e Clarice. Jonathan questiona \u00cdtalo sobre seu relacionamento com Clarice.<\/p>\n<p>(*) edi\u00e7\u00e3o das novelas da Globo, \u201cCara e Coragem\u201d, sujeito a altera\u00e7\u00e3o de data e conte\u00fado.<\/p>\n<p>Sinopse \u201cCara e Coragem\u201d: Os dubl\u00eas profissionais Pat e Moa ter\u00e3o seus caminhos tra\u00e7ados com o da empres\u00e1ria Clarice Gusm\u00e3o, diretora da Sider\u00fargica Gusm\u00e3o e inventora de uma f\u00f3rmula secreta milion\u00e1ria, que ser\u00e1 invejada por Leonardo, irm\u00e3o de Clarice, sua amante Regina, e Danilo, tamb\u00e9m empres\u00e1rio.<\/p>\n<p>Enquanto os dubl\u00eas se descobrir\u00e3o apaixonados um pelo outro, mesmo que eles n\u00e3o admitam, Clarice ter\u00e1 um caso com \u00cdtalo, um instrutor de parkur, al\u00e9m de outros segredos obscuros dentro da trama. Uma reviravolta em sua vida acontece ao descobrir a exist\u00eancia de Anita, uma s\u00f3sia sua, mas com uma personalidade totalmente oposta.<\/p>\n","protected":false},"excerpt":{"rendered":"<p>Resumo da novela \u201cCara e Coragem\u201d em 05\/07: no cap\u00edtulo 032(*) da novela, Alfredo tenta convencer Soss\u00f4 a esquecer o que Chiquinho disse sobre Pat e Moa. \u00cdtalo pensa em montar uma sala secreta na sede da Coragem.com. Regina mente para Leonardo sobre a conversa que teve com Paulo. Renan discute com Lou. Danilo sugere [&hellip;]<\/p>\n","protected":false},"author":2,"featured_media":220185,"comment_status":"closed","ping_status":"closed","sticky":false,"template":"","format":"standard","meta":{"tdm_status":"","tdm_grid_status":"","footnotes":""},"categories":[2281,379,375,2025,343],"tags":[441],"class_list":{"0":"post-221574","1":"post","2":"type-post","3":"status-publish","4":"format-standard","5":"has-post-thumbnail","7":"category-cara-e-coragem","8":"category-novelas","9":"category-rede-globo","10":"category-resumo","11":"category-televisao","12":"tag-resumo-do-dia"},"_links":{"self":[{"href":"https:\/\/migracao.redenoticia.com.br\/noticia\/wp-json\/wp\/v2\/posts\/221574","targetHints":{"allow":["GET"]}}],"collection":[{"href":"https:\/\/migracao.redenoticia.com.br\/noticia\/wp-json\/wp\/v2\/posts"}],"about":[{"href":"https:\/\/migracao.redenoticia.com.br\/noticia\/wp-json\/wp\/v2\/types\/post"}],"author":[{"embeddable":true,"href":"https:\/\/migracao.redenoticia.com.br\/noticia\/wp-json\/wp\/v2\/users\/2"}],"replies":[{"embeddable":true,"href":"https:\/\/migracao.redenoticia.com.br\/noticia\/wp-json\/wp\/v2\/comments?post=221574"}],"version-history":[{"count":0,"href":"https:\/\/migracao.redenoticia.com.br\/noticia\/wp-json\/wp\/v2\/posts\/221574\/revisions"}],"wp:featuredmedia":[{"embeddable":true,"href":"https:\/\/migracao.redenoticia.com.br\/noticia\/wp-json\/wp\/v2\/media\/220185"}],"wp:attachment":[{"href":"https:\/\/migracao.redenoticia.com.br\/noticia\/wp-json\/wp\/v2\/media?parent=221574"}],"wp:term":[{"taxonomy":"category","embeddable":true,"href":"https:\/\/migracao.redenoticia.com.br\/noticia\/wp-json\/wp\/v2\/categories?post=221574"},{"taxonomy":"post_tag","embeddable":true,"href":"https:\/\/migracao.redenoticia.com.br\/noticia\/wp-json\/wp\/v2\/tags?post=221574"}],"curies":[{"name":"wp","href":"https:\/\/api.w.org\/{rel}","templated":true}]}}