{"id":22161,"date":"2010-01-21T15:53:39","date_gmt":"2010-01-21T19:53:39","guid":{"rendered":"http:\/\/www.redenoticia.com.br\/noticia\/?p=22161"},"modified":"2010-01-21T15:53:39","modified_gmt":"2010-01-21T19:53:39","slug":"defensoria-dpesp-inscricoes-para-concurso-de-estagiarios","status":"publish","type":"post","link":"https:\/\/migracao.redenoticia.com.br\/noticia\/2010\/defensoria-dpesp-inscricoes-para-concurso-de-estagiarios\/22161","title":{"rendered":"Defensoria DPE\/SP &#8211; inscri\u00e7\u00f5es para concurso de estagi\u00e1rios"},"content":{"rendered":"<p>A <strong><em>Defensoria P\u00fablica<\/em><\/strong> do Estado de S\u00e3o Paulo (DPE\/SP) publicou nesta ter\u00e7a-feira (19\/01) <strong><em>edital para novo Concurso P\u00fablico de Provas e T\u00edtulos Regionalizado para Sele\u00e7\u00e3o de Estagi\u00e1rios de Direito<\/em><\/strong>. Ao todo s\u00e3o 68 vagas divididas entre as Regionais Sorocaba (oito vagas para a Unidade de Sorocaba e 14 para a Unidade de Avar\u00e9), Ribeir\u00e3o Preto (sete vagas), Campinas (23 vagas para a Unidade Vila Mimosa) e Vale do Ribeira (16 vagas para a Unidade de Registro).<\/p>\n<p>As inscri\u00e7\u00f5es s\u00e3o gratuitas e podem ser feitas no per\u00edodo de 20 a 29 de janeiro, das 10h \u00e0s 17h, observado o hor\u00e1rio oficial de Bras\u00edlia\/DF, nos endere\u00e7os das Regionais e Unidades dispon\u00edveis no edital e onde o candidato pretende realizar o est\u00e1gio. Apenas para a Regional de Campinas (Unidade Vila Mimosa) as inscri\u00e7\u00f5es ocorrer\u00e3o no hor\u00e1rio das 13h \u00e0s 17h, mas no mesmo per\u00edodo. O est\u00e1gio tem carga hor\u00e1ria de vinte horas semanais e o valor da bolsa \u00e9 de R$ 671,61.<\/p>\n<p>O concurso consta de prova escrita, de car\u00e1ter eliminat\u00f3rio e classificat\u00f3rio, e avalia\u00e7\u00e3o de t\u00edtulos, de car\u00e1ter classificat\u00f3rio. A prova escrita ter\u00e1 a dura\u00e7\u00e3o de tr\u00eas horas e meia e est\u00e1 prevista para o dia 7 de fevereiro, das 8h30 \u00e0s 12h, em local a ser divulgado.<\/p>\n","protected":false},"excerpt":{"rendered":"<p>A Defensoria P\u00fablica do Estado de S\u00e3o Paulo (DPE\/SP) publicou nesta ter\u00e7a-feira (19\/01) edital para novo Concurso P\u00fablico de Provas e T\u00edtulos Regionalizado para Sele\u00e7\u00e3o de Estagi\u00e1rios de Direito. Ao todo s\u00e3o 68 vagas divididas entre as Regionais Sorocaba (oito vagas para a Unidade de Sorocaba e 14 para a Unidade de Avar\u00e9), Ribeir\u00e3o Preto [&hellip;]<\/p>\n","protected":false},"author":3,"featured_media":0,"comment_status":"open","ping_status":"open","sticky":false,"template":"","format":"standard","meta":{"tdm_status":"","tdm_grid_status":"","footnotes":""},"categories":[22,352,370],"tags":[],"class_list":{"0":"post-22161","1":"post","2":"type-post","3":"status-publish","4":"format-standard","6":"category-brasil","7":"category-concursos","8":"category-inscricao"},"_links":{"self":[{"href":"https:\/\/migracao.redenoticia.com.br\/noticia\/wp-json\/wp\/v2\/posts\/22161","targetHints":{"allow":["GET"]}}],"collection":[{"href":"https:\/\/migracao.redenoticia.com.br\/noticia\/wp-json\/wp\/v2\/posts"}],"about":[{"href":"https:\/\/migracao.redenoticia.com.br\/noticia\/wp-json\/wp\/v2\/types\/post"}],"author":[{"embeddable":true,"href":"https:\/\/migracao.redenoticia.com.br\/noticia\/wp-json\/wp\/v2\/users\/3"}],"replies":[{"embeddable":true,"href":"https:\/\/migracao.redenoticia.com.br\/noticia\/wp-json\/wp\/v2\/comments?post=22161"}],"version-history":[{"count":0,"href":"https:\/\/migracao.redenoticia.com.br\/noticia\/wp-json\/wp\/v2\/posts\/22161\/revisions"}],"wp:attachment":[{"href":"https:\/\/migracao.redenoticia.com.br\/noticia\/wp-json\/wp\/v2\/media?parent=22161"}],"wp:term":[{"taxonomy":"category","embeddable":true,"href":"https:\/\/migracao.redenoticia.com.br\/noticia\/wp-json\/wp\/v2\/categories?post=22161"},{"taxonomy":"post_tag","embeddable":true,"href":"https:\/\/migracao.redenoticia.com.br\/noticia\/wp-json\/wp\/v2\/tags?post=22161"}],"curies":[{"name":"wp","href":"https:\/\/api.w.org\/{rel}","templated":true}]}}