{"id":22171,"date":"2010-01-21T16:04:04","date_gmt":"2010-01-21T20:04:04","guid":{"rendered":"http:\/\/www.redenoticia.com.br\/noticia\/?p=22171"},"modified":"2010-02-15T11:52:38","modified_gmt":"2010-02-15T15:52:38","slug":"phineas-e-ferb-expresso-das-ferias","status":"publish","type":"post","link":"https:\/\/migracao.redenoticia.com.br\/noticia\/2010\/phineas-e-ferb-expresso-das-ferias\/22171","title":{"rendered":"Phineas e Ferb"},"content":{"rendered":"<p><img loading=\"lazy\" decoding=\"async\" class=\"alignleft size-full wp-image-23337\" title=\"Phineas e Ferb\" src=\"https:\/\/migracao.redenoticia.com.br\/noticia\/imagens\/Phineas-e-Ferb.jpg\" alt=\"\" width=\"300\" height=\"193\" srcset=\"https:\/\/migracao.redenoticia.com.br\/noticia\/imagens\/Phineas-e-Ferb.jpg 300w, https:\/\/migracao.redenoticia.com.br\/noticia\/imagens\/Phineas-e-Ferb-250x161.jpg 250w, https:\/\/migracao.redenoticia.com.br\/noticia\/imagens\/Phineas-e-Ferb-150x97.jpg 150w\" sizes=\"auto, (max-width: 300px) 100vw, 300px\" \/>Este \u00e9 o m\u00eas dedicado \u00e0 <strong><em>Phineas e Ferb<\/em><\/strong>, por isso, j\u00e1 est\u00e1 dispon\u00edvel Expresso das F\u00e9rias, uma a\u00e7\u00e3o viral online da s\u00e9rie animada de grande sucesso dos canais, gratuita, em toda a Am\u00e9rica Latina. A a\u00e7\u00e3o dura at\u00e9 o fim de fevereiro atrav\u00e9s dos sites do Disney Channel (<strong><em><a href=\"http:\/\/www.disney.com.br\/disneychannel\" target=\"_blank\">www.disney.com.br\/disneychannel<\/a><\/em><\/strong>) e do Disney XD (<strong><em><a href=\"http:\/\/www.disneyxd.com.br\" target=\"_blank\">www.disneyxd.com.br<\/a><\/em><\/strong>).\u00a0<\/p>\n<p>Ap\u00f3s acessar o site www.disney.com.br ou www.disneyxd.com.br, o participante deve entrar no hotsite de Phineas e Ferb, onde os f\u00e3s dos inteligentes irm\u00e3os podem se divertir com Expresso das F\u00e9rias, uma inven\u00e7\u00e3o revolucion\u00e1ria de Phineas e Ferb, que consiste em uma m\u00e1quina que cria e presenteia as f\u00e9rias perfeitas, de acordo com as prefer\u00eancias de cada um.<\/p>\n<p>Os participantes devem responder quatro perguntas sobre o que um amigo gosta de fazer nas f\u00e9rias, j\u00e1 com op\u00e7\u00f5es pr\u00e9-determinadas e, com base nas suas respostas, Expresso das F\u00e9rias cria um v\u00eddeo personalizado que ser\u00e1 enviado a um amigo do usu\u00e1rio.<\/p>\n<p>Phineas e Ferb &#8211; Expresso das F\u00e9rias<\/p>\n","protected":false},"excerpt":{"rendered":"<p>Este \u00e9 o m\u00eas dedicado \u00e0 Phineas e Ferb, por isso, j\u00e1 est\u00e1 dispon\u00edvel Expresso das F\u00e9rias, uma a\u00e7\u00e3o viral online da s\u00e9rie animada de grande sucesso dos canais, gratuita, em toda a Am\u00e9rica Latina. A a\u00e7\u00e3o dura at\u00e9 o fim de fevereiro atrav\u00e9s dos sites do Disney Channel (www.disney.com.br\/disneychannel) e do Disney XD (www.disneyxd.com.br).\u00a0 [&hellip;]<\/p>\n","protected":false},"author":3,"featured_media":23337,"comment_status":"open","ping_status":"open","sticky":false,"template":"","format":"standard","meta":{"tdm_status":"","tdm_grid_status":"","footnotes":""},"categories":[22,343],"tags":[],"class_list":{"0":"post-22171","1":"post","2":"type-post","3":"status-publish","4":"format-standard","5":"has-post-thumbnail","7":"category-brasil","8":"category-televisao"},"_links":{"self":[{"href":"https:\/\/migracao.redenoticia.com.br\/noticia\/wp-json\/wp\/v2\/posts\/22171","targetHints":{"allow":["GET"]}}],"collection":[{"href":"https:\/\/migracao.redenoticia.com.br\/noticia\/wp-json\/wp\/v2\/posts"}],"about":[{"href":"https:\/\/migracao.redenoticia.com.br\/noticia\/wp-json\/wp\/v2\/types\/post"}],"author":[{"embeddable":true,"href":"https:\/\/migracao.redenoticia.com.br\/noticia\/wp-json\/wp\/v2\/users\/3"}],"replies":[{"embeddable":true,"href":"https:\/\/migracao.redenoticia.com.br\/noticia\/wp-json\/wp\/v2\/comments?post=22171"}],"version-history":[{"count":0,"href":"https:\/\/migracao.redenoticia.com.br\/noticia\/wp-json\/wp\/v2\/posts\/22171\/revisions"}],"wp:featuredmedia":[{"embeddable":true,"href":"https:\/\/migracao.redenoticia.com.br\/noticia\/wp-json\/wp\/v2\/media\/23337"}],"wp:attachment":[{"href":"https:\/\/migracao.redenoticia.com.br\/noticia\/wp-json\/wp\/v2\/media?parent=22171"}],"wp:term":[{"taxonomy":"category","embeddable":true,"href":"https:\/\/migracao.redenoticia.com.br\/noticia\/wp-json\/wp\/v2\/categories?post=22171"},{"taxonomy":"post_tag","embeddable":true,"href":"https:\/\/migracao.redenoticia.com.br\/noticia\/wp-json\/wp\/v2\/tags?post=22171"}],"curies":[{"name":"wp","href":"https:\/\/api.w.org\/{rel}","templated":true}]}}