{"id":221879,"date":"2022-07-13T16:59:38","date_gmt":"2022-07-13T19:59:38","guid":{"rendered":"https:\/\/www.redenoticia.com.br\/noticia\/?p=221879"},"modified":"2022-07-13T16:59:38","modified_gmt":"2022-07-13T19:59:38","slug":"resumo-carinha-de-anjo-14-07-cassandra-pede-uma-chance-para-rogerio","status":"publish","type":"post","link":"https:\/\/migracao.redenoticia.com.br\/noticia\/2022\/resumo-carinha-de-anjo-14-07-cassandra-pede-uma-chance-para-rogerio\/221879","title":{"rendered":"Resumo \u201cCarinha De Anjo\u201d 14\/07: Cassandra pede uma chance para Rog\u00e9rio"},"content":{"rendered":"<p> <img loading=\"lazy\" decoding=\"async\" class=\"aligncenter size-full wp-image-210452\" src=\"https:\/\/migracao.redenoticia.com.br\/noticia\/imagens\/carinha-de-anjo-novela-sbt-elenco-infantil.jpeg\" alt=\"\" width=\"1280\" height=\"720\" srcset=\"https:\/\/migracao.redenoticia.com.br\/noticia\/imagens\/carinha-de-anjo-novela-sbt-elenco-infantil.jpeg 1280w, https:\/\/migracao.redenoticia.com.br\/noticia\/imagens\/carinha-de-anjo-novela-sbt-elenco-infantil-250x140.jpeg 250w, https:\/\/migracao.redenoticia.com.br\/noticia\/imagens\/carinha-de-anjo-novela-sbt-elenco-infantil-400x225.jpeg 400w, https:\/\/migracao.redenoticia.com.br\/noticia\/imagens\/carinha-de-anjo-novela-sbt-elenco-infantil-768x432.jpeg 768w, https:\/\/migracao.redenoticia.com.br\/noticia\/imagens\/carinha-de-anjo-novela-sbt-elenco-infantil-150x85.jpeg 150w\" sizes=\"auto, (max-width: 1280px) 100vw, 1280px\" \/><\/p>\n<p><strong><em>Resumo da novela \u201cCarinha De Anjo\u201d<\/em><\/strong> em 14\/07: no cap\u00edtulo 219(*) da novela, Vitor e Estef\u00e2nia fazem uma brincadeira para revelarem o sexo do beb\u00ea para a fam\u00edlia. O casal revela que Estef\u00e2nia est\u00e1 gr\u00e1vida de trig\u00eameos, duas meninas e um menino. Todos comemoram. Rog\u00e9rio e Cassandra conversam. O rapaz diz que a garota precisa parar de implicar com todos. Cassandra pede uma chance para Rog\u00e9rio. O rapaz diz que se ela parar de ter comportamentos de uma crian\u00e7a birrenta ele poder\u00e1 dar uma chance para os dois se conhecerem melhor. Haydee chora compulsivamente em casa ao acreditar que perdeu o amor de sua vida devido ao seu passado.<\/p>\n<p>Ap\u00f3s interferir na empresa, Leonardo diz para o Padre Gabriel e para Estef\u00e2nia que parte do conselho diretor da Rey Caf\u00e9 acha que Gustavo n\u00e3o deve voltar ao comando da empresa por enquanto. A Madre Superiora entrega para Fabiana o novo h\u00e1bito, de freira, que ela poder\u00e1 come\u00e7ar a usar a partir da missa do dia seguinte. Fabiana se emociona ao receber o h\u00e1bito e diz que a Madre \u00e9 sua maior inspira\u00e7\u00e3o. Madre revela ent\u00e3o que Fabiana lembra muito ela quando jovem, sempre lutando por aquilo que acredita. Solange e Cassandra descobrem que Estef\u00e2nia espera trig\u00eameos. Cassandra reclama e n\u00e3o comemora. <\/p>\n<p>(*) edi\u00e7\u00e3o das novelas do SBT, \u201cCarinha De Anjo\u201d, sujeito a altera\u00e7\u00e3o de data e conte\u00fado.<\/p>\n<p>Sinopse \u201cCarinha De Anjo\u201d: Dulce Maria \u00e9 uma menina doce, ing\u00eanua, inteligente e alegre de 5 anos de idade. \u00c9 brincalhona, aventureira e extremamente curiosa. Diverte a todos com seus coment\u00e1rios e perguntas indiscretas e surpreende com suas descobertas.<\/p>\n<p>Ela \u00e9 filha \u00fanica de Gustavo L\u00e1rios (Carlo Porto), bem-sucedido empres\u00e1rio da cafeicultura brasileira, e da mexicana Teresa Rezende L\u00e1rios (Lucero), m\u00e3e acolhedora de s\u00e1bios conselhos e voz ador\u00e1vel, que faleceu num acidente quando Dulce Maria tinha apenas 3 anos de idade. Traumatizado com a trag\u00e9dia, Gustavo deixou a filha no col\u00e9gio interno.<\/p>\n","protected":false},"excerpt":{"rendered":"<p>Resumo da novela \u201cCarinha De Anjo\u201d em 14\/07: no cap\u00edtulo 219(*) da novela, Vitor e Estef\u00e2nia fazem uma brincadeira para revelarem o sexo do beb\u00ea para a fam\u00edlia. O casal revela que Estef\u00e2nia est\u00e1 gr\u00e1vida de trig\u00eameos, duas meninas e um menino. Todos comemoram. Rog\u00e9rio e Cassandra conversam. O rapaz diz que a garota precisa [&hellip;]<\/p>\n","protected":false},"author":2,"featured_media":210453,"comment_status":"closed","ping_status":"closed","sticky":false,"template":"","format":"standard","meta":{"tdm_status":"","tdm_grid_status":"","footnotes":""},"categories":[452,379,2025,372,343],"tags":[441],"class_list":{"0":"post-221879","1":"post","2":"type-post","3":"status-publish","4":"format-standard","5":"has-post-thumbnail","7":"category-carinha-de-anjo","8":"category-novelas","9":"category-resumo","10":"category-sbt","11":"category-televisao","12":"tag-resumo-do-dia"},"_links":{"self":[{"href":"https:\/\/migracao.redenoticia.com.br\/noticia\/wp-json\/wp\/v2\/posts\/221879","targetHints":{"allow":["GET"]}}],"collection":[{"href":"https:\/\/migracao.redenoticia.com.br\/noticia\/wp-json\/wp\/v2\/posts"}],"about":[{"href":"https:\/\/migracao.redenoticia.com.br\/noticia\/wp-json\/wp\/v2\/types\/post"}],"author":[{"embeddable":true,"href":"https:\/\/migracao.redenoticia.com.br\/noticia\/wp-json\/wp\/v2\/users\/2"}],"replies":[{"embeddable":true,"href":"https:\/\/migracao.redenoticia.com.br\/noticia\/wp-json\/wp\/v2\/comments?post=221879"}],"version-history":[{"count":0,"href":"https:\/\/migracao.redenoticia.com.br\/noticia\/wp-json\/wp\/v2\/posts\/221879\/revisions"}],"wp:featuredmedia":[{"embeddable":true,"href":"https:\/\/migracao.redenoticia.com.br\/noticia\/wp-json\/wp\/v2\/media\/210453"}],"wp:attachment":[{"href":"https:\/\/migracao.redenoticia.com.br\/noticia\/wp-json\/wp\/v2\/media?parent=221879"}],"wp:term":[{"taxonomy":"category","embeddable":true,"href":"https:\/\/migracao.redenoticia.com.br\/noticia\/wp-json\/wp\/v2\/categories?post=221879"},{"taxonomy":"post_tag","embeddable":true,"href":"https:\/\/migracao.redenoticia.com.br\/noticia\/wp-json\/wp\/v2\/tags?post=221879"}],"curies":[{"name":"wp","href":"https:\/\/api.w.org\/{rel}","templated":true}]}}