{"id":221944,"date":"2022-07-14T22:25:25","date_gmt":"2022-07-15T01:25:25","guid":{"rendered":"https:\/\/www.redenoticia.com.br\/noticia\/?p=221944"},"modified":"2022-07-14T22:25:25","modified_gmt":"2022-07-15T01:25:25","slug":"resumo-carinha-de-anjo-15-07-adolfo-pede-perdao-para-gustavo","status":"publish","type":"post","link":"https:\/\/migracao.redenoticia.com.br\/noticia\/2022\/resumo-carinha-de-anjo-15-07-adolfo-pede-perdao-para-gustavo\/221944","title":{"rendered":"Resumo \u201cCarinha De Anjo\u201d 15\/07: Adolfo pede perd\u00e3o para Gustavo"},"content":{"rendered":"<p> <img loading=\"lazy\" decoding=\"async\" class=\"aligncenter size-full wp-image-210452\" src=\"https:\/\/migracao.redenoticia.com.br\/noticia\/imagens\/carinha-de-anjo-novela-sbt-elenco-infantil.jpeg\" alt=\"\" width=\"1280\" height=\"720\" srcset=\"https:\/\/migracao.redenoticia.com.br\/noticia\/imagens\/carinha-de-anjo-novela-sbt-elenco-infantil.jpeg 1280w, https:\/\/migracao.redenoticia.com.br\/noticia\/imagens\/carinha-de-anjo-novela-sbt-elenco-infantil-250x140.jpeg 250w, https:\/\/migracao.redenoticia.com.br\/noticia\/imagens\/carinha-de-anjo-novela-sbt-elenco-infantil-400x225.jpeg 400w, https:\/\/migracao.redenoticia.com.br\/noticia\/imagens\/carinha-de-anjo-novela-sbt-elenco-infantil-768x432.jpeg 768w, https:\/\/migracao.redenoticia.com.br\/noticia\/imagens\/carinha-de-anjo-novela-sbt-elenco-infantil-150x85.jpeg 150w\" sizes=\"auto, (max-width: 1280px) 100vw, 1280px\" \/><\/p>\n<p><strong><em>Resumo da novela \u201cCarinha De Anjo\u201d<\/em><\/strong> em 15\/07: no cap\u00edtulo 220(*) da novela, Padre Gabriel celebra a missa de comunh\u00e3o de Fabiana como novi\u00e7a. Todos os amigos participam da missa. O coral das irm\u00e3s canta na igreja a m\u00fasica \u201cJesus Cristo\u201d. Fabiana faz os votos de freira na igreja, j\u00e1 com o novo h\u00e1bito. Em seguida Fabiana canta para celebrar o que diz ser o momento mais feliz de sua vida. Gustavo volta para casa e \u00e9 recebido por Adolfo. O pai de Tereza diz para Gustavo que Dulce Maria lhe mostrou o quanto estava errado, tirando seu rancor e colocando no lugar amor.<\/p>\n<p>Adolfo pede perd\u00e3o para Gustavo, que se emociona e os dois se abra\u00e7am. Crist\u00f3v\u00e3o diz para Cec\u00edlia que n\u00e3o ir\u00e1 se cansar at\u00e9 provar quem \u00e9 o verdadeiro Gustavo. Cec\u00edlia pede desculpa ao advogado ao perceber que ele sempre esteve certo. Adolfo vai at\u00e9 o apartamento de Haydee, diz que os dois s\u00e3o parecidos e n\u00e3o deve ter sido ao acaso que se encontraram. A mulher afirma que Fl\u00e1vio est\u00e1 enlouquecendo como Nicole e n\u00e3o sabe do que ele \u00e9 capaz. Adolfo insiste em conversar em outro lugar. Juju e Em\u00edlio querem que a m\u00e3e aceite ser candidata a prefeita de Doce Horizonte.<\/p>\n<p>Adolfo revela para Haydee que quis destruir Gustavo, mas percebeu que estava errado. Rosana diz que aceita ser candidata, mas ainda tudo \u00e9 segredo. Adolfo v\u00ea as fotos que Cec\u00edlia havia recebido sobre Gustavo. As crian\u00e7as saem em um passeio escolar em um parque de divers\u00e3o infantil com as irm\u00e3s. Gustavo volta para a Rey Caf\u00e9 e fica nervoso ao saber que um concorrente visitou uma das fazendas da empresa. Ribeiro revela para Peixoto que o encontro que teve, h\u00e1 tempos, havia sido com Haydee. <\/p>\n<p>(*) edi\u00e7\u00e3o das novelas do SBT, \u201cCarinha De Anjo\u201d, sujeito a altera\u00e7\u00e3o de data e conte\u00fado.<\/p>\n<p>Sinopse \u201cCarinha De Anjo\u201d: Dulce Maria \u00e9 uma menina doce, ing\u00eanua, inteligente e alegre de 5 anos de idade. \u00c9 brincalhona, aventureira e extremamente curiosa. Diverte a todos com seus coment\u00e1rios e perguntas indiscretas e surpreende com suas descobertas.<\/p>\n<p>Ela \u00e9 filha \u00fanica de Gustavo L\u00e1rios (Carlo Porto), bem-sucedido empres\u00e1rio da cafeicultura brasileira, e da mexicana Teresa Rezende L\u00e1rios (Lucero), m\u00e3e acolhedora de s\u00e1bios conselhos e voz ador\u00e1vel, que faleceu num acidente quando Dulce Maria tinha apenas 3 anos de idade. Traumatizado com a trag\u00e9dia, Gustavo deixou a filha no col\u00e9gio interno.<\/p>\n","protected":false},"excerpt":{"rendered":"<p>Resumo da novela \u201cCarinha De Anjo\u201d em 15\/07: no cap\u00edtulo 220(*) da novela, Padre Gabriel celebra a missa de comunh\u00e3o de Fabiana como novi\u00e7a. Todos os amigos participam da missa. O coral das irm\u00e3s canta na igreja a m\u00fasica \u201cJesus Cristo\u201d. Fabiana faz os votos de freira na igreja, j\u00e1 com o novo h\u00e1bito. Em [&hellip;]<\/p>\n","protected":false},"author":2,"featured_media":210453,"comment_status":"closed","ping_status":"closed","sticky":false,"template":"","format":"standard","meta":{"tdm_status":"","tdm_grid_status":"","footnotes":""},"categories":[452,379,372,343],"tags":[441],"class_list":{"0":"post-221944","1":"post","2":"type-post","3":"status-publish","4":"format-standard","5":"has-post-thumbnail","7":"category-carinha-de-anjo","8":"category-novelas","9":"category-sbt","10":"category-televisao","11":"tag-resumo-do-dia"},"_links":{"self":[{"href":"https:\/\/migracao.redenoticia.com.br\/noticia\/wp-json\/wp\/v2\/posts\/221944","targetHints":{"allow":["GET"]}}],"collection":[{"href":"https:\/\/migracao.redenoticia.com.br\/noticia\/wp-json\/wp\/v2\/posts"}],"about":[{"href":"https:\/\/migracao.redenoticia.com.br\/noticia\/wp-json\/wp\/v2\/types\/post"}],"author":[{"embeddable":true,"href":"https:\/\/migracao.redenoticia.com.br\/noticia\/wp-json\/wp\/v2\/users\/2"}],"replies":[{"embeddable":true,"href":"https:\/\/migracao.redenoticia.com.br\/noticia\/wp-json\/wp\/v2\/comments?post=221944"}],"version-history":[{"count":0,"href":"https:\/\/migracao.redenoticia.com.br\/noticia\/wp-json\/wp\/v2\/posts\/221944\/revisions"}],"wp:featuredmedia":[{"embeddable":true,"href":"https:\/\/migracao.redenoticia.com.br\/noticia\/wp-json\/wp\/v2\/media\/210453"}],"wp:attachment":[{"href":"https:\/\/migracao.redenoticia.com.br\/noticia\/wp-json\/wp\/v2\/media?parent=221944"}],"wp:term":[{"taxonomy":"category","embeddable":true,"href":"https:\/\/migracao.redenoticia.com.br\/noticia\/wp-json\/wp\/v2\/categories?post=221944"},{"taxonomy":"post_tag","embeddable":true,"href":"https:\/\/migracao.redenoticia.com.br\/noticia\/wp-json\/wp\/v2\/tags?post=221944"}],"curies":[{"name":"wp","href":"https:\/\/api.w.org\/{rel}","templated":true}]}}