{"id":221958,"date":"2022-07-15T16:13:51","date_gmt":"2022-07-15T19:13:51","guid":{"rendered":"https:\/\/www.redenoticia.com.br\/noticia\/?p=221958"},"modified":"2022-07-15T16:13:51","modified_gmt":"2022-07-15T19:13:51","slug":"resumo-alem-da-ilusao-16-07-augusta-e-heloisa-ajudam-davi-a-se-esconder","status":"publish","type":"post","link":"https:\/\/migracao.redenoticia.com.br\/noticia\/2022\/resumo-alem-da-ilusao-16-07-augusta-e-heloisa-ajudam-davi-a-se-esconder\/221958","title":{"rendered":"Resumo &#8220;Al\u00e9m da Ilus\u00e3o&#8221; 16\/07: Augusta e Helo\u00edsa ajudam Davi a se esconder"},"content":{"rendered":"<p> <img loading=\"lazy\" decoding=\"async\" src=\"https:\/\/migracao.redenoticia.com.br\/noticia\/imagens\/resumo_alem_da_ilusao.jpg\" alt=\"\" width=\"1280\" height=\"720\" class=\"aligncenter size-full wp-image-215468\" srcset=\"https:\/\/migracao.redenoticia.com.br\/noticia\/imagens\/resumo_alem_da_ilusao.jpg 1280w, https:\/\/migracao.redenoticia.com.br\/noticia\/imagens\/resumo_alem_da_ilusao-250x140.jpg 250w, https:\/\/migracao.redenoticia.com.br\/noticia\/imagens\/resumo_alem_da_ilusao-400x225.jpg 400w, https:\/\/migracao.redenoticia.com.br\/noticia\/imagens\/resumo_alem_da_ilusao-768x432.jpg 768w, https:\/\/migracao.redenoticia.com.br\/noticia\/imagens\/resumo_alem_da_ilusao-150x85.jpg 150w\" sizes=\"auto, (max-width: 1280px) 100vw, 1280px\" \/><\/p>\n<p><strong><em>Resumo da novela &#8220;Al\u00e9m da Ilus\u00e3o&#8221;<\/em><\/strong> em16\/07: no cap\u00edtulo 138(*) da novela, Isadora acusa Davi de mentir para ela e afirma que o entregar\u00e1 \u00e0 pol\u00edcia. Helo\u00edsa consegue distrair Matias e revela a Eug\u00eanio e Violeta que Ben\u00ea sabe sobre os dois. Ol\u00edvia acode Matias. Isadora n\u00e3o consegue denunciar Davi. Augusta e Helo\u00edsa ajudam Davi a se esconder.<\/p>\n<p>Helo\u00edsa implora para que Ol\u00edvia se afaste de Matias. Augusta e Helo\u00edsa tentam convencer Isadora de que Davi est\u00e1 falando a verdade. Cipriano se declara para Giovanna e a beija. In\u00e1cio encontra a esmeralda, e Santa descobre uma ficha falsa no cassino. Isadora comprova que Joaquim sabia da verdadeira identidade de Davi.<\/p>\n<p>(*) edi\u00e7\u00e3o das novelas da Globo, &#8220;Al\u00e9m da Ilus\u00e3o&#8221;, sujeito a altera\u00e7\u00e3o de data e conte\u00fado.<\/p>\n<p>Sinopse &#8220;Al\u00e9m da Ilus\u00e3o&#8221;: Em 1930, Po\u00e7os de Caldas, a ing\u00eanua Elisa, filha dos ricos Matias e Violeta, se apaixona por Davi, um m\u00e1gico de circo que sonha em se tornar um grande ilusionista. Sem aprovar o romance, Matias manda matar Davi, mas a filha acaba morrendo acidentalmente e o m\u00e1gico \u00e9 condenado \u00e0 20 anos de pris\u00e3o por um assassinato que n\u00e3o cometeu.<\/p>\n<p>Dez anos depois, a fam\u00edlia vive em Campos dos Goytacazes, onde Matias se tornou um homem amargurado e psicologicamente inst\u00e1vel, enquanto Violeta se tornou uma mulher forte e s\u00f3cia de Eug\u00eanio na Tecelagem Tropical, com quem passa a viver um romance proibido para despeito da ambiciosa \u00darsula, que sempre foi rejeitada pelo vi\u00favo e arma para a rival.<\/p>\n","protected":false},"excerpt":{"rendered":"<p>Resumo da novela &#8220;Al\u00e9m da Ilus\u00e3o&#8221; em16\/07: no cap\u00edtulo 138(*) da novela, Isadora acusa Davi de mentir para ela e afirma que o entregar\u00e1 \u00e0 pol\u00edcia. Helo\u00edsa consegue distrair Matias e revela a Eug\u00eanio e Violeta que Ben\u00ea sabe sobre os dois. Ol\u00edvia acode Matias. Isadora n\u00e3o consegue denunciar Davi. Augusta e Helo\u00edsa ajudam Davi [&hellip;]<\/p>\n","protected":false},"author":2,"featured_media":215469,"comment_status":"closed","ping_status":"closed","sticky":false,"template":"","format":"standard","meta":{"tdm_status":"","tdm_grid_status":"","footnotes":""},"categories":[2235,379,375,2025,343],"tags":[441],"class_list":{"0":"post-221958","1":"post","2":"type-post","3":"status-publish","4":"format-standard","5":"has-post-thumbnail","7":"category-alem-da-ilusao","8":"category-novelas","9":"category-rede-globo","10":"category-resumo","11":"category-televisao","12":"tag-resumo-do-dia"},"_links":{"self":[{"href":"https:\/\/migracao.redenoticia.com.br\/noticia\/wp-json\/wp\/v2\/posts\/221958","targetHints":{"allow":["GET"]}}],"collection":[{"href":"https:\/\/migracao.redenoticia.com.br\/noticia\/wp-json\/wp\/v2\/posts"}],"about":[{"href":"https:\/\/migracao.redenoticia.com.br\/noticia\/wp-json\/wp\/v2\/types\/post"}],"author":[{"embeddable":true,"href":"https:\/\/migracao.redenoticia.com.br\/noticia\/wp-json\/wp\/v2\/users\/2"}],"replies":[{"embeddable":true,"href":"https:\/\/migracao.redenoticia.com.br\/noticia\/wp-json\/wp\/v2\/comments?post=221958"}],"version-history":[{"count":0,"href":"https:\/\/migracao.redenoticia.com.br\/noticia\/wp-json\/wp\/v2\/posts\/221958\/revisions"}],"wp:featuredmedia":[{"embeddable":true,"href":"https:\/\/migracao.redenoticia.com.br\/noticia\/wp-json\/wp\/v2\/media\/215469"}],"wp:attachment":[{"href":"https:\/\/migracao.redenoticia.com.br\/noticia\/wp-json\/wp\/v2\/media?parent=221958"}],"wp:term":[{"taxonomy":"category","embeddable":true,"href":"https:\/\/migracao.redenoticia.com.br\/noticia\/wp-json\/wp\/v2\/categories?post=221958"},{"taxonomy":"post_tag","embeddable":true,"href":"https:\/\/migracao.redenoticia.com.br\/noticia\/wp-json\/wp\/v2\/tags?post=221958"}],"curies":[{"name":"wp","href":"https:\/\/api.w.org\/{rel}","templated":true}]}}